{"id":998,"date":"2025-07-19T10:24:46","date_gmt":"2025-07-19T14:24:46","guid":{"rendered":"https:\/\/quemcuidadocuidador.com.br\/?p=998"},"modified":"2025-07-19T10:24:47","modified_gmt":"2025-07-19T14:24:47","slug":"a-cidade-que-cuida-e-que-ainda-nao-elegemos","status":"publish","type":"post","link":"https:\/\/quemcuidadocuidador.com.br\/index.php\/2025\/07\/19\/a-cidade-que-cuida-e-que-ainda-nao-elegemos\/","title":{"rendered":"A Cidade que Cuida (e que ainda n\u00e3o elegemos)"},"content":{"rendered":"\n<p><em>A Cidade que cuida est\u00e1 no horizonte \u2014 basta olhar com aten\u00e7\u00e3o e caminhar com consci\u00eancia.<\/em><\/p>\n\n\n\n<p>Existe uma cidade onde o futuro chegou com os p\u00e9s descal\u00e7os e as m\u00e3os dadas.<br>Uma cidade onde todos querem morar \u2014<br>n\u00e3o por ser perfeita, mas por ser justa.<\/p>\n\n\n\n<p>Nessa cidade, as decis\u00f5es n\u00e3o servem a partidos, mas a pessoas.<br>S\u00e3o tomadas com o cora\u00e7\u00e3o atento,<br>por lideran\u00e7as que conhecem o ch\u00e3o que pisam \u2014<br>porque caminham com o povo, e n\u00e3o acima dele.<\/p>\n\n\n\n<p>Logo cedo, as escolas se abrem como bra\u00e7os.<br>Crian\u00e7as aprendem a ler o mundo com olhos curiosos<br>e alma respeitada.<br>Ali, quem ensina tem tempo, apoio e sal\u00e1rio digno \u2014<br>porque educar n\u00e3o \u00e9 favor: \u00e9 funda\u00e7\u00e3o.<\/p>\n\n\n\n<p>Nos postos de sa\u00fade, h\u00e1 mais escuta que pressa.<br>Cada pessoa \u00e9 vista inteira: corpo, mente, hist\u00f3ria.<br>A preven\u00e7\u00e3o caminha de casa em casa,<br>e o cuidado \u00e9 presen\u00e7a, n\u00e3o protocolo.<\/p>\n\n\n\n<p>As ruas s\u00e3o para gente.<br>H\u00e1 sombra, h\u00e1 bancos, h\u00e1 rampas, h\u00e1 flores.<br>Crian\u00e7as correm seguras,<br>idosos caminham com destino,<br>e ningu\u00e9m \u00e9 deixado para tr\u00e1s.<\/p>\n\n\n\n<p>Na Cidade que Cuida, o alimento \u00e9 sagrado.<br>Vem da terra pr\u00f3xima, cultivada com respeito.<br>H\u00e1 feiras cheias de cor,<br>cozinhas comunit\u00e1rias cheias de aroma,<br>e ningu\u00e9m dorme com fome.<\/p>\n\n\n\n<p>A cultura n\u00e3o pede permiss\u00e3o.<br>Ela pulsa nas esquinas,<br>canta nos coretos,<br>transforma muros em poemas \u2014<br>e a hist\u00f3ria em orgulho.<\/p>\n\n\n\n<p>As mulheres caminham sem medo.<br>Participam, decidem, criam.<br>S\u00e3o ouvidas nas reuni\u00f5es,<br>respeitadas nas escolhas,<br>amparadas nos ciclos.<\/p>\n\n\n\n<p>As pessoas com defici\u00eancia n\u00e3o precisam pedir acesso:<br>ele j\u00e1 est\u00e1 l\u00e1, previsto, garantido, assegurado.<\/p>\n\n\n\n<p>O trabalho \u00e9 justo.<br>Os cargos, ocupados por m\u00e9rito.<br>O descanso, valorizado.<br>E quando a dor chega \u2014 porque ela sempre chega \u2014<br>h\u00e1 amparo.<br>Ningu\u00e9m atravessa o luto ou a solid\u00e3o sozinha.<\/p>\n\n\n\n<p>Na Cidade que Cuida, o verbo principal \u00e9 <strong>conviver<\/strong>.<br>Os recursos s\u00e3o distribu\u00eddos com sabedoria.<br>Os cargos, com responsabilidade.<br>As decis\u00f5es, com o cuidado de quem prepara um lar:<br>pensando em todos, n\u00e3o apenas em aliados.<\/p>\n\n\n\n<p>Quem governa, serve com alegria.<br>Quem mora, participa com orgulho.<br>E assim, dia ap\u00f3s dia,<br>essa cidade vai crescendo \u2014<br>n\u00e3o em arranha-c\u00e9us,<br>mas em sentido.<\/p>\n\n\n\n<p>Voc\u00ea pode cham\u00e1-la de utopia.<br>Mas toda transforma\u00e7\u00e3o come\u00e7a com um del\u00edrio bem contado.<\/p>\n","protected":false},"excerpt":{"rendered":"<p>A Cidade que cuida est\u00e1 no horizonte \u2014 basta olhar com aten\u00e7\u00e3o e caminhar com consci\u00eancia. Existe uma cidade onde o futuro chegou com os p\u00e9s descal\u00e7os e as m\u00e3os dadas.Uma cidade onde todos querem morar \u2014n\u00e3o por ser perfeita, mas por ser justa. Nessa cidade, as decis\u00f5es n\u00e3o servem a partidos, mas a pessoas.S\u00e3o &hellip;<\/p>\n<p class=\"read-more\"> <a class=\"\" href=\"https:\/\/quemcuidadocuidador.com.br\/index.php\/2025\/07\/19\/a-cidade-que-cuida-e-que-ainda-nao-elegemos\/\"> <span class=\"screen-reader-text\">A Cidade que Cuida (e que ainda n\u00e3o elegemos)<\/span> Leia mais &raquo;<\/a><\/p>\n","protected":false},"author":2,"featured_media":999,"comment_status":"open","ping_status":"open","sticky":false,"template":"","format":"standard","meta":{"om_disable_all_campaigns":false,"_monsterinsights_skip_tracking":false,"_monsterinsights_sitenote_active":false,"_monsterinsights_sitenote_note":"","_monsterinsights_sitenote_category":0,"site-sidebar-layout":"","site-content-layout":"","ast-main-header-display":"","ast-hfb-above-header-display":"","ast-hfb-below-header-display":"","ast-hfb-mobile-header-display":"","site-post-title":"","ast-breadcrumbs-content":"","ast-featured-img":"","footer-sml-layout":"","theme-transparent-header-meta":"","adv-header-id-meta":"","stick-header-meta":"","header-above-stick-meta":"","header-main-stick-meta":"","header-below-stick-meta":""},"categories":[5],"tags":[],"uagb_featured_image_src":{"full":["https:\/\/quemcuidadocuidador.com.br\/wp-content\/uploads\/2025\/07\/WhatsApp-Image-2025-07-19-at-10.03.21.jpeg",1200,1600,false],"thumbnail":["https:\/\/quemcuidadocuidador.com.br\/wp-content\/uploads\/2025\/07\/WhatsApp-Image-2025-07-19-at-10.03.21-150x150.jpeg",150,150,true],"medium":["https:\/\/quemcuidadocuidador.com.br\/wp-content\/uploads\/2025\/07\/WhatsApp-Image-2025-07-19-at-10.03.21-225x300.jpeg",225,300,true],"medium_large":["https:\/\/quemcuidadocuidador.com.br\/wp-content\/uploads\/2025\/07\/WhatsApp-Image-2025-07-19-at-10.03.21-768x1024.jpeg",768,1024,true],"large":["https:\/\/quemcuidadocuidador.com.br\/wp-content\/uploads\/2025\/07\/WhatsApp-Image-2025-07-19-at-10.03.21-768x1024.jpeg",768,1024,true],"1536x1536":["https:\/\/quemcuidadocuidador.com.br\/wp-content\/uploads\/2025\/07\/WhatsApp-Image-2025-07-19-at-10.03.21-1152x1536.jpeg",1152,1536,true],"2048x2048":["https:\/\/quemcuidadocuidador.com.br\/wp-content\/uploads\/2025\/07\/WhatsApp-Image-2025-07-19-at-10.03.21.jpeg",1200,1600,false]},"uagb_author_info":{"display_name":"Cicera A Feitosa","author_link":"https:\/\/quemcuidadocuidador.com.br\/index.php\/author\/cicera\/"},"uagb_comment_info":3,"uagb_excerpt":"A Cidade que cuida est\u00e1 no horizonte \u2014 basta olhar com aten\u00e7\u00e3o e caminhar com consci\u00eancia. Existe uma cidade onde o futuro chegou com os p\u00e9s descal\u00e7os e as m\u00e3os dadas.Uma cidade onde todos querem morar \u2014n\u00e3o por ser perfeita, mas por ser justa. Nessa cidade, as decis\u00f5es n\u00e3o servem a partidos, mas a pessoas.S\u00e3o&hellip;","_links":{"self":[{"href":"https:\/\/quemcuidadocuidador.com.br\/index.php\/wp-json\/wp\/v2\/posts\/998"}],"collection":[{"href":"https:\/\/quemcuidadocuidador.com.br\/index.php\/wp-json\/wp\/v2\/posts"}],"about":[{"href":"https:\/\/quemcuidadocuidador.com.br\/index.php\/wp-json\/wp\/v2\/types\/post"}],"author":[{"embeddable":true,"href":"https:\/\/quemcuidadocuidador.com.br\/index.php\/wp-json\/wp\/v2\/users\/2"}],"replies":[{"embeddable":true,"href":"https:\/\/quemcuidadocuidador.com.br\/index.php\/wp-json\/wp\/v2\/comments?post=998"}],"version-history":[{"count":1,"href":"https:\/\/quemcuidadocuidador.com.br\/index.php\/wp-json\/wp\/v2\/posts\/998\/revisions"}],"predecessor-version":[{"id":1000,"href":"https:\/\/quemcuidadocuidador.com.br\/index.php\/wp-json\/wp\/v2\/posts\/998\/revisions\/1000"}],"wp:featuredmedia":[{"embeddable":true,"href":"https:\/\/quemcuidadocuidador.com.br\/index.php\/wp-json\/wp\/v2\/media\/999"}],"wp:attachment":[{"href":"https:\/\/quemcuidadocuidador.com.br\/index.php\/wp-json\/wp\/v2\/media?parent=998"}],"wp:term":[{"taxonomy":"category","embeddable":true,"href":"https:\/\/quemcuidadocuidador.com.br\/index.php\/wp-json\/wp\/v2\/categories?post=998"},{"taxonomy":"post_tag","embeddable":true,"href":"https:\/\/quemcuidadocuidador.com.br\/index.php\/wp-json\/wp\/v2\/tags?post=998"}],"curies":[{"name":"wp","href":"https:\/\/api.w.org\/{rel}","templated":true}]}}