{"id":995,"date":"2025-07-12T13:36:11","date_gmt":"2025-07-12T17:36:11","guid":{"rendered":"https:\/\/quemcuidadocuidador.com.br\/?p=995"},"modified":"2025-07-12T13:36:12","modified_gmt":"2025-07-12T17:36:12","slug":"os-sete-que-habitam-em-nos","status":"publish","type":"post","link":"https:\/\/quemcuidadocuidador.com.br\/index.php\/2025\/07\/12\/os-sete-que-habitam-em-nos\/","title":{"rendered":"Os Sete que Habitam em N\u00f3s"},"content":{"rendered":"\n<p>Dizem que os sete pecados s\u00e3o fraquezas.<br>Eu discordo.<br>Eles s\u00e3o sintomas \u2014 sinais de que algo em n\u00f3s est\u00e1 pedindo escuta.<\/p>\n\n\n\n<p>Durante anos, confundi amor com sacrif\u00edcio.<br>Acreditei que cuidar dos outros exigia esquecer de mim.<br>Ser forte, para mim, era n\u00e3o parar nunca.<\/p>\n\n\n\n<p>At\u00e9 que o corpo travou.<br>Num dia qualquer, n\u00e3o consegui sair da cama.<br>Chorei no mercado, sem motivo.<br>Pedir ajuda foi a \u00fanica coisa que consegui fazer \u2014 e, ao mesmo tempo, a mais dif\u00edcil.<\/p>\n\n\n\n<p>Foi a\u00ed que compreendi:<br><strong>o maior cuidado \u00e9 aquele que se oferece a si mesma<\/strong>.<br>E esse cuidado come\u00e7a com consci\u00eancia \u2014 n\u00e3o com f\u00f3rmulas, n\u00e3o com culpa, n\u00e3o com exig\u00eancia.<\/p>\n\n\n\n<p>Mas como cuidar de si quando o que sentimos \u00e9 raiva, culpa, apatia?<\/p>\n\n\n\n<p>Foi ent\u00e3o que percebi:<br><strong>ganhar consci\u00eancia \u00e9, tamb\u00e9m, uma forma de cuidar<\/strong>.<\/p>\n\n\n\n<p><strong>Os sete que habitam<\/strong><\/p>\n\n\n\n<p>Os pecados capitais \u2014 esses nomes antigos, duros, cheios de culpa \u2014 escondem dores humanas.<br>Pedidos silenciosos. Verdades encobertas. Veja s\u00f3:<\/p>\n\n\n\n<ul><li><strong>Gula<\/strong>: mais do que excesso \u2014 uma fome de colo, de presen\u00e7a.<\/li><li><strong>Avareza<\/strong>: n\u00e3o apego \u2014 medo de perder o que nunca se teve inteiro.<\/li><li><strong>Lux\u00faria<\/strong>: n\u00e3o devassid\u00e3o \u2014 um desejo de toque, com medo do julgamento.<\/li><li><strong>Ira<\/strong>: n\u00e3o f\u00faria vazia \u2014 um grito preso por anos.<\/li><li><strong>Inveja<\/strong>: n\u00e3o feiura \u2014 apenas um espelho emba\u00e7ado, no qual deixamos de nos reconhecer.<\/li><li><strong>Pregui\u00e7a<\/strong>: n\u00e3o falta de vontade \u2014 um corpo exausto que s\u00f3 quer repouso.<\/li><li><strong>Soberba<\/strong>: n\u00e3o arrog\u00e2ncia \u2014 uma armadura brilhante que encobre feridas mal cicatrizadas.<\/li><\/ul>\n\n\n\n<p>Esses sete n\u00e3o s\u00e3o falhas. S\u00e3o camadas. Hist\u00f3rias n\u00e3o contadas. Desejos engolidos.<br>E todos pedem o mesmo: <strong>olhar mais terno, escuta mais honesta, cuidado que come\u00e7a por dentro<\/strong>.<\/p>\n\n\n\n<p><strong>Reconhecer \u00e9 cuidar<\/strong><\/p>\n\n\n\n<p>Nomear essas sombras n\u00e3o nos faz pecadoras.<br>Nos torna l\u00facidas.<br>E <strong>quem v\u00ea com lucidez pode escolher com liberdade<\/strong>.<\/p>\n\n\n\n<p>Cuidar n\u00e3o \u00e9 mais um dever.<br>\u00c9 um gesto de presen\u00e7a.<br>Um recome\u00e7o \u00edntimo.<\/p>\n\n\n\n<p><strong>Travessia poss\u00edvel<\/strong><\/p>\n\n\n\n<p>Este texto \u00e9 o in\u00edcio de um caminho \u2014 que talvez vire livro.<br>Por enquanto, \u00e9 s\u00f3 um convite.<\/p>\n\n\n\n<p>Se tu tamb\u00e9m sentes esses sete a sussurrar dentro, escuta.<br>N\u00e3o com culpa.<br>Com carinho. Com coragem. Com consci\u00eancia.<\/p>\n\n\n\n<p><em>Quais desses sete tamb\u00e9m te habitam?<\/em><br><em>E o que eles est\u00e3o tentando dizer?<\/em><\/p>\n","protected":false},"excerpt":{"rendered":"<p>Dizem que os sete pecados s\u00e3o fraquezas.Eu discordo.Eles s\u00e3o sintomas \u2014 sinais de que algo em n\u00f3s est\u00e1 pedindo escuta. Durante anos, confundi amor com sacrif\u00edcio.Acreditei que cuidar dos outros exigia esquecer de mim.Ser forte, para mim, era n\u00e3o parar nunca. At\u00e9 que o corpo travou.Num dia qualquer, n\u00e3o consegui sair da cama.Chorei no mercado, &hellip;<\/p>\n<p class=\"read-more\"> <a class=\"\" href=\"https:\/\/quemcuidadocuidador.com.br\/index.php\/2025\/07\/12\/os-sete-que-habitam-em-nos\/\"> <span class=\"screen-reader-text\">Os Sete que Habitam em N\u00f3s<\/span> Leia mais &raquo;<\/a><\/p>\n","protected":false},"author":2,"featured_media":996,"comment_status":"open","ping_status":"open","sticky":false,"template":"","format":"standard","meta":{"om_disable_all_campaigns":false,"_monsterinsights_skip_tracking":false,"_monsterinsights_sitenote_active":false,"_monsterinsights_sitenote_note":"","_monsterinsights_sitenote_category":0,"site-sidebar-layout":"","site-content-layout":"","ast-main-header-display":"","ast-hfb-above-header-display":"","ast-hfb-below-header-display":"","ast-hfb-mobile-header-display":"","site-post-title":"","ast-breadcrumbs-content":"","ast-featured-img":"","footer-sml-layout":"","theme-transparent-header-meta":"","adv-header-id-meta":"","stick-header-meta":"","header-above-stick-meta":"","header-main-stick-meta":"","header-below-stick-meta":""},"categories":[5],"tags":[],"uagb_featured_image_src":{"full":["https:\/\/quemcuidadocuidador.com.br\/wp-content\/uploads\/2025\/07\/sete.png",1024,1536,false],"thumbnail":["https:\/\/quemcuidadocuidador.com.br\/wp-content\/uploads\/2025\/07\/sete-150x150.png",150,150,true],"medium":["https:\/\/quemcuidadocuidador.com.br\/wp-content\/uploads\/2025\/07\/sete-200x300.png",200,300,true],"medium_large":["https:\/\/quemcuidadocuidador.com.br\/wp-content\/uploads\/2025\/07\/sete-768x1152.png",768,1152,true],"large":["https:\/\/quemcuidadocuidador.com.br\/wp-content\/uploads\/2025\/07\/sete-683x1024.png",683,1024,true],"1536x1536":["https:\/\/quemcuidadocuidador.com.br\/wp-content\/uploads\/2025\/07\/sete.png",1024,1536,false],"2048x2048":["https:\/\/quemcuidadocuidador.com.br\/wp-content\/uploads\/2025\/07\/sete.png",1024,1536,false]},"uagb_author_info":{"display_name":"Cicera A Feitosa","author_link":"https:\/\/quemcuidadocuidador.com.br\/index.php\/author\/cicera\/"},"uagb_comment_info":1,"uagb_excerpt":"Dizem que os sete pecados s\u00e3o fraquezas.Eu discordo.Eles s\u00e3o sintomas \u2014 sinais de que algo em n\u00f3s est\u00e1 pedindo escuta. Durante anos, confundi amor com sacrif\u00edcio.Acreditei que cuidar dos outros exigia esquecer de mim.Ser forte, para mim, era n\u00e3o parar nunca. At\u00e9 que o corpo travou.Num dia qualquer, n\u00e3o consegui sair da cama.Chorei no mercado,&hellip;","_links":{"self":[{"href":"https:\/\/quemcuidadocuidador.com.br\/index.php\/wp-json\/wp\/v2\/posts\/995"}],"collection":[{"href":"https:\/\/quemcuidadocuidador.com.br\/index.php\/wp-json\/wp\/v2\/posts"}],"about":[{"href":"https:\/\/quemcuidadocuidador.com.br\/index.php\/wp-json\/wp\/v2\/types\/post"}],"author":[{"embeddable":true,"href":"https:\/\/quemcuidadocuidador.com.br\/index.php\/wp-json\/wp\/v2\/users\/2"}],"replies":[{"embeddable":true,"href":"https:\/\/quemcuidadocuidador.com.br\/index.php\/wp-json\/wp\/v2\/comments?post=995"}],"version-history":[{"count":1,"href":"https:\/\/quemcuidadocuidador.com.br\/index.php\/wp-json\/wp\/v2\/posts\/995\/revisions"}],"predecessor-version":[{"id":997,"href":"https:\/\/quemcuidadocuidador.com.br\/index.php\/wp-json\/wp\/v2\/posts\/995\/revisions\/997"}],"wp:featuredmedia":[{"embeddable":true,"href":"https:\/\/quemcuidadocuidador.com.br\/index.php\/wp-json\/wp\/v2\/media\/996"}],"wp:attachment":[{"href":"https:\/\/quemcuidadocuidador.com.br\/index.php\/wp-json\/wp\/v2\/media?parent=995"}],"wp:term":[{"taxonomy":"category","embeddable":true,"href":"https:\/\/quemcuidadocuidador.com.br\/index.php\/wp-json\/wp\/v2\/categories?post=995"},{"taxonomy":"post_tag","embeddable":true,"href":"https:\/\/quemcuidadocuidador.com.br\/index.php\/wp-json\/wp\/v2\/tags?post=995"}],"curies":[{"name":"wp","href":"https:\/\/api.w.org\/{rel}","templated":true}]}}