{"id":991,"date":"2025-07-05T08:14:55","date_gmt":"2025-07-05T12:14:55","guid":{"rendered":"https:\/\/quemcuidadocuidador.com.br\/?p=991"},"modified":"2025-07-05T08:14:56","modified_gmt":"2025-07-05T12:14:56","slug":"o-dia-em-que-o-corpo-ganhou-asas","status":"publish","type":"post","link":"https:\/\/quemcuidadocuidador.com.br\/index.php\/2025\/07\/05\/o-dia-em-que-o-corpo-ganhou-asas\/","title":{"rendered":"O Dia em Que o Corpo Ganhou Asas"},"content":{"rendered":"\n<p>No \u00faltimo final de semana, vivemos algo raro e precioso: acolhimento sem perguntas, sem diagn\u00f3sticos, sem r\u00f3tulos. Pedro foi tratado com humanidade, com liberdade e com espa\u00e7o para ser quem ele \u00e9. N\u00e3o houve \u201co que ele tem?\u201d, nem \u201cele pode isso?\u201d, nem olhares tortos. S\u00f3 cuidado genu\u00edno e afeto tranquilo.<\/p>\n\n\n\n<p>Isso\u2026 ainda \u00e9 exce\u00e7\u00e3o. Mas quando acontece, merece virar hist\u00f3ria.<\/p>\n\n\n\n<p>Alguns dias surpreendem a gente.<br>S\u00e3o aqueles em que o corpo, acostumado \u00e0s rotinas e aos limites invis\u00edveis, resolve se esticar um pouco mais\u2026<br>Se permitir um pouco mais\u2026<br>Passear, rir, vencer pequenas dist\u00e2ncias e acumular novas descobertas.<\/p>\n\n\n\n<p>No \u00faltimo final de semana, fomos convidados para uma festa junina numa fazenda linda, onde o tradicional e o moderno convivem em harmonia.<br>Um dia de reencontros: com a natureza, com a leveza e, principalmente, com a alegria de ver Pedro experimentando o mundo de um jeito novo.<\/p>\n\n\n\n<p>Ali, o corpo virou vento, correndo livre entre os campos.<br>Virou \u00e1gua, escorrendo f\u00e1cil pelos caminhos de terra e riso.<br>Virou raiz, fincando presen\u00e7a.<br>Virou asa, descobrindo novos voos.<br>E por alguns instantes\u2026<br>Virou sol, espalhando luz no rosto de quem assistia.<\/p>\n\n\n\n<p>Deixo aqui o poema que nasceu dessa experi\u00eancia.<br>Que ele nos lembre da import\u00e2ncia de permitir ao corpo \u2014 e \u00e0 vida \u2014 a chance de se integrar ao mundo\u2026<br>Como quem dan\u00e7a com o que existe.<\/p>\n\n\n\n<hr class=\"wp-block-separator\"\/>\n\n\n\n<p><strong>Corpo a Passear<\/strong><\/p>\n\n\n\n<p>Foi um fim de semana<br>em que o corpo desaprendeu o verbo parar.<\/p>\n\n\n\n<p>Ganhou asas sem ter penas,<br>p\u00e9s sem pressa,<br>e um sorriso quase campo aberto.<\/p>\n\n\n\n<p>Pedro, depois de uma d\u00e9cada,<br>subiu no cavalo<br>como quem vence n\u00e3o um obst\u00e1culo,<br>mas todos os &#8220;n\u00e3o sei se consigo&#8221;<br>guardados no peito.<\/p>\n\n\n\n<p>N\u00e3o precisou de cadeira,<br>nem de desculpas,<br>s\u00f3 de coragem<br>e um pouco de ch\u00e3o firme<br>pro salto.<\/p>\n\n\n\n<p>E quando o cavalo se moveu,<br>o mundo inteiro pareceu balan\u00e7ar junto,<br>num compasso que misturava<br>vento, riso e poeira feliz.<\/p>\n\n\n\n<p>Depois, veio o lago.<br>Turma animada,<br>vara na m\u00e3o,<br>e Pedro \u2014 o mais alto entre eles \u2014<br>desenhando com a cabe\u00e7a no horizonte<br>o primeiro feito da pescaria.<\/p>\n\n\n\n<p>Foi o primeiro a fisgar,<br>o primeiro a rir de boca cheia,<br>o primeiro a transformar a espera em hist\u00f3ria.<\/p>\n\n\n\n<p>E ent\u00e3o, como quem entende<br>que certos momentos j\u00e1 dizem tudo,<br>largou a vara<br>e foi deixar o corpo se espalhar de novo,<br>desta vez\u2026<br>de volta ao p\u00f4r do sol.<\/p>\n\n\n\n<p>Eu, com olhos de quem agradece,<br>sentei para ver o dourado abra\u00e7ar as \u00e1rvores,<br>o pasto,<br>os pav\u00f5es \u2014 at\u00e9 o branco,<br>que eu nem sabia que existia.<\/p>\n\n\n\n<p>E enquanto a noite chegava,<br>com sua fogueira,<br>o cheiro de man\u00e9 pelado no ar<br>e uma quadrilha meio torta, meio linda,<br>fiquei pensando:<\/p>\n\n\n\n<p>Quantas vezes na vida a gente esquece<br>que o corpo foi feito pra isso \u2014<br>pra esticar as asas,<br>vencer pequenas dist\u00e2ncias,<br>guardar lembran\u00e7as inesperadas,<br>rir em bingos despretensiosos<br>e, principalmente,<br>caber inteiro<br>em dias que valem a mem\u00f3ria.<\/p>\n\n\n\n<p>Obrigada, Rose.<br>Obrigada, Sandra e Marcos.<br>Por deixarem que, naquele peda\u00e7o de mundo,<br>Pedro passasse\u2026<br>Como quem passa um vento bom,<br>Como quem passa um sorriso<br>Onde antes s\u00f3 havia sil\u00eancio.<\/p>\n","protected":false},"excerpt":{"rendered":"<p>No \u00faltimo final de semana, vivemos algo raro e precioso: acolhimento sem perguntas, sem diagn\u00f3sticos, sem r\u00f3tulos. Pedro foi tratado com humanidade, com liberdade e com espa\u00e7o para ser quem ele \u00e9. N\u00e3o houve \u201co que ele tem?\u201d, nem \u201cele pode isso?\u201d, nem olhares tortos. S\u00f3 cuidado genu\u00edno e afeto tranquilo. Isso\u2026 ainda \u00e9 exce\u00e7\u00e3o. &hellip;<\/p>\n<p class=\"read-more\"> <a class=\"\" href=\"https:\/\/quemcuidadocuidador.com.br\/index.php\/2025\/07\/05\/o-dia-em-que-o-corpo-ganhou-asas\/\"> <span class=\"screen-reader-text\">O Dia em Que o Corpo Ganhou Asas<\/span> Leia mais &raquo;<\/a><\/p>\n","protected":false},"author":2,"featured_media":992,"comment_status":"open","ping_status":"open","sticky":false,"template":"","format":"standard","meta":{"om_disable_all_campaigns":false,"_monsterinsights_skip_tracking":false,"_monsterinsights_sitenote_active":false,"_monsterinsights_sitenote_note":"","_monsterinsights_sitenote_category":0,"site-sidebar-layout":"","site-content-layout":"","ast-main-header-display":"","ast-hfb-above-header-display":"","ast-hfb-below-header-display":"","ast-hfb-mobile-header-display":"","site-post-title":"","ast-breadcrumbs-content":"","ast-featured-img":"","footer-sml-layout":"","theme-transparent-header-meta":"","adv-header-id-meta":"","stick-header-meta":"","header-above-stick-meta":"","header-main-stick-meta":"","header-below-stick-meta":""},"categories":[5],"tags":[],"uagb_featured_image_src":{"full":["https:\/\/quemcuidadocuidador.com.br\/wp-content\/uploads\/2025\/07\/WhatsApp-Image-2025-07-05-at-06.48.02.jpeg",960,1280,false],"thumbnail":["https:\/\/quemcuidadocuidador.com.br\/wp-content\/uploads\/2025\/07\/WhatsApp-Image-2025-07-05-at-06.48.02-150x150.jpeg",150,150,true],"medium":["https:\/\/quemcuidadocuidador.com.br\/wp-content\/uploads\/2025\/07\/WhatsApp-Image-2025-07-05-at-06.48.02-225x300.jpeg",225,300,true],"medium_large":["https:\/\/quemcuidadocuidador.com.br\/wp-content\/uploads\/2025\/07\/WhatsApp-Image-2025-07-05-at-06.48.02-768x1024.jpeg",768,1024,true],"large":["https:\/\/quemcuidadocuidador.com.br\/wp-content\/uploads\/2025\/07\/WhatsApp-Image-2025-07-05-at-06.48.02-768x1024.jpeg",768,1024,true],"1536x1536":["https:\/\/quemcuidadocuidador.com.br\/wp-content\/uploads\/2025\/07\/WhatsApp-Image-2025-07-05-at-06.48.02.jpeg",960,1280,false],"2048x2048":["https:\/\/quemcuidadocuidador.com.br\/wp-content\/uploads\/2025\/07\/WhatsApp-Image-2025-07-05-at-06.48.02.jpeg",960,1280,false]},"uagb_author_info":{"display_name":"Cicera A Feitosa","author_link":"https:\/\/quemcuidadocuidador.com.br\/index.php\/author\/cicera\/"},"uagb_comment_info":6,"uagb_excerpt":"No \u00faltimo final de semana, vivemos algo raro e precioso: acolhimento sem perguntas, sem diagn\u00f3sticos, sem r\u00f3tulos. Pedro foi tratado com humanidade, com liberdade e com espa\u00e7o para ser quem ele \u00e9. N\u00e3o houve \u201co que ele tem?\u201d, nem \u201cele pode isso?\u201d, nem olhares tortos. S\u00f3 cuidado genu\u00edno e afeto tranquilo. Isso\u2026 ainda \u00e9 exce\u00e7\u00e3o.&hellip;","_links":{"self":[{"href":"https:\/\/quemcuidadocuidador.com.br\/index.php\/wp-json\/wp\/v2\/posts\/991"}],"collection":[{"href":"https:\/\/quemcuidadocuidador.com.br\/index.php\/wp-json\/wp\/v2\/posts"}],"about":[{"href":"https:\/\/quemcuidadocuidador.com.br\/index.php\/wp-json\/wp\/v2\/types\/post"}],"author":[{"embeddable":true,"href":"https:\/\/quemcuidadocuidador.com.br\/index.php\/wp-json\/wp\/v2\/users\/2"}],"replies":[{"embeddable":true,"href":"https:\/\/quemcuidadocuidador.com.br\/index.php\/wp-json\/wp\/v2\/comments?post=991"}],"version-history":[{"count":1,"href":"https:\/\/quemcuidadocuidador.com.br\/index.php\/wp-json\/wp\/v2\/posts\/991\/revisions"}],"predecessor-version":[{"id":993,"href":"https:\/\/quemcuidadocuidador.com.br\/index.php\/wp-json\/wp\/v2\/posts\/991\/revisions\/993"}],"wp:featuredmedia":[{"embeddable":true,"href":"https:\/\/quemcuidadocuidador.com.br\/index.php\/wp-json\/wp\/v2\/media\/992"}],"wp:attachment":[{"href":"https:\/\/quemcuidadocuidador.com.br\/index.php\/wp-json\/wp\/v2\/media?parent=991"}],"wp:term":[{"taxonomy":"category","embeddable":true,"href":"https:\/\/quemcuidadocuidador.com.br\/index.php\/wp-json\/wp\/v2\/categories?post=991"},{"taxonomy":"post_tag","embeddable":true,"href":"https:\/\/quemcuidadocuidador.com.br\/index.php\/wp-json\/wp\/v2\/tags?post=991"}],"curies":[{"name":"wp","href":"https:\/\/api.w.org\/{rel}","templated":true}]}}