{"id":988,"date":"2025-07-02T08:47:57","date_gmt":"2025-07-02T12:47:57","guid":{"rendered":"https:\/\/quemcuidadocuidador.com.br\/?p=988"},"modified":"2025-07-02T08:47:58","modified_gmt":"2025-07-02T12:47:58","slug":"audiencia-publica-vozes-que-rompem-o-silencio","status":"publish","type":"post","link":"https:\/\/quemcuidadocuidador.com.br\/index.php\/2025\/07\/02\/audiencia-publica-vozes-que-rompem-o-silencio\/","title":{"rendered":"Audi\u00eancia P\u00fablica: Vozes Que Rompem o Sil\u00eancio"},"content":{"rendered":"\n<p>C\u00e1ceres \u2013 MT, 27 de junho de 2025<\/p>\n\n\n\n<p>Naquela noite, n\u00e3o foi apenas mais uma reuni\u00e3o.<\/p>\n\n\n\n<p>Foi uma ocupa\u00e7\u00e3o. Um rompimento com o sil\u00eancio.<br>Um chamado para ver, ouvir e agir.<\/p>\n\n\n\n<p>A <strong>Audi\u00eancia P\u00fablica promovida pela Deputada Estadual professora Graciele e pelo Conselho Municipal da Pessoa com Defici\u00eancia<\/strong> foi muito mais que um ato formal: foi um <strong>grito coletivo por dignidade<\/strong>, por escuta verdadeira, por pol\u00edticas que toquem a vida real.<\/p>\n\n\n\n<p>Est\u00e1vamos l\u00e1 \u2014 m\u00e3es, filhos, cuidadores, pessoas com defici\u00eancia de todas as idades. E com a gente, <strong>a urg\u00eancia de existir com plenitude<\/strong>.<\/p>\n\n\n\n<p><strong>A presen\u00e7a que constr\u00f3i e a aus\u00eancia que fere<\/strong><\/p>\n\n\n\n<p>A mesa estava composta por vozes importantes:<br>A deputada estadual, Graciele representantes das secretarias de Educa\u00e7\u00e3o e Assist\u00eancia Social, a Defensoria P\u00fablica, a UNEMAT. Gente que ouviu com aten\u00e7\u00e3o e prometeu caminhar junto.<\/p>\n\n\n\n<p>Mas tamb\u00e9m houve aus\u00eancias.<br><strong>O presidente da C\u00e2mara Municipal e a Secretaria de Sa\u00fade n\u00e3o compareceram.<\/strong><br>E aqui, deixamos claro: <strong>quem se omite diante da dor tamb\u00e9m fala \u2014 e diz que n\u00e3o se importa.<\/strong><\/p>\n\n\n\n<p><strong>O que queremos \u2014 e o que exigimos<\/strong><\/p>\n\n\n\n<p>Apresentamos tr\u00eas demandas essenciais:<\/p>\n\n\n\n<ol type=\"1\"><li><strong>Um Censo Municipal da Pessoa com Defici\u00eancia<\/strong>.<br>Porque sem dados, continuamos invis\u00edveis.<\/li><li><strong>A convoca\u00e7\u00e3o de uma Confer\u00eancia Municipal<\/strong>.<br>Porque a cidade precisa parar para nos escutar de verdade.<\/li><li><strong>A cria\u00e7\u00e3o do Plano Municipal da Pessoa com Defici\u00eancia<\/strong>.<br>Com diretrizes reais para sa\u00fade, educa\u00e7\u00e3o, reabilita\u00e7\u00e3o, cultura, lazer e trabalho.<\/li><\/ol>\n\n\n\n<p>E ainda: <strong>a contrata\u00e7\u00e3o imediata de um int\u00e9rprete de Libras.<\/strong><br>Temos uma conselheira surda. Precisamos mais explicar?<\/p>\n\n\n\n<p><strong>Propostas que nascem da pele de quem vive<\/strong><\/p>\n\n\n\n<p>Propostas que emocionaram e reacenderam esperan\u00e7as:<\/p>\n\n\n\n<p>A primeira: um sonho surgido de um relato pessoal.<br>O diretor do IFMT, professor Reginaldo Medeiros, falou sobre a felicidade do irm\u00e3o ao ter contato com cavalos. Dali nasceu a ideia de um <strong>programa de equoterapia<\/strong>, dentro do pr\u00f3prio campus. Sonho? Sim. Mas com cheiro de ch\u00e3o poss\u00edvel.<\/p>\n\n\n\n<p>A professora Bet\u00e2nia, da Escola T\u00e9cnica, levantou a m\u00e3o e disse: \u201cConte com a gente.\u201d E assim, <strong>o futuro come\u00e7ou a se desenhar em rede<\/strong>.<\/p>\n\n\n\n<p>Ent\u00e3o percebi que aquele era o momento de compartilhar com todos um projeto-piloto que est\u00e1 sendo gestado a meses,<strong> para m\u00e3es at\u00edpicas e seus filhos<\/strong>, com forma\u00e7\u00e3o, acolhimento e escuta. Porque <strong>ningu\u00e9m cuida com leveza se n\u00e3o for tamb\u00e9m cuidado<\/strong>.<\/p>\n\n\n\n<p>Ambas as propostas foram <strong>abra\u00e7adas com emo\u00e7\u00e3o<\/strong>. &nbsp;<\/p>\n\n\n\n<p><strong>Do Conselho para o povo: seguimos juntos<\/strong><\/p>\n\n\n\n<p>O vice-prefeito Lu\u00eds Landim lembrou que a luta por uma rede de apoio \u00e9 de longa data.<\/p>\n\n\n\n<p>Propusemos a cria\u00e7\u00e3o de um <strong>Grupo Intersetorial Permanente<\/strong>.<br>Queremos garantir que tudo o que foi dito ali <strong>n\u00e3o fique no papel<\/strong>. Que vire a\u00e7\u00e3o, acompanhamento, resultado.<\/p>\n\n\n\n<p>E agora fazemos um convite especial: ao defensor p\u00fablico Ant\u00f4nio G\u00f3es de Ara\u00fajo.<br>Que, por seis anos, v\u00ea nossos direitos sendo rasgados.<br>&nbsp;\u201cJunte-se a n\u00f3s.\u201d<br>Porque <strong>cuidar de um filho com defici\u00eancia \u00e9 j\u00e1 carregar o mundo nas costas<\/strong>. E a gente precisa de m\u00e3os que n\u00e3o soltem no meio do caminho.<\/p>\n\n\n\n<p><strong>E para quem n\u00e3o foi?<\/strong><\/p>\n\n\n\n<p>Para os que estavam l\u00e1, foi um <strong>sopro de reconhecimento<\/strong>. E, esperan\u00e7a de que nossas solicita\u00e7\u00f5es chegue a Assembleia Legislativa<\/p>\n\n\n\n<p>Para os ausentes, um recado direto:<br><strong>A omiss\u00e3o tamb\u00e9m comunica.<\/strong><br>E hoje, comunicamos de volta:<br><strong>N\u00e3o vamos mais esperar em sil\u00eancio.<\/strong><\/p>\n\n\n\n<p>A luta \u00e9 nossa. O tempo \u00e9 agora.<br>E <strong>ningu\u00e9m mais fala por n\u00f3s \u2014 n\u00f3s falamos por n\u00f3s mesmos.<\/strong><\/p>\n","protected":false},"excerpt":{"rendered":"<p>C\u00e1ceres \u2013 MT, 27 de junho de 2025 Naquela noite, n\u00e3o foi apenas mais uma reuni\u00e3o. Foi uma ocupa\u00e7\u00e3o. Um rompimento com o sil\u00eancio.Um chamado para ver, ouvir e agir. A Audi\u00eancia P\u00fablica promovida pela Deputada Estadual professora Graciele e pelo Conselho Municipal da Pessoa com Defici\u00eancia foi muito mais que um ato formal: foi &hellip;<\/p>\n<p class=\"read-more\"> <a class=\"\" href=\"https:\/\/quemcuidadocuidador.com.br\/index.php\/2025\/07\/02\/audiencia-publica-vozes-que-rompem-o-silencio\/\"> <span class=\"screen-reader-text\">Audi\u00eancia P\u00fablica: Vozes Que Rompem o Sil\u00eancio<\/span> Leia mais &raquo;<\/a><\/p>\n","protected":false},"author":2,"featured_media":989,"comment_status":"open","ping_status":"open","sticky":false,"template":"","format":"standard","meta":{"om_disable_all_campaigns":false,"_monsterinsights_skip_tracking":false,"_monsterinsights_sitenote_active":false,"_monsterinsights_sitenote_note":"","_monsterinsights_sitenote_category":0,"site-sidebar-layout":"","site-content-layout":"","ast-main-header-display":"","ast-hfb-above-header-display":"","ast-hfb-below-header-display":"","ast-hfb-mobile-header-display":"","site-post-title":"","ast-breadcrumbs-content":"","ast-featured-img":"","footer-sml-layout":"","theme-transparent-header-meta":"","adv-header-id-meta":"","stick-header-meta":"","header-above-stick-meta":"","header-main-stick-meta":"","header-below-stick-meta":""},"categories":[5],"tags":[],"uagb_featured_image_src":{"full":["https:\/\/quemcuidadocuidador.com.br\/wp-content\/uploads\/2025\/07\/IMG_9600-scaled.jpg",2560,1707,false],"thumbnail":["https:\/\/quemcuidadocuidador.com.br\/wp-content\/uploads\/2025\/07\/IMG_9600-150x150.jpg",150,150,true],"medium":["https:\/\/quemcuidadocuidador.com.br\/wp-content\/uploads\/2025\/07\/IMG_9600-300x200.jpg",300,200,true],"medium_large":["https:\/\/quemcuidadocuidador.com.br\/wp-content\/uploads\/2025\/07\/IMG_9600-768x512.jpg",768,512,true],"large":["https:\/\/quemcuidadocuidador.com.br\/wp-content\/uploads\/2025\/07\/IMG_9600-1024x683.jpg",1024,683,true],"1536x1536":["https:\/\/quemcuidadocuidador.com.br\/wp-content\/uploads\/2025\/07\/IMG_9600-1536x1024.jpg",1536,1024,true],"2048x2048":["https:\/\/quemcuidadocuidador.com.br\/wp-content\/uploads\/2025\/07\/IMG_9600-2048x1365.jpg",2048,1365,true]},"uagb_author_info":{"display_name":"Cicera A Feitosa","author_link":"https:\/\/quemcuidadocuidador.com.br\/index.php\/author\/cicera\/"},"uagb_comment_info":0,"uagb_excerpt":"C\u00e1ceres \u2013 MT, 27 de junho de 2025 Naquela noite, n\u00e3o foi apenas mais uma reuni\u00e3o. Foi uma ocupa\u00e7\u00e3o. Um rompimento com o sil\u00eancio.Um chamado para ver, ouvir e agir. A Audi\u00eancia P\u00fablica promovida pela Deputada Estadual professora Graciele e pelo Conselho Municipal da Pessoa com Defici\u00eancia foi muito mais que um ato formal: foi&hellip;","_links":{"self":[{"href":"https:\/\/quemcuidadocuidador.com.br\/index.php\/wp-json\/wp\/v2\/posts\/988"}],"collection":[{"href":"https:\/\/quemcuidadocuidador.com.br\/index.php\/wp-json\/wp\/v2\/posts"}],"about":[{"href":"https:\/\/quemcuidadocuidador.com.br\/index.php\/wp-json\/wp\/v2\/types\/post"}],"author":[{"embeddable":true,"href":"https:\/\/quemcuidadocuidador.com.br\/index.php\/wp-json\/wp\/v2\/users\/2"}],"replies":[{"embeddable":true,"href":"https:\/\/quemcuidadocuidador.com.br\/index.php\/wp-json\/wp\/v2\/comments?post=988"}],"version-history":[{"count":1,"href":"https:\/\/quemcuidadocuidador.com.br\/index.php\/wp-json\/wp\/v2\/posts\/988\/revisions"}],"predecessor-version":[{"id":990,"href":"https:\/\/quemcuidadocuidador.com.br\/index.php\/wp-json\/wp\/v2\/posts\/988\/revisions\/990"}],"wp:featuredmedia":[{"embeddable":true,"href":"https:\/\/quemcuidadocuidador.com.br\/index.php\/wp-json\/wp\/v2\/media\/989"}],"wp:attachment":[{"href":"https:\/\/quemcuidadocuidador.com.br\/index.php\/wp-json\/wp\/v2\/media?parent=988"}],"wp:term":[{"taxonomy":"category","embeddable":true,"href":"https:\/\/quemcuidadocuidador.com.br\/index.php\/wp-json\/wp\/v2\/categories?post=988"},{"taxonomy":"post_tag","embeddable":true,"href":"https:\/\/quemcuidadocuidador.com.br\/index.php\/wp-json\/wp\/v2\/tags?post=988"}],"curies":[{"name":"wp","href":"https:\/\/api.w.org\/{rel}","templated":true}]}}