{"id":984,"date":"2025-06-25T05:50:53","date_gmt":"2025-06-25T09:50:53","guid":{"rendered":"https:\/\/quemcuidadocuidador.com.br\/?p=984"},"modified":"2025-06-25T05:50:54","modified_gmt":"2025-06-25T09:50:54","slug":"festival-paralimpico-onde-a-invisibilidade-da-uma-pausa","status":"publish","type":"post","link":"https:\/\/quemcuidadocuidador.com.br\/index.php\/2025\/06\/25\/festival-paralimpico-onde-a-invisibilidade-da-uma-pausa\/","title":{"rendered":"Festival Paral\u00edmpico: Onde a Invisibilidade D\u00e1 Uma Pausa"},"content":{"rendered":"\n<p>14 de junho de 2025. Foi dia de Festival Paral\u00edmpico.<br>Desta vez, maior. Mais cores. Mais gente. Mais vida.<\/p>\n\n\n\n<p>As barracas estavam espalhadas pelo espa\u00e7o, montadas com a ajuda do pessoal do Ex\u00e9rcito na v\u00e9spera. Cada uma, um ponto de acolhida, de est\u00edmulo, de encontro.<\/p>\n\n\n\n<p>O gin\u00e1sio pulsava: bola quicando, crian\u00e7as correndo, professores chamando os grupos, cheiro de alegria e de esfor\u00e7o coletivo. Quem conhece a realidade das crian\u00e7as no espectro sabe: um ambiente assim pode ser um desafio. Por isso, um cantinho mais tranquilo foi reservado do lado de fora. L\u00e1, os que precisavam de menos est\u00edmulo puderam respirar melhor.<\/p>\n\n\n\n<p>Pedro, como sempre, estava no meio da multid\u00e3o. Circulava entre os grupos, sorria para os professores, fazia amizade com os monitores, mas dificilmente parava tempo suficiente para concluir alguma atividade. Quando o vi filmando os colegas com o celular, pensei: \u201cPronto, hoje ele n\u00e3o participou de nada.\u201d<\/p>\n\n\n\n<p>Mas a vida gosta de surpreender. No fim da tarde, recebi um v\u00eddeo da professora Katiane. L\u00e1 estava Pedro, jogando bola. E detalhe: ele mesmo pediu para ser filmado. Quis registrar o momento. Talvez para se ver depois, talvez para provar a si mesmo que estava ali, parte da festa.<\/p>\n\n\n\n<p>O que mais me marcou neste festival?<br>Ver tantos rostos novos.<br>Ver crian\u00e7as t\u00edpicas e at\u00edpicas compartilhando o mesmo espa\u00e7o, com naturalidade.<br>Ver m\u00e3es e pais sentirem os filhos inclu\u00eddos.<br>Ver choro&#8230; de frustra\u00e7\u00e3o boa, de querer mais.<br>O filho de uma amiga chorou porque achou que o evento tinha terminado antes de ele conseguir fazer tudo. Quem \u00e9 m\u00e3e at\u00edpica entende: aquele choro era desejo de viver o que sempre \u00e9 negado.<\/p>\n\n\n\n<p>Como sempre, observei os detalhes:<br>As conversas entre m\u00e3es.<br>Os olhares de al\u00edvio.<br>Os sorrisos c\u00famplices.<br>Aquele respirar coletivo de quem, por algumas horas, deixou a invisibilidade de lado.<\/p>\n\n\n\n<p>Tenho certeza: o Festival Paral\u00edmpico agora faz parte do calend\u00e1rio afetivo e social da cidade.<\/p>\n\n\n\n<p>A Secretaria de Educa\u00e7\u00e3o estava l\u00e1, ela \u00e9 parceira no transporte.<\/p>\n\n\n\n<p>Mas, como cidad\u00e3 e m\u00e3e at\u00edpica, preciso dizer:<br>Senti falta dos vereadores.<br>C\u00e1ceres tem muitos m\u00e3es e pais at\u00edpicos.<br>E, todos n\u00f3s votamos. Nossas fam\u00edlias tamb\u00e9m.<\/p>\n\n\n\n<p>Meu agradecimento \u00e0 equipe do Paral\u00edmpico. Organizar um evento desse porte n\u00e3o \u00e9 f\u00e1cil. E mesmo assim, cada um de voc\u00eas foi gentil, dispon\u00edvel e atencioso com nossos filhos \u2014 e conosco.<\/p>\n\n\n\n<p>O que voc\u00eas constroem ali \u00e9 mais do que um evento. \u00c9 um espa\u00e7o de pertencimento e sonho.<\/p>\n\n\n\n<p>O de Pedro \u2014 ele repete sempre que encontra o professor Emanoel em qualquer canto da cidade:<\/p>\n\n\n\n<p><strong>\u201cQuero viajar com a turma para competir em outra cidade.\u201d<\/strong><\/p>\n\n\n\n<p><strong>E voc\u00ea?<\/strong><strong><br><\/strong><strong>Vai estar no pr\u00f3ximo festival para aplaudir?<\/strong><strong><br><br><\/strong><\/p>\n","protected":false},"excerpt":{"rendered":"<p>14 de junho de 2025. Foi dia de Festival Paral\u00edmpico.Desta vez, maior. Mais cores. Mais gente. Mais vida. As barracas estavam espalhadas pelo espa\u00e7o, montadas com a ajuda do pessoal do Ex\u00e9rcito na v\u00e9spera. Cada uma, um ponto de acolhida, de est\u00edmulo, de encontro. O gin\u00e1sio pulsava: bola quicando, crian\u00e7as correndo, professores chamando os grupos, &hellip;<\/p>\n<p class=\"read-more\"> <a class=\"\" href=\"https:\/\/quemcuidadocuidador.com.br\/index.php\/2025\/06\/25\/festival-paralimpico-onde-a-invisibilidade-da-uma-pausa\/\"> <span class=\"screen-reader-text\">Festival Paral\u00edmpico: Onde a Invisibilidade D\u00e1 Uma Pausa<\/span> Leia mais &raquo;<\/a><\/p>\n","protected":false},"author":2,"featured_media":985,"comment_status":"open","ping_status":"open","sticky":false,"template":"","format":"standard","meta":{"om_disable_all_campaigns":false,"_monsterinsights_skip_tracking":false,"_monsterinsights_sitenote_active":false,"_monsterinsights_sitenote_note":"","_monsterinsights_sitenote_category":0,"site-sidebar-layout":"","site-content-layout":"","ast-main-header-display":"","ast-hfb-above-header-display":"","ast-hfb-below-header-display":"","ast-hfb-mobile-header-display":"","site-post-title":"","ast-breadcrumbs-content":"","ast-featured-img":"","footer-sml-layout":"","theme-transparent-header-meta":"","adv-header-id-meta":"","stick-header-meta":"","header-above-stick-meta":"","header-main-stick-meta":"","header-below-stick-meta":""},"categories":[5],"tags":[],"uagb_featured_image_src":{"full":["https:\/\/quemcuidadocuidador.com.br\/wp-content\/uploads\/2025\/06\/WhatsApp-Image-2025-06-25-at-05.45.51.jpeg",2560,1706,false],"thumbnail":["https:\/\/quemcuidadocuidador.com.br\/wp-content\/uploads\/2025\/06\/WhatsApp-Image-2025-06-25-at-05.45.51-150x150.jpeg",150,150,true],"medium":["https:\/\/quemcuidadocuidador.com.br\/wp-content\/uploads\/2025\/06\/WhatsApp-Image-2025-06-25-at-05.45.51-300x200.jpeg",300,200,true],"medium_large":["https:\/\/quemcuidadocuidador.com.br\/wp-content\/uploads\/2025\/06\/WhatsApp-Image-2025-06-25-at-05.45.51-768x512.jpeg",768,512,true],"large":["https:\/\/quemcuidadocuidador.com.br\/wp-content\/uploads\/2025\/06\/WhatsApp-Image-2025-06-25-at-05.45.51-1024x682.jpeg",1024,682,true],"1536x1536":["https:\/\/quemcuidadocuidador.com.br\/wp-content\/uploads\/2025\/06\/WhatsApp-Image-2025-06-25-at-05.45.51-1536x1024.jpeg",1536,1024,true],"2048x2048":["https:\/\/quemcuidadocuidador.com.br\/wp-content\/uploads\/2025\/06\/WhatsApp-Image-2025-06-25-at-05.45.51-2048x1365.jpeg",2048,1365,true]},"uagb_author_info":{"display_name":"Cicera A Feitosa","author_link":"https:\/\/quemcuidadocuidador.com.br\/index.php\/author\/cicera\/"},"uagb_comment_info":0,"uagb_excerpt":"14 de junho de 2025. Foi dia de Festival Paral\u00edmpico.Desta vez, maior. Mais cores. Mais gente. Mais vida. As barracas estavam espalhadas pelo espa\u00e7o, montadas com a ajuda do pessoal do Ex\u00e9rcito na v\u00e9spera. Cada uma, um ponto de acolhida, de est\u00edmulo, de encontro. O gin\u00e1sio pulsava: bola quicando, crian\u00e7as correndo, professores chamando os grupos,&hellip;","_links":{"self":[{"href":"https:\/\/quemcuidadocuidador.com.br\/index.php\/wp-json\/wp\/v2\/posts\/984"}],"collection":[{"href":"https:\/\/quemcuidadocuidador.com.br\/index.php\/wp-json\/wp\/v2\/posts"}],"about":[{"href":"https:\/\/quemcuidadocuidador.com.br\/index.php\/wp-json\/wp\/v2\/types\/post"}],"author":[{"embeddable":true,"href":"https:\/\/quemcuidadocuidador.com.br\/index.php\/wp-json\/wp\/v2\/users\/2"}],"replies":[{"embeddable":true,"href":"https:\/\/quemcuidadocuidador.com.br\/index.php\/wp-json\/wp\/v2\/comments?post=984"}],"version-history":[{"count":1,"href":"https:\/\/quemcuidadocuidador.com.br\/index.php\/wp-json\/wp\/v2\/posts\/984\/revisions"}],"predecessor-version":[{"id":986,"href":"https:\/\/quemcuidadocuidador.com.br\/index.php\/wp-json\/wp\/v2\/posts\/984\/revisions\/986"}],"wp:featuredmedia":[{"embeddable":true,"href":"https:\/\/quemcuidadocuidador.com.br\/index.php\/wp-json\/wp\/v2\/media\/985"}],"wp:attachment":[{"href":"https:\/\/quemcuidadocuidador.com.br\/index.php\/wp-json\/wp\/v2\/media?parent=984"}],"wp:term":[{"taxonomy":"category","embeddable":true,"href":"https:\/\/quemcuidadocuidador.com.br\/index.php\/wp-json\/wp\/v2\/categories?post=984"},{"taxonomy":"post_tag","embeddable":true,"href":"https:\/\/quemcuidadocuidador.com.br\/index.php\/wp-json\/wp\/v2\/tags?post=984"}],"curies":[{"name":"wp","href":"https:\/\/api.w.org\/{rel}","templated":true}]}}