{"id":981,"date":"2025-06-21T14:24:29","date_gmt":"2025-06-21T18:24:29","guid":{"rendered":"https:\/\/quemcuidadocuidador.com.br\/?p=981"},"modified":"2025-06-21T14:24:30","modified_gmt":"2025-06-21T18:24:30","slug":"cinco-mulheres-e-uma-noite-de-permanencia","status":"publish","type":"post","link":"https:\/\/quemcuidadocuidador.com.br\/index.php\/2025\/06\/21\/cinco-mulheres-e-uma-noite-de-permanencia\/","title":{"rendered":"Cinco Mulheres e Uma Noite de Perman\u00eancia"},"content":{"rendered":"\n<p>Na \u00faltima quarta-feira, me tornei imortal.<br>N\u00e3o no sentido grandioso da palavra, mas no mais bonito e humano: permanecer nas hist\u00f3rias, nas palavras e na cultura que a gente ajuda a construir.<\/p>\n\n\n\n<p>Foi minha posse na <strong>Academia Litero-Cultural Pantaneira de Pocon\u00e9 \u2013 ACADEPAN<\/strong>. Uma noite que ficar\u00e1 guardada entre as mem\u00f3rias mais queridas.<\/p>\n\n\n\n<p>E o mais bonito: eu n\u00e3o estava sozinha.<br>Na mesma noite, outras quatro mulheres tomaram posse.<br>Cinco mulheres. Cinco hist\u00f3rias. Cinco formas de olhar o mundo e de tecer sentimentos.<br>Dividir esse momento com elas foi um presente.<\/p>\n\n\n\n<p>Senti falta da minha madrinha Maria Madalena, mas ela foi muito bem representada pela professora Zita.<\/p>\n\n\n\n<p>O presidente da Academia, Fernando, destacou a for\u00e7a daquele momento: cinco novas vozes, cinco novos caminhos, ampliando o coro de quem constr\u00f3i cultura no Pantanal.<\/p>\n\n\n\n<p>Walney Rosa, um dos fundadores, lembrou o marco: com aquelas posses, a ACADEPAN chegava a 40 cadeiras ocupadas. Um n\u00famero que simboliza a consolida\u00e7\u00e3o e o crescimento dessa institui\u00e7\u00e3o que abra\u00e7a tantas formas de express\u00e3o.<\/p>\n\n\n\n<p>A ACADEPAN tem essa beleza: <strong>ela abra\u00e7a todas as formas de cultura<\/strong>. Ali, cada cadeira \u00e9 ocupada por algu\u00e9m que carrega um pouco do Pantanal dentro de si, de um jeito \u00fanico e verdadeiro.<\/p>\n\n\n\n<p>E, para minha alegria, tive ao meu lado pessoas muito especiais.<\/p>\n\n\n\n<p><strong>Maria de Lourdes<\/strong>, com sua generosidade que sempre chega junto nos momentos importantes.<br><strong>Kelem<\/strong>, minha amiga de inf\u00e2ncia, que conhece as estradas e atalhos da minha vida como poucas pessoas.<br><strong>Paulo<\/strong>, que \u00e9 a gentileza em forma de gente, sempre com um sorriso pronto e um cuidado genu\u00edno com todos ao redor.<\/p>\n\n\n\n<p>E, claro\u2026 <strong>Pedro Henrique<\/strong>, meu filho.<br>Ele, com sua bravura discreta, atravessou o tempo longo da cerim\u00f4nia com uma paci\u00eancia que s\u00f3 ele tem. Um gesto de amor silencioso que guardo com ternura.<\/p>\n\n\n\n<p>Naquela noite, enquanto recebia o diploma, senti o peso e a leveza desse compromisso. O que tenho para oferecer \u00e0 Academia \u00e9 o que sempre tive de mais verdadeiro: <strong>minha escrita<\/strong>.<\/p>\n\n\n\n<p>Que ela sirva como agradecimento, mas tamb\u00e9m como contribui\u00e7\u00e3o.<br>Que minhas palavras encontrem espa\u00e7o nas a\u00e7\u00f5es, projetos e sonhos da ACADEPAN.<\/p>\n\n\n\n<p>Uma noite de encontros, de afetos e de celebra\u00e7\u00e3o da cultura pantaneira em todas as suas formas.<\/p>\n\n\n\n<p><br>Um lembrete delicado de que, mesmo em tempos de pressa e distra\u00e7\u00e3o, ainda existem lugares \u2014 e pessoas \u2014 dispostas a construir o que permanece.<\/p>\n","protected":false},"excerpt":{"rendered":"<p>Na \u00faltima quarta-feira, me tornei imortal.N\u00e3o no sentido grandioso da palavra, mas no mais bonito e humano: permanecer nas hist\u00f3rias, nas palavras e na cultura que a gente ajuda a construir. Foi minha posse na Academia Litero-Cultural Pantaneira de Pocon\u00e9 \u2013 ACADEPAN. Uma noite que ficar\u00e1 guardada entre as mem\u00f3rias mais queridas. E o mais &hellip;<\/p>\n<p class=\"read-more\"> <a class=\"\" href=\"https:\/\/quemcuidadocuidador.com.br\/index.php\/2025\/06\/21\/cinco-mulheres-e-uma-noite-de-permanencia\/\"> <span class=\"screen-reader-text\">Cinco Mulheres e Uma Noite de Perman\u00eancia<\/span> Leia mais &raquo;<\/a><\/p>\n","protected":false},"author":2,"featured_media":982,"comment_status":"open","ping_status":"open","sticky":false,"template":"","format":"standard","meta":{"om_disable_all_campaigns":false,"_monsterinsights_skip_tracking":false,"_monsterinsights_sitenote_active":false,"_monsterinsights_sitenote_note":"","_monsterinsights_sitenote_category":0,"site-sidebar-layout":"","site-content-layout":"","ast-main-header-display":"","ast-hfb-above-header-display":"","ast-hfb-below-header-display":"","ast-hfb-mobile-header-display":"","site-post-title":"","ast-breadcrumbs-content":"","ast-featured-img":"","footer-sml-layout":"","theme-transparent-header-meta":"","adv-header-id-meta":"","stick-header-meta":"","header-above-stick-meta":"","header-main-stick-meta":"","header-below-stick-meta":""},"categories":[5],"tags":[],"uagb_featured_image_src":{"full":["https:\/\/quemcuidadocuidador.com.br\/wp-content\/uploads\/2025\/06\/WhatsApp-Image-2025-06-21-at-13.16.01-1.jpeg",1600,900,false],"thumbnail":["https:\/\/quemcuidadocuidador.com.br\/wp-content\/uploads\/2025\/06\/WhatsApp-Image-2025-06-21-at-13.16.01-1-150x150.jpeg",150,150,true],"medium":["https:\/\/quemcuidadocuidador.com.br\/wp-content\/uploads\/2025\/06\/WhatsApp-Image-2025-06-21-at-13.16.01-1-300x169.jpeg",300,169,true],"medium_large":["https:\/\/quemcuidadocuidador.com.br\/wp-content\/uploads\/2025\/06\/WhatsApp-Image-2025-06-21-at-13.16.01-1-768x432.jpeg",768,432,true],"large":["https:\/\/quemcuidadocuidador.com.br\/wp-content\/uploads\/2025\/06\/WhatsApp-Image-2025-06-21-at-13.16.01-1-1024x576.jpeg",1024,576,true],"1536x1536":["https:\/\/quemcuidadocuidador.com.br\/wp-content\/uploads\/2025\/06\/WhatsApp-Image-2025-06-21-at-13.16.01-1-1536x864.jpeg",1536,864,true],"2048x2048":["https:\/\/quemcuidadocuidador.com.br\/wp-content\/uploads\/2025\/06\/WhatsApp-Image-2025-06-21-at-13.16.01-1.jpeg",1600,900,false]},"uagb_author_info":{"display_name":"Cicera A Feitosa","author_link":"https:\/\/quemcuidadocuidador.com.br\/index.php\/author\/cicera\/"},"uagb_comment_info":1,"uagb_excerpt":"Na \u00faltima quarta-feira, me tornei imortal.N\u00e3o no sentido grandioso da palavra, mas no mais bonito e humano: permanecer nas hist\u00f3rias, nas palavras e na cultura que a gente ajuda a construir. Foi minha posse na Academia Litero-Cultural Pantaneira de Pocon\u00e9 \u2013 ACADEPAN. Uma noite que ficar\u00e1 guardada entre as mem\u00f3rias mais queridas. E o mais&hellip;","_links":{"self":[{"href":"https:\/\/quemcuidadocuidador.com.br\/index.php\/wp-json\/wp\/v2\/posts\/981"}],"collection":[{"href":"https:\/\/quemcuidadocuidador.com.br\/index.php\/wp-json\/wp\/v2\/posts"}],"about":[{"href":"https:\/\/quemcuidadocuidador.com.br\/index.php\/wp-json\/wp\/v2\/types\/post"}],"author":[{"embeddable":true,"href":"https:\/\/quemcuidadocuidador.com.br\/index.php\/wp-json\/wp\/v2\/users\/2"}],"replies":[{"embeddable":true,"href":"https:\/\/quemcuidadocuidador.com.br\/index.php\/wp-json\/wp\/v2\/comments?post=981"}],"version-history":[{"count":1,"href":"https:\/\/quemcuidadocuidador.com.br\/index.php\/wp-json\/wp\/v2\/posts\/981\/revisions"}],"predecessor-version":[{"id":983,"href":"https:\/\/quemcuidadocuidador.com.br\/index.php\/wp-json\/wp\/v2\/posts\/981\/revisions\/983"}],"wp:featuredmedia":[{"embeddable":true,"href":"https:\/\/quemcuidadocuidador.com.br\/index.php\/wp-json\/wp\/v2\/media\/982"}],"wp:attachment":[{"href":"https:\/\/quemcuidadocuidador.com.br\/index.php\/wp-json\/wp\/v2\/media?parent=981"}],"wp:term":[{"taxonomy":"category","embeddable":true,"href":"https:\/\/quemcuidadocuidador.com.br\/index.php\/wp-json\/wp\/v2\/categories?post=981"},{"taxonomy":"post_tag","embeddable":true,"href":"https:\/\/quemcuidadocuidador.com.br\/index.php\/wp-json\/wp\/v2\/tags?post=981"}],"curies":[{"name":"wp","href":"https:\/\/api.w.org\/{rel}","templated":true}]}}