{"id":973,"date":"2025-06-15T08:30:06","date_gmt":"2025-06-15T12:30:06","guid":{"rendered":"https:\/\/quemcuidadocuidador.com.br\/?p=973"},"modified":"2025-06-15T08:30:07","modified_gmt":"2025-06-15T12:30:07","slug":"uma-fissura-no-muro-do-silenciamento","status":"publish","type":"post","link":"https:\/\/quemcuidadocuidador.com.br\/index.php\/2025\/06\/15\/uma-fissura-no-muro-do-silenciamento\/","title":{"rendered":"Uma Fissura no Muro do Silenciamento"},"content":{"rendered":"\n<p>Demorei para escrever este texto.<br>E n\u00e3o foi por falta de palavras. Foi por excesso de sentimento.<br>Porque algumas conquistas a gente precisa primeiro viver por dentro\u2026 at\u00e9 conseguir transform\u00e1-las em frase.<\/p>\n\n\n\n<p>O livro <em>\u201cAutismo: Uma Jornada de Conscientiza\u00e7\u00e3o\u201d<\/em> foi lan\u00e7ado.<br>E ele chegou ocupando espa\u00e7o.<br>Ganhou prateleiras, apareceu na lista da Veja como um dos dez livros de n\u00e3o fic\u00e7\u00e3o mais vendidos do pa\u00eds e entrou para os destaques da PublishNews.<\/p>\n\n\n\n<p>O melhor de tudo?<br>Saber que, no meio de tantos profissionais incr\u00edveis \u2014 neurologistas, psic\u00f3logos, fonoaudi\u00f3logos, fisioterapeutas \u2014 que dedicam suas carreiras a transformar a vida de quem est\u00e1 no espectro autista\u2026<br>L\u00e1 estou eu.<\/p>\n\n\n\n<p>Uma m\u00e3e.<br>Com a bagagem de quem vive tudo isso na pele, no corpo e na rotina.<\/p>\n\n\n\n<p>Falar do autismo a partir do lugar de quem cuida, de quem sente na alma o impacto de cada diagn\u00f3stico, cada aus\u00eancia de pol\u00edtica p\u00fablica, cada olhar atravessado.<\/p>\n\n\n\n<p>No meu cap\u00edtulo, falei sobre o sil\u00eancio.<br>E mais do que isso: sobre o silenciamento.<\/p>\n\n\n\n<p>O silenciamento a que somos submetidas em todas as inst\u00e2ncias da vida:<br>na escola, nos servi\u00e7os de sa\u00fade, nas pol\u00edticas p\u00fablicas, nas conversas de fam\u00edlia, nas reuni\u00f5es que decidem sem nos escutar.<\/p>\n\n\n\n<p>Foram dez meses de esfor\u00e7o.<br>Boletos, ren\u00fancias, contas que precisei equilibrar.<\/p>\n\n\n\n<p>O tempo eu roubava das madrugadas.<br>O que faltava mesmo era dinheiro \u2014 porque o sal\u00e1rio de uma professora aposentada pelo Estado, infelizmente, n\u00e3o cobre sonhos.<\/p>\n\n\n\n<p>Mas fui em frente.<br>Linha por linha, palavra por palavra.<br>Porque algumas hist\u00f3rias n\u00e3o podem mais caber apenas dentro da gente.<\/p>\n\n\n\n<p>E agora, ver esse livro se transformar num best-seller\u2026<br>Ah\u2026<br>\u00c9 como abrir uma fresta no muro da invisibilidade e sentir o ar entrar de um jeito novo.<\/p>\n\n\n\n<p>\u00c9 como gritar silenciosamente para o mundo:<br><strong>\u201cN\u00f3s tamb\u00e9m estamos aqui.\u201d<\/strong><\/p>\n\n\n\n<p>N\u00e3o sou a Mo\u00e7a Tecel\u00e3 de Marina Colasanti \u2014 aquela que tecia o pr\u00f3prio destino fio por fio\u2026<br>Mas, de algum modo, tamb\u00e9m teci.<br>Te\u00e7o.<br>E seguirei tecendo.<\/p>\n\n\n\n<p>Te\u00e7o com o desejo de que outras m\u00e3es, ao abrirem essas p\u00e1ginas, encontrem um pedacinho delas ali.<br>Que se reconhe\u00e7am.<br>Que sintam o al\u00edvio de saber que n\u00e3o est\u00e3o sozinhas nessa travessia cheia de sil\u00eancios \u2014 mas tamb\u00e9m de pequenas e grandes vit\u00f3rias.<\/p>\n\n\n\n<p>Esse livro \u00e9 s\u00f3 uma parte da caminhada.<br>Mas que parte bonita ela \u00e9!<br>Uma trama de muitas vozes, muitos olhares, muitas m\u00e3os \u2014 todas unidas pela vontade de construir um mundo um pouco mais consciente, mais justo, mais atento.<\/p>\n\n\n\n<p>E se um dia voc\u00ea quiser entender o que \u00e9 viver o autismo do lado de c\u00e1\u2026<br>As p\u00e1ginas j\u00e1 est\u00e3o abertas.<br>Esperando por quem tiver coragem, empatia e cora\u00e7\u00e3o para atravess\u00e1-las.<\/p>\n","protected":false},"excerpt":{"rendered":"<p>Demorei para escrever este texto.E n\u00e3o foi por falta de palavras. Foi por excesso de sentimento.Porque algumas conquistas a gente precisa primeiro viver por dentro\u2026 at\u00e9 conseguir transform\u00e1-las em frase. O livro \u201cAutismo: Uma Jornada de Conscientiza\u00e7\u00e3o\u201d foi lan\u00e7ado.E ele chegou ocupando espa\u00e7o.Ganhou prateleiras, apareceu na lista da Veja como um dos dez livros de &hellip;<\/p>\n<p class=\"read-more\"> <a class=\"\" href=\"https:\/\/quemcuidadocuidador.com.br\/index.php\/2025\/06\/15\/uma-fissura-no-muro-do-silenciamento\/\"> <span class=\"screen-reader-text\">Uma Fissura no Muro do Silenciamento<\/span> Leia mais &raquo;<\/a><\/p>\n","protected":false},"author":2,"featured_media":974,"comment_status":"open","ping_status":"open","sticky":false,"template":"","format":"standard","meta":{"om_disable_all_campaigns":false,"_monsterinsights_skip_tracking":false,"_monsterinsights_sitenote_active":false,"_monsterinsights_sitenote_note":"","_monsterinsights_sitenote_category":0,"site-sidebar-layout":"","site-content-layout":"","ast-main-header-display":"","ast-hfb-above-header-display":"","ast-hfb-below-header-display":"","ast-hfb-mobile-header-display":"","site-post-title":"","ast-breadcrumbs-content":"","ast-featured-img":"","footer-sml-layout":"","theme-transparent-header-meta":"","adv-header-id-meta":"","stick-header-meta":"","header-above-stick-meta":"","header-main-stick-meta":"","header-below-stick-meta":""},"categories":[5],"tags":[],"uagb_featured_image_src":{"full":["https:\/\/quemcuidadocuidador.com.br\/wp-content\/uploads\/2025\/06\/WhatsApp-Image-2025-06-09-at-13.03.02.jpeg",1600,1250,false],"thumbnail":["https:\/\/quemcuidadocuidador.com.br\/wp-content\/uploads\/2025\/06\/WhatsApp-Image-2025-06-09-at-13.03.02-150x150.jpeg",150,150,true],"medium":["https:\/\/quemcuidadocuidador.com.br\/wp-content\/uploads\/2025\/06\/WhatsApp-Image-2025-06-09-at-13.03.02-300x234.jpeg",300,234,true],"medium_large":["https:\/\/quemcuidadocuidador.com.br\/wp-content\/uploads\/2025\/06\/WhatsApp-Image-2025-06-09-at-13.03.02-768x600.jpeg",768,600,true],"large":["https:\/\/quemcuidadocuidador.com.br\/wp-content\/uploads\/2025\/06\/WhatsApp-Image-2025-06-09-at-13.03.02-1024x800.jpeg",1024,800,true],"1536x1536":["https:\/\/quemcuidadocuidador.com.br\/wp-content\/uploads\/2025\/06\/WhatsApp-Image-2025-06-09-at-13.03.02-1536x1200.jpeg",1536,1200,true],"2048x2048":["https:\/\/quemcuidadocuidador.com.br\/wp-content\/uploads\/2025\/06\/WhatsApp-Image-2025-06-09-at-13.03.02.jpeg",1600,1250,false]},"uagb_author_info":{"display_name":"Cicera A Feitosa","author_link":"https:\/\/quemcuidadocuidador.com.br\/index.php\/author\/cicera\/"},"uagb_comment_info":6,"uagb_excerpt":"Demorei para escrever este texto.E n\u00e3o foi por falta de palavras. Foi por excesso de sentimento.Porque algumas conquistas a gente precisa primeiro viver por dentro\u2026 at\u00e9 conseguir transform\u00e1-las em frase. O livro \u201cAutismo: Uma Jornada de Conscientiza\u00e7\u00e3o\u201d foi lan\u00e7ado.E ele chegou ocupando espa\u00e7o.Ganhou prateleiras, apareceu na lista da Veja como um dos dez livros de&hellip;","_links":{"self":[{"href":"https:\/\/quemcuidadocuidador.com.br\/index.php\/wp-json\/wp\/v2\/posts\/973"}],"collection":[{"href":"https:\/\/quemcuidadocuidador.com.br\/index.php\/wp-json\/wp\/v2\/posts"}],"about":[{"href":"https:\/\/quemcuidadocuidador.com.br\/index.php\/wp-json\/wp\/v2\/types\/post"}],"author":[{"embeddable":true,"href":"https:\/\/quemcuidadocuidador.com.br\/index.php\/wp-json\/wp\/v2\/users\/2"}],"replies":[{"embeddable":true,"href":"https:\/\/quemcuidadocuidador.com.br\/index.php\/wp-json\/wp\/v2\/comments?post=973"}],"version-history":[{"count":1,"href":"https:\/\/quemcuidadocuidador.com.br\/index.php\/wp-json\/wp\/v2\/posts\/973\/revisions"}],"predecessor-version":[{"id":975,"href":"https:\/\/quemcuidadocuidador.com.br\/index.php\/wp-json\/wp\/v2\/posts\/973\/revisions\/975"}],"wp:featuredmedia":[{"embeddable":true,"href":"https:\/\/quemcuidadocuidador.com.br\/index.php\/wp-json\/wp\/v2\/media\/974"}],"wp:attachment":[{"href":"https:\/\/quemcuidadocuidador.com.br\/index.php\/wp-json\/wp\/v2\/media?parent=973"}],"wp:term":[{"taxonomy":"category","embeddable":true,"href":"https:\/\/quemcuidadocuidador.com.br\/index.php\/wp-json\/wp\/v2\/categories?post=973"},{"taxonomy":"post_tag","embeddable":true,"href":"https:\/\/quemcuidadocuidador.com.br\/index.php\/wp-json\/wp\/v2\/tags?post=973"}],"curies":[{"name":"wp","href":"https:\/\/api.w.org\/{rel}","templated":true}]}}