{"id":968,"date":"2025-06-08T09:32:09","date_gmt":"2025-06-08T13:32:09","guid":{"rendered":"https:\/\/quemcuidadocuidador.com.br\/?p=968"},"modified":"2025-06-08T09:32:10","modified_gmt":"2025-06-08T13:32:10","slug":"tecelas-alem-dos-limites","status":"publish","type":"post","link":"https:\/\/quemcuidadocuidador.com.br\/index.php\/2025\/06\/08\/tecelas-alem-dos-limites\/","title":{"rendered":"Tecel\u00e3s Al\u00e9m dos Limites"},"content":{"rendered":"\n<p>Voc\u00ea j\u00e1 se sentiu a \u00fanica m\u00e3e numa sala cheia de certezas?<br>Ser m\u00e3e de uma crian\u00e7a at\u00edpica \u00e9 viver num mundo sem mapas \u2014 onde as respostas n\u00e3o cabem nos manuais, os olhares muitas vezes julgam, e o sil\u00eancio pesa mais do que o cansa\u00e7o.<\/p>\n\n\n\n<p>H\u00e1 dias em que o amor transborda, mas n\u00e3o encontra palavras. Outros em que a gente se pergunta, em sil\u00eancio: ser\u00e1 que estou fazendo certo? Ser\u00e1 que estou sozinha nisso?<\/p>\n\n\n\n<p>Foi por isso que nasceu o grupo <strong>Al\u00e9m dos Limites<\/strong> \u2014 um espa\u00e7o criado por e para m\u00e3es de crian\u00e7as com defici\u00eancia, transtornos ou condi\u00e7\u00f5es raras. Agora, com o apoio da <strong>Universidade do Estado de Mato Grosso (UNEMAT)<\/strong> e do projeto <strong>Paral\u00edmpico<\/strong>, os encontros mensais se tornaram um respiro coletivo. Um tempo de escuta, acolhimento, troca de experi\u00eancias pr\u00e1ticas e fortalecimento emocional.<\/p>\n\n\n\n<p>Aqui, somos tecel\u00e3s.<br>Tecemos com fios de paci\u00eancia, noites mal dormidas e amor que resiste.<br>Tecemos hist\u00f3rias com o que temos \u2014 \u00e0s vezes fiapos de coragem, \u00e0s vezes linhas partidas de esperan\u00e7a.<br>Mas, quando estamos juntas, cada ponto solto encontra seu lugar na trama.<\/p>\n\n\n\n<p>A conversa \u00e9 leve, mas profunda. Falamos de cansa\u00e7o, sim. Mas tamb\u00e9m falamos de coragem. De pequenas conquistas que s\u00f3 a gente entende. De estrat\u00e9gias que funcionam. De medos que ainda n\u00e3o conseguimos nomear.<\/p>\n\n\n\n<p>N\u00e3o \u00e9 terapia. N\u00e3o \u00e9 aula. \u00c9 um c\u00edrculo.<br>Um abrigo tecido \u00e0 m\u00e3o.<br>Uma rede onde o fio que sustenta \u00e9 feito de empatia e reconhecimento.<\/p>\n\n\n\n<p>Se teu cora\u00e7\u00e3o andou pedindo um lugar de abrigo, esse lugar existe.<br><strong>Aqui, ningu\u00e9m precisa dar conta sozinha.<\/strong><br><strong>Vem tecer com a gente.<\/strong><br>Porque quando estamos juntas, o imposs\u00edvel fica mais leve.<\/p>\n","protected":false},"excerpt":{"rendered":"<p>Voc\u00ea j\u00e1 se sentiu a \u00fanica m\u00e3e numa sala cheia de certezas?Ser m\u00e3e de uma crian\u00e7a at\u00edpica \u00e9 viver num mundo sem mapas \u2014 onde as respostas n\u00e3o cabem nos manuais, os olhares muitas vezes julgam, e o sil\u00eancio pesa mais do que o cansa\u00e7o. H\u00e1 dias em que o amor transborda, mas n\u00e3o encontra &hellip;<\/p>\n<p class=\"read-more\"> <a class=\"\" href=\"https:\/\/quemcuidadocuidador.com.br\/index.php\/2025\/06\/08\/tecelas-alem-dos-limites\/\"> <span class=\"screen-reader-text\">Tecel\u00e3s Al\u00e9m dos Limites<\/span> Leia mais &raquo;<\/a><\/p>\n","protected":false},"author":2,"featured_media":969,"comment_status":"open","ping_status":"open","sticky":false,"template":"","format":"standard","meta":{"om_disable_all_campaigns":false,"_monsterinsights_skip_tracking":false,"_monsterinsights_sitenote_active":false,"_monsterinsights_sitenote_note":"","_monsterinsights_sitenote_category":0,"site-sidebar-layout":"","site-content-layout":"","ast-main-header-display":"","ast-hfb-above-header-display":"","ast-hfb-below-header-display":"","ast-hfb-mobile-header-display":"","site-post-title":"","ast-breadcrumbs-content":"","ast-featured-img":"","footer-sml-layout":"","theme-transparent-header-meta":"","adv-header-id-meta":"","stick-header-meta":"","header-above-stick-meta":"","header-main-stick-meta":"","header-below-stick-meta":""},"categories":[5],"tags":[],"uagb_featured_image_src":{"full":["https:\/\/quemcuidadocuidador.com.br\/wp-content\/uploads\/2025\/06\/d33eecd3-8da9-4995-99f7-e4bd69260c3c.jpg",1280,575,false],"thumbnail":["https:\/\/quemcuidadocuidador.com.br\/wp-content\/uploads\/2025\/06\/d33eecd3-8da9-4995-99f7-e4bd69260c3c-150x150.jpg",150,150,true],"medium":["https:\/\/quemcuidadocuidador.com.br\/wp-content\/uploads\/2025\/06\/d33eecd3-8da9-4995-99f7-e4bd69260c3c-300x135.jpg",300,135,true],"medium_large":["https:\/\/quemcuidadocuidador.com.br\/wp-content\/uploads\/2025\/06\/d33eecd3-8da9-4995-99f7-e4bd69260c3c-768x345.jpg",768,345,true],"large":["https:\/\/quemcuidadocuidador.com.br\/wp-content\/uploads\/2025\/06\/d33eecd3-8da9-4995-99f7-e4bd69260c3c-1024x460.jpg",1024,460,true],"1536x1536":["https:\/\/quemcuidadocuidador.com.br\/wp-content\/uploads\/2025\/06\/d33eecd3-8da9-4995-99f7-e4bd69260c3c.jpg",1280,575,false],"2048x2048":["https:\/\/quemcuidadocuidador.com.br\/wp-content\/uploads\/2025\/06\/d33eecd3-8da9-4995-99f7-e4bd69260c3c.jpg",1280,575,false]},"uagb_author_info":{"display_name":"Cicera A Feitosa","author_link":"https:\/\/quemcuidadocuidador.com.br\/index.php\/author\/cicera\/"},"uagb_comment_info":3,"uagb_excerpt":"Voc\u00ea j\u00e1 se sentiu a \u00fanica m\u00e3e numa sala cheia de certezas?Ser m\u00e3e de uma crian\u00e7a at\u00edpica \u00e9 viver num mundo sem mapas \u2014 onde as respostas n\u00e3o cabem nos manuais, os olhares muitas vezes julgam, e o sil\u00eancio pesa mais do que o cansa\u00e7o. H\u00e1 dias em que o amor transborda, mas n\u00e3o encontra&hellip;","_links":{"self":[{"href":"https:\/\/quemcuidadocuidador.com.br\/index.php\/wp-json\/wp\/v2\/posts\/968"}],"collection":[{"href":"https:\/\/quemcuidadocuidador.com.br\/index.php\/wp-json\/wp\/v2\/posts"}],"about":[{"href":"https:\/\/quemcuidadocuidador.com.br\/index.php\/wp-json\/wp\/v2\/types\/post"}],"author":[{"embeddable":true,"href":"https:\/\/quemcuidadocuidador.com.br\/index.php\/wp-json\/wp\/v2\/users\/2"}],"replies":[{"embeddable":true,"href":"https:\/\/quemcuidadocuidador.com.br\/index.php\/wp-json\/wp\/v2\/comments?post=968"}],"version-history":[{"count":1,"href":"https:\/\/quemcuidadocuidador.com.br\/index.php\/wp-json\/wp\/v2\/posts\/968\/revisions"}],"predecessor-version":[{"id":970,"href":"https:\/\/quemcuidadocuidador.com.br\/index.php\/wp-json\/wp\/v2\/posts\/968\/revisions\/970"}],"wp:featuredmedia":[{"embeddable":true,"href":"https:\/\/quemcuidadocuidador.com.br\/index.php\/wp-json\/wp\/v2\/media\/969"}],"wp:attachment":[{"href":"https:\/\/quemcuidadocuidador.com.br\/index.php\/wp-json\/wp\/v2\/media?parent=968"}],"wp:term":[{"taxonomy":"category","embeddable":true,"href":"https:\/\/quemcuidadocuidador.com.br\/index.php\/wp-json\/wp\/v2\/categories?post=968"},{"taxonomy":"post_tag","embeddable":true,"href":"https:\/\/quemcuidadocuidador.com.br\/index.php\/wp-json\/wp\/v2\/tags?post=968"}],"curies":[{"name":"wp","href":"https:\/\/api.w.org\/{rel}","templated":true}]}}