{"id":964,"date":"2025-05-31T08:16:04","date_gmt":"2025-05-31T12:16:04","guid":{"rendered":"https:\/\/quemcuidadocuidador.com.br\/?p=964"},"modified":"2025-05-31T08:16:05","modified_gmt":"2025-05-31T12:16:05","slug":"estamos-aqui-por-todos-nos","status":"publish","type":"post","link":"https:\/\/quemcuidadocuidador.com.br\/index.php\/2025\/05\/31\/estamos-aqui-por-todos-nos\/","title":{"rendered":"Estamos Aqui por Todos N\u00f3s"},"content":{"rendered":"\n<p>Fui eleita para presidir o Conselho Municipal da Pessoa com Defici\u00eancia. Digo \u201cfui\u201d, mas o que se ergue agora \u00e9 um <strong>n\u00f3s<\/strong> \u2014 firme, plural, comprometido.<\/p>\n\n\n\n<p>Receber a confian\u00e7a dos pares \u00e9 mais do que uma honra: \u00e9 um chamado \u00e0 responsabilidade que partilhamos. Assumimos, juntos, o dever de acolher o que \u00e9 diverso, escutar o que foi silenciado e reivindicar, com firmeza e respeito, aquilo que \u00e9 direito \u2014 n\u00e3o favor.<\/p>\n\n\n\n<p>O Conselho existe porque acreditamos num mundo em que o diferente n\u00e3o seja exce\u00e7\u00e3o, mas parte essencial da vida em comunidade. Nossa miss\u00e3o \u00e9 clara: <strong>zelar por pol\u00edticas p\u00fablicas que garantam equidade, dignidade e presen\u00e7a plena das pessoas com defici\u00eancia em todos os espa\u00e7os<\/strong> \u2014 da escola ao trabalho, da sa\u00fade \u00e0 cultura, das ruas \u00e0 alma da cidade.<\/p>\n\n\n\n<p>Sabemos que a informa\u00e7\u00e3o transforma. Mas s\u00f3 transforma quem tem acesso. Por isso, \u00e9 urgente garantir <strong>comunica\u00e7\u00e3o acess\u00edvel, conhecimento claro e circula\u00e7\u00e3o de saberes que empoderem e abram caminhos.<\/strong><\/p>\n\n\n\n<p>J\u00e1 no in\u00edcio da caminhada, temos um exemplo concreto: uma das conselheiras \u00e9 surda. Isso nos convoca \u00e0 a\u00e7\u00e3o. \u00c9 imprescind\u00edvel garantir a presen\u00e7a de um int\u00e9rprete de Libras em todas as reuni\u00f5es. <strong>Inclus\u00e3o n\u00e3o pode ser promessa: \u00e9 pr\u00e1tica, \u00e9 agora.<\/strong><\/p>\n\n\n\n<p>Este \u00e9 um tempo de semear. Um tempo em que o cuidado se faz em gestos simples e concretos: <strong>uma rampa onde havia degrau, um convite claro, uma escuta verdadeira.<\/strong> Cuidar do outro n\u00e3o \u00e9 gentileza \u2014 \u00e9 dever coletivo.<\/p>\n\n\n\n<p>Cada membro deste conselho \u00e9 ponte. Cada decis\u00e3o, uma tentativa de <strong>fazer o futuro caber em todos os corpos, vozes e modos de existir.<\/strong> Que bom que \u00e9 assim.<\/p>\n\n\n\n<p>Vamos estar presentes. Vamos agir com persist\u00eancia e ternura por quem n\u00e3o pode mais esperar.<\/p>\n\n\n\n<p>E que todos saibam: o Conselho est\u00e1 de portas, olhos e ouvidos abertos \u2014 n\u00e3o por protocolo, mas porque acreditamos, profundamente, que <strong>ningu\u00e9m deve caminhar sozinho.<\/strong><\/p>\n\n\n\n<p>Voc\u00ea tamb\u00e9m faz parte disso. Acompanhe, proponha, participe. <strong>O Conselho \u00e9 um espa\u00e7o coletivo \u2014 s\u00f3 far\u00e1 sentido se for constru\u00eddo com escuta, coragem e comunidade.<\/strong><\/p>\n\n\n\n<p><strong>Estamos aqui por todos n\u00f3s. E por cada um.<\/strong><\/p>\n","protected":false},"excerpt":{"rendered":"<p>Fui eleita para presidir o Conselho Municipal da Pessoa com Defici\u00eancia. Digo \u201cfui\u201d, mas o que se ergue agora \u00e9 um n\u00f3s \u2014 firme, plural, comprometido. Receber a confian\u00e7a dos pares \u00e9 mais do que uma honra: \u00e9 um chamado \u00e0 responsabilidade que partilhamos. Assumimos, juntos, o dever de acolher o que \u00e9 diverso, escutar &hellip;<\/p>\n<p class=\"read-more\"> <a class=\"\" href=\"https:\/\/quemcuidadocuidador.com.br\/index.php\/2025\/05\/31\/estamos-aqui-por-todos-nos\/\"> <span class=\"screen-reader-text\">Estamos Aqui por Todos N\u00f3s<\/span> Leia mais &raquo;<\/a><\/p>\n","protected":false},"author":2,"featured_media":965,"comment_status":"open","ping_status":"open","sticky":false,"template":"","format":"standard","meta":{"om_disable_all_campaigns":false,"_monsterinsights_skip_tracking":false,"_monsterinsights_sitenote_active":false,"_monsterinsights_sitenote_note":"","_monsterinsights_sitenote_category":0,"site-sidebar-layout":"","site-content-layout":"","ast-main-header-display":"","ast-hfb-above-header-display":"","ast-hfb-below-header-display":"","ast-hfb-mobile-header-display":"","site-post-title":"","ast-breadcrumbs-content":"","ast-featured-img":"","footer-sml-layout":"","theme-transparent-header-meta":"","adv-header-id-meta":"","stick-header-meta":"","header-above-stick-meta":"","header-main-stick-meta":"","header-below-stick-meta":""},"categories":[5],"tags":[],"uagb_featured_image_src":{"full":["https:\/\/quemcuidadocuidador.com.br\/wp-content\/uploads\/2025\/05\/WhatsApp-Image-2025-05-31-at-08.06.41.jpeg",1280,960,false],"thumbnail":["https:\/\/quemcuidadocuidador.com.br\/wp-content\/uploads\/2025\/05\/WhatsApp-Image-2025-05-31-at-08.06.41-150x150.jpeg",150,150,true],"medium":["https:\/\/quemcuidadocuidador.com.br\/wp-content\/uploads\/2025\/05\/WhatsApp-Image-2025-05-31-at-08.06.41-300x225.jpeg",300,225,true],"medium_large":["https:\/\/quemcuidadocuidador.com.br\/wp-content\/uploads\/2025\/05\/WhatsApp-Image-2025-05-31-at-08.06.41-768x576.jpeg",768,576,true],"large":["https:\/\/quemcuidadocuidador.com.br\/wp-content\/uploads\/2025\/05\/WhatsApp-Image-2025-05-31-at-08.06.41-1024x768.jpeg",1024,768,true],"1536x1536":["https:\/\/quemcuidadocuidador.com.br\/wp-content\/uploads\/2025\/05\/WhatsApp-Image-2025-05-31-at-08.06.41.jpeg",1280,960,false],"2048x2048":["https:\/\/quemcuidadocuidador.com.br\/wp-content\/uploads\/2025\/05\/WhatsApp-Image-2025-05-31-at-08.06.41.jpeg",1280,960,false]},"uagb_author_info":{"display_name":"Cicera A Feitosa","author_link":"https:\/\/quemcuidadocuidador.com.br\/index.php\/author\/cicera\/"},"uagb_comment_info":0,"uagb_excerpt":"Fui eleita para presidir o Conselho Municipal da Pessoa com Defici\u00eancia. Digo \u201cfui\u201d, mas o que se ergue agora \u00e9 um n\u00f3s \u2014 firme, plural, comprometido. Receber a confian\u00e7a dos pares \u00e9 mais do que uma honra: \u00e9 um chamado \u00e0 responsabilidade que partilhamos. Assumimos, juntos, o dever de acolher o que \u00e9 diverso, escutar&hellip;","_links":{"self":[{"href":"https:\/\/quemcuidadocuidador.com.br\/index.php\/wp-json\/wp\/v2\/posts\/964"}],"collection":[{"href":"https:\/\/quemcuidadocuidador.com.br\/index.php\/wp-json\/wp\/v2\/posts"}],"about":[{"href":"https:\/\/quemcuidadocuidador.com.br\/index.php\/wp-json\/wp\/v2\/types\/post"}],"author":[{"embeddable":true,"href":"https:\/\/quemcuidadocuidador.com.br\/index.php\/wp-json\/wp\/v2\/users\/2"}],"replies":[{"embeddable":true,"href":"https:\/\/quemcuidadocuidador.com.br\/index.php\/wp-json\/wp\/v2\/comments?post=964"}],"version-history":[{"count":1,"href":"https:\/\/quemcuidadocuidador.com.br\/index.php\/wp-json\/wp\/v2\/posts\/964\/revisions"}],"predecessor-version":[{"id":966,"href":"https:\/\/quemcuidadocuidador.com.br\/index.php\/wp-json\/wp\/v2\/posts\/964\/revisions\/966"}],"wp:featuredmedia":[{"embeddable":true,"href":"https:\/\/quemcuidadocuidador.com.br\/index.php\/wp-json\/wp\/v2\/media\/965"}],"wp:attachment":[{"href":"https:\/\/quemcuidadocuidador.com.br\/index.php\/wp-json\/wp\/v2\/media?parent=964"}],"wp:term":[{"taxonomy":"category","embeddable":true,"href":"https:\/\/quemcuidadocuidador.com.br\/index.php\/wp-json\/wp\/v2\/categories?post=964"},{"taxonomy":"post_tag","embeddable":true,"href":"https:\/\/quemcuidadocuidador.com.br\/index.php\/wp-json\/wp\/v2\/tags?post=964"}],"curies":[{"name":"wp","href":"https:\/\/api.w.org\/{rel}","templated":true}]}}