{"id":960,"date":"2025-05-25T06:37:01","date_gmt":"2025-05-25T10:37:01","guid":{"rendered":"https:\/\/quemcuidadocuidador.com.br\/?p=960"},"modified":"2025-05-25T06:37:02","modified_gmt":"2025-05-25T10:37:02","slug":"o-meio-fio-da-vida-social","status":"publish","type":"post","link":"https:\/\/quemcuidadocuidador.com.br\/index.php\/2025\/05\/25\/o-meio-fio-da-vida-social\/","title":{"rendered":"O Meio-Fio da Vida Social"},"content":{"rendered":"\n<p>A gente acorda sem pressa. Sem despertador, sem hor\u00e1rio, sem aquele barulho do port\u00e3o para tirar o carro. Isso ficou no passado, junto com a mochila pendurada atr\u00e1s da porta e os cadernos que nunca se encheram de verdade.<\/p>\n\n\n\n<p>Pedro Henrique abre os olhos e j\u00e1 lan\u00e7a a pergunta que nunca falha:<br>\u2014 <em>\u201cM\u00e3e&#8230; vamos sair?\u201d<\/em><br>Todo dia.<br>Sem falhar um.<\/p>\n\n\n\n<p>E quase todo dia a resposta pesa mais do que eu gostaria:<br>\u2014 <em>\u201cHoje n\u00e3o, filho.\u201d<\/em><\/p>\n\n\n\n<p>A verdade \u00e9 que ficamos, sim, a maior parte do tempo em casa.<br>Ele circula pela sala, passa pela cozinha, abre e fecha a geladeira \u2014 como quem procura alguma coisa que nem sabe o que \u00e9. Escolhe um filme, ri sozinho, brinca com o cachorro, assisti uma missa na TV, comenta, fala alto, responde aos pr\u00f3prios pensamentos.<br>De vez em quando me olha de canto, como quem mede se, por acaso, eu mudei de ideia:<br>\u2014 <em>\u201cM\u00e3e&#8230; e se a gente fosse agora?\u201d<\/em><\/p>\n\n\n\n<p>Quando d\u00e1, a gente vai.<br>Pra igreja, no fim de semana.<br>Pra uma reza, na casa de algum amigo.<\/p>\n\n\n\n<p>Ao cinema, de vez em quando.<br>Pra algum encontro onde ele sabe que pode ir comigo, ficar no meio das minhas amigas, puxar conversa, escolher onde senta, decidir se quer ou n\u00e3o quer estar.<br>\u00c0s vezes ele escolhe at\u00e9 com quem quer sair. E se n\u00e3o quer, n\u00e3o tem quem o conven\u00e7a.<\/p>\n\n\n\n<p>Com sorte \u2014 e \u00e9 sorte mesmo \u2014 aparece uma festa de anivers\u00e1rio. Raro. T\u00e3o raro que parece at\u00e9 sonho. E, quando acontece, ele vibra. Porque \u00e9 novidade. \u00c9 gente. \u00c9 vida acontecendo&#8230; do lado de fora<\/p>\n\n\n\n<p>Ultimamente, tem um pedido novo.<br>Um desejo que aparece todos os dias, com a mesma insist\u00eancia de quem pede p\u00e3o quente na padaria:<br>\u2014 <em>\u201cM\u00e3e&#8230; eu quero ir pra faculdade.\u201d<\/em><\/p>\n\n\n\n<p>E como \u00e9 que explica pra ele que n\u00e3o tem caminho?<br>Que as portas n\u00e3o foram abertas l\u00e1 atr\u00e1s?<br>Que a tal inclus\u00e3o, que tanto prometeram, ficou no papel?<br>Ele n\u00e3o quer ficar em casa.<br>N\u00e3o quer s\u00f3 rodar pela sala, pela cozinha, pela varanda.<br><strong>Quer viver. Como qualquer outro ser humano.<\/strong><\/p>\n\n\n\n<p>Mas, quase sempre, quem est\u00e1 no espectro, ou carrega qualquer outra defici\u00eancia, sabe bem como \u00e9:<br><strong>ficar no meio-fio da vida social, vendo o mundo passar\u2026 sem ser chamado pra atravessar.<\/strong><\/p>\n\n\n\n<p>O resto dos dias?<br>Somos n\u00f3s dois.<br>Ele me chamando pra sair.<br>E eu tentando encontrar respostas pra uma pergunta que nunca muda:<br>\u2014 <em>\u201cPra onde, filho? Pra onde, se n\u00e3o h\u00e1 pra onde ir?\u201d<\/em><\/p>\n\n\n\n<p>Ent\u00e3o fa\u00e7o caf\u00e9.<br>Dobro roupa que nem estava desdobrada.<br>Arrumo gavetas que nem precisavam.<br>E sigo.<\/p>\n\n\n\n<p>Porque, depois da escola, o que ficou&#8230; foi o meio-fio.<\/p>\n","protected":false},"excerpt":{"rendered":"<p>A gente acorda sem pressa. Sem despertador, sem hor\u00e1rio, sem aquele barulho do port\u00e3o para tirar o carro. Isso ficou no passado, junto com a mochila pendurada atr\u00e1s da porta e os cadernos que nunca se encheram de verdade. Pedro Henrique abre os olhos e j\u00e1 lan\u00e7a a pergunta que nunca falha:\u2014 \u201cM\u00e3e&#8230; vamos sair?\u201dTodo &hellip;<\/p>\n<p class=\"read-more\"> <a class=\"\" href=\"https:\/\/quemcuidadocuidador.com.br\/index.php\/2025\/05\/25\/o-meio-fio-da-vida-social\/\"> <span class=\"screen-reader-text\">O Meio-Fio da Vida Social<\/span> Leia mais &raquo;<\/a><\/p>\n","protected":false},"author":2,"featured_media":961,"comment_status":"open","ping_status":"open","sticky":false,"template":"","format":"standard","meta":{"om_disable_all_campaigns":false,"_monsterinsights_skip_tracking":false,"_monsterinsights_sitenote_active":false,"_monsterinsights_sitenote_note":"","_monsterinsights_sitenote_category":0,"site-sidebar-layout":"","site-content-layout":"","ast-main-header-display":"","ast-hfb-above-header-display":"","ast-hfb-below-header-display":"","ast-hfb-mobile-header-display":"","site-post-title":"","ast-breadcrumbs-content":"","ast-featured-img":"","footer-sml-layout":"","theme-transparent-header-meta":"","adv-header-id-meta":"","stick-header-meta":"","header-above-stick-meta":"","header-main-stick-meta":"","header-below-stick-meta":""},"categories":[5],"tags":[],"uagb_featured_image_src":{"full":["https:\/\/quemcuidadocuidador.com.br\/wp-content\/uploads\/2025\/05\/WhatsApp-Image-2025-05-25-at-06.23.11.jpeg",1219,1524,false],"thumbnail":["https:\/\/quemcuidadocuidador.com.br\/wp-content\/uploads\/2025\/05\/WhatsApp-Image-2025-05-25-at-06.23.11-150x150.jpeg",150,150,true],"medium":["https:\/\/quemcuidadocuidador.com.br\/wp-content\/uploads\/2025\/05\/WhatsApp-Image-2025-05-25-at-06.23.11-240x300.jpeg",240,300,true],"medium_large":["https:\/\/quemcuidadocuidador.com.br\/wp-content\/uploads\/2025\/05\/WhatsApp-Image-2025-05-25-at-06.23.11-768x960.jpeg",768,960,true],"large":["https:\/\/quemcuidadocuidador.com.br\/wp-content\/uploads\/2025\/05\/WhatsApp-Image-2025-05-25-at-06.23.11-819x1024.jpeg",819,1024,true],"1536x1536":["https:\/\/quemcuidadocuidador.com.br\/wp-content\/uploads\/2025\/05\/WhatsApp-Image-2025-05-25-at-06.23.11.jpeg",1219,1524,false],"2048x2048":["https:\/\/quemcuidadocuidador.com.br\/wp-content\/uploads\/2025\/05\/WhatsApp-Image-2025-05-25-at-06.23.11.jpeg",1219,1524,false]},"uagb_author_info":{"display_name":"Cicera A Feitosa","author_link":"https:\/\/quemcuidadocuidador.com.br\/index.php\/author\/cicera\/"},"uagb_comment_info":4,"uagb_excerpt":"A gente acorda sem pressa. Sem despertador, sem hor\u00e1rio, sem aquele barulho do port\u00e3o para tirar o carro. Isso ficou no passado, junto com a mochila pendurada atr\u00e1s da porta e os cadernos que nunca se encheram de verdade. Pedro Henrique abre os olhos e j\u00e1 lan\u00e7a a pergunta que nunca falha:\u2014 \u201cM\u00e3e&#8230; vamos sair?\u201dTodo&hellip;","_links":{"self":[{"href":"https:\/\/quemcuidadocuidador.com.br\/index.php\/wp-json\/wp\/v2\/posts\/960"}],"collection":[{"href":"https:\/\/quemcuidadocuidador.com.br\/index.php\/wp-json\/wp\/v2\/posts"}],"about":[{"href":"https:\/\/quemcuidadocuidador.com.br\/index.php\/wp-json\/wp\/v2\/types\/post"}],"author":[{"embeddable":true,"href":"https:\/\/quemcuidadocuidador.com.br\/index.php\/wp-json\/wp\/v2\/users\/2"}],"replies":[{"embeddable":true,"href":"https:\/\/quemcuidadocuidador.com.br\/index.php\/wp-json\/wp\/v2\/comments?post=960"}],"version-history":[{"count":1,"href":"https:\/\/quemcuidadocuidador.com.br\/index.php\/wp-json\/wp\/v2\/posts\/960\/revisions"}],"predecessor-version":[{"id":962,"href":"https:\/\/quemcuidadocuidador.com.br\/index.php\/wp-json\/wp\/v2\/posts\/960\/revisions\/962"}],"wp:featuredmedia":[{"embeddable":true,"href":"https:\/\/quemcuidadocuidador.com.br\/index.php\/wp-json\/wp\/v2\/media\/961"}],"wp:attachment":[{"href":"https:\/\/quemcuidadocuidador.com.br\/index.php\/wp-json\/wp\/v2\/media?parent=960"}],"wp:term":[{"taxonomy":"category","embeddable":true,"href":"https:\/\/quemcuidadocuidador.com.br\/index.php\/wp-json\/wp\/v2\/categories?post=960"},{"taxonomy":"post_tag","embeddable":true,"href":"https:\/\/quemcuidadocuidador.com.br\/index.php\/wp-json\/wp\/v2\/tags?post=960"}],"curies":[{"name":"wp","href":"https:\/\/api.w.org\/{rel}","templated":true}]}}