{"id":955,"date":"2025-05-18T07:41:12","date_gmt":"2025-05-18T11:41:12","guid":{"rendered":"https:\/\/quemcuidadocuidador.com.br\/?p=955"},"modified":"2025-05-18T09:26:27","modified_gmt":"2025-05-18T13:26:27","slug":"eu-ja-nao-sabia-mais-sonhar","status":"publish","type":"post","link":"https:\/\/quemcuidadocuidador.com.br\/index.php\/2025\/05\/18\/eu-ja-nao-sabia-mais-sonhar\/","title":{"rendered":"Eu J\u00e1 N\u00e3o Sabia Mais Sonhar"},"content":{"rendered":"\n<p>Ficar uma semana fora de casa n\u00e3o deveria ser algo t\u00e3o grande. Mas, para uma m\u00e3e at\u00edpica, \u00e9.<\/p>\n\n\n\n<p>Antes de fazer as malas, fiz mapas. Quem cuidaria do meu filho de manh\u00e3? Quem dormiria com ele \u00e0 noite? A vizinha se disp\u00f4s a ficar durante o dia. Uma amiga assumiu as noites. Ainda assim, o cora\u00e7\u00e3o pesava. N\u00e3o era culpa \u2014 era o zelo de quem sabe que nem todo mundo percebe os detalhes, os ritmos, os sinais.<\/p>\n\n\n\n<p>Fui para Cuiab\u00e1 fazer um curso. Precisava ir. N\u00e3o dava para adiar. Levar meu filho era imposs\u00edvel.<\/p>\n\n\n\n<p>E foi nessa mesma semana que participei de uma palestra na C\u00e2mara Municipal de Cuiab\u00e1, promovida pela vereadora  Maysa Le\u00e3o. O audit\u00f3rio era todo nosso: m\u00e3es at\u00edpicas. A palestrante, Alessandra Ciuffo, do Sebrae de Bras\u00edlia \u2014 tamb\u00e9m m\u00e3e at\u00edpica \u2014 falou com a precis\u00e3o de quem vive o que diz:<br><strong>\u201cSomos a ponte entre o c\u00e9u e a terra. Ningu\u00e9m chega aqui se n\u00e3o for por n\u00f3s. Somos portais.\u201d<\/strong><\/p>\n\n\n\n<p>Houve quem chorasse. Houve quem apenas respirasse fundo, como quem lembra que ainda est\u00e1 viva.<\/p>\n\n\n\n<p>Uma m\u00e3e, com voz firme e olhos cansados, disse algo que me atravessou:<br><strong>\u201cTeve um momento em que eu j\u00e1 n\u00e3o sabia mais sonhar.\u201d<\/strong><\/p>\n\n\n\n<p>E eu entendi. Porque j\u00e1 estive nesse lugar \u2014 o lugar em que a gente se apaga.<\/p>\n\n\n\n<p>Mas naquela manh\u00e3, em meio a tantas hist\u00f3rias, uma certeza emergiu:<br><strong>Sonhar \u00e9 poss\u00edvel \u2014 desde que n\u00e3o seja solit\u00e1rio.<\/strong><\/p>\n\n\n\n<p>Minha rede de apoio me sustentou nesta semana. Simples, mas suficiente.<\/p>\n\n\n\n<p>E descobri:<br>Que meu filho pode estar bem com outras pessoas.<br>Que posso sair, aprender, rir, conhecer outras m\u00e3es.<br>Que posso respirar um pouco mais.<\/p>\n\n\n\n<p>Descobri tamb\u00e9m que o que nos sustenta j\u00e1 n\u00e3o \u00e9 a vigil\u00e2ncia constante, mas a certeza de que eles est\u00e3o felizes.<\/p>\n\n\n\n<p>S\u00f3 que isso ainda n\u00e3o basta.<\/p>\n\n\n\n<p>Precisamos de mais do que for\u00e7a individual. Precisamos de pol\u00edticas p\u00fablicas. Precisamos garantir que, ao chegar \u00e0 juventude e \u00e0 vida adulta, nossos filhos tenham o direito de <strong>pertencer ao mundo<\/strong>.<\/p>\n\n\n\n<p>Com equidade.<br>Com dignidade.<br>Com presen\u00e7a real na vida social e cultural da comunidade em que vivem.<\/p>\n\n\n\n<p>Porque sim, n\u00f3s \u2014 m\u00e3es \u2014 podemos ser portais.<br>Mas nossos filhos <strong>n\u00e3o podem viver como estrangeiros depois que atravessam o nascimento<\/strong>.<\/p>\n\n\n\n<p>Eles tamb\u00e9m pertencem.<\/p>\n","protected":false},"excerpt":{"rendered":"<p>Ficar uma semana fora de casa n\u00e3o deveria ser algo t\u00e3o grande. Mas, para uma m\u00e3e at\u00edpica, \u00e9. Antes de fazer as malas, fiz mapas. Quem cuidaria do meu filho de manh\u00e3? Quem dormiria com ele \u00e0 noite? A vizinha se disp\u00f4s a ficar durante o dia. Uma amiga assumiu as noites. Ainda assim, o &hellip;<\/p>\n<p class=\"read-more\"> <a class=\"\" href=\"https:\/\/quemcuidadocuidador.com.br\/index.php\/2025\/05\/18\/eu-ja-nao-sabia-mais-sonhar\/\"> <span class=\"screen-reader-text\">Eu J\u00e1 N\u00e3o Sabia Mais Sonhar<\/span> Leia mais &raquo;<\/a><\/p>\n","protected":false},"author":2,"featured_media":956,"comment_status":"open","ping_status":"open","sticky":false,"template":"","format":"standard","meta":{"om_disable_all_campaigns":false,"_monsterinsights_skip_tracking":false,"_monsterinsights_sitenote_active":false,"_monsterinsights_sitenote_note":"","_monsterinsights_sitenote_category":0,"site-sidebar-layout":"","site-content-layout":"","ast-main-header-display":"","ast-hfb-above-header-display":"","ast-hfb-below-header-display":"","ast-hfb-mobile-header-display":"","site-post-title":"","ast-breadcrumbs-content":"","ast-featured-img":"","footer-sml-layout":"","theme-transparent-header-meta":"","adv-header-id-meta":"","stick-header-meta":"","header-above-stick-meta":"","header-main-stick-meta":"","header-below-stick-meta":""},"categories":[5],"tags":[],"uagb_featured_image_src":{"full":["https:\/\/quemcuidadocuidador.com.br\/wp-content\/uploads\/2025\/05\/WhatsApp-Image-2025-05-18-at-06.56.46.jpeg",1428,1071,false],"thumbnail":["https:\/\/quemcuidadocuidador.com.br\/wp-content\/uploads\/2025\/05\/WhatsApp-Image-2025-05-18-at-06.56.46-150x150.jpeg",150,150,true],"medium":["https:\/\/quemcuidadocuidador.com.br\/wp-content\/uploads\/2025\/05\/WhatsApp-Image-2025-05-18-at-06.56.46-300x225.jpeg",300,225,true],"medium_large":["https:\/\/quemcuidadocuidador.com.br\/wp-content\/uploads\/2025\/05\/WhatsApp-Image-2025-05-18-at-06.56.46-768x576.jpeg",768,576,true],"large":["https:\/\/quemcuidadocuidador.com.br\/wp-content\/uploads\/2025\/05\/WhatsApp-Image-2025-05-18-at-06.56.46-1024x768.jpeg",1024,768,true],"1536x1536":["https:\/\/quemcuidadocuidador.com.br\/wp-content\/uploads\/2025\/05\/WhatsApp-Image-2025-05-18-at-06.56.46.jpeg",1428,1071,false],"2048x2048":["https:\/\/quemcuidadocuidador.com.br\/wp-content\/uploads\/2025\/05\/WhatsApp-Image-2025-05-18-at-06.56.46.jpeg",1428,1071,false]},"uagb_author_info":{"display_name":"Cicera A Feitosa","author_link":"https:\/\/quemcuidadocuidador.com.br\/index.php\/author\/cicera\/"},"uagb_comment_info":1,"uagb_excerpt":"Ficar uma semana fora de casa n\u00e3o deveria ser algo t\u00e3o grande. Mas, para uma m\u00e3e at\u00edpica, \u00e9. Antes de fazer as malas, fiz mapas. Quem cuidaria do meu filho de manh\u00e3? Quem dormiria com ele \u00e0 noite? A vizinha se disp\u00f4s a ficar durante o dia. Uma amiga assumiu as noites. Ainda assim, o&hellip;","_links":{"self":[{"href":"https:\/\/quemcuidadocuidador.com.br\/index.php\/wp-json\/wp\/v2\/posts\/955"}],"collection":[{"href":"https:\/\/quemcuidadocuidador.com.br\/index.php\/wp-json\/wp\/v2\/posts"}],"about":[{"href":"https:\/\/quemcuidadocuidador.com.br\/index.php\/wp-json\/wp\/v2\/types\/post"}],"author":[{"embeddable":true,"href":"https:\/\/quemcuidadocuidador.com.br\/index.php\/wp-json\/wp\/v2\/users\/2"}],"replies":[{"embeddable":true,"href":"https:\/\/quemcuidadocuidador.com.br\/index.php\/wp-json\/wp\/v2\/comments?post=955"}],"version-history":[{"count":2,"href":"https:\/\/quemcuidadocuidador.com.br\/index.php\/wp-json\/wp\/v2\/posts\/955\/revisions"}],"predecessor-version":[{"id":958,"href":"https:\/\/quemcuidadocuidador.com.br\/index.php\/wp-json\/wp\/v2\/posts\/955\/revisions\/958"}],"wp:featuredmedia":[{"embeddable":true,"href":"https:\/\/quemcuidadocuidador.com.br\/index.php\/wp-json\/wp\/v2\/media\/956"}],"wp:attachment":[{"href":"https:\/\/quemcuidadocuidador.com.br\/index.php\/wp-json\/wp\/v2\/media?parent=955"}],"wp:term":[{"taxonomy":"category","embeddable":true,"href":"https:\/\/quemcuidadocuidador.com.br\/index.php\/wp-json\/wp\/v2\/categories?post=955"},{"taxonomy":"post_tag","embeddable":true,"href":"https:\/\/quemcuidadocuidador.com.br\/index.php\/wp-json\/wp\/v2\/tags?post=955"}],"curies":[{"name":"wp","href":"https:\/\/api.w.org\/{rel}","templated":true}]}}