{"id":952,"date":"2025-05-11T08:16:53","date_gmt":"2025-05-11T12:16:53","guid":{"rendered":"https:\/\/quemcuidadocuidador.com.br\/?p=952"},"modified":"2025-05-11T08:16:53","modified_gmt":"2025-05-11T12:16:53","slug":"quando-o-amor-vai-de-beija-flor","status":"publish","type":"post","link":"https:\/\/quemcuidadocuidador.com.br\/index.php\/2025\/05\/11\/quando-o-amor-vai-de-beija-flor\/","title":{"rendered":"Quando o Amor Vai de Beija-flor"},"content":{"rendered":"\n<p><strong>Quando o Amor Vai de Beija-flor<\/strong><\/p>\n\n\n\n<p><em>Para o Dia das M\u00e3es, para o Pedro, e para todas as m\u00e3es que, por um instante ou por uma vida, j\u00e1 estiveram s\u00f3s.<\/em><\/p>\n\n\n\n<p>Neste Dia das M\u00e3es, precisei estar longe. Uma aus\u00eancia que carrega peso e saudade, mas tamb\u00e9m cuidado comigo mesma. Este poema \u00e9 o que deixo como presen\u00e7a \u2014 para o meu filho, Pedro, e para todas as m\u00e3es que, por raz\u00f5es diversas, hoje sentem o sil\u00eancio ocupar a casa.<\/p>\n\n\n\n<hr class=\"wp-block-separator\"\/>\n\n\n\n<p><strong>Pedro, no Dia das M\u00e3es<\/strong><\/p>\n\n\n\n<p>Em vinte e dois anos,<br>talvez seja o primeiro<br>longe de ti.<\/p>\n\n\n\n<p>Precisei partir \u2014<br>colocar ordem<br>no caos que me habita.<\/p>\n\n\n\n<p>Mas um beija-flor passou por aqui.<br>Pedi-lhe um favor:<br>entregar-te um presente.<\/p>\n\n\n\n<p>Foi embrulhado em seda,<br>com retalhos de c\u00e9u azul-\u00edndigo,<br>bordado com fios de ouro<br>a costurar as saudades.<\/p>\n\n\n\n<p>Dentro, o perfume das rosas,<br>e uma cortina de chuva leve,<br>salpicada por got\u00edculas de luz.<\/p>\n\n\n\n<p>Este presente \u00e9 teu, Pedro.<br>E tamb\u00e9m das m\u00e3es:<br>t\u00edpicas, at\u00edpicas,<br>solit\u00e1rias, esquecidas \u2014<br>as que hoje n\u00e3o est\u00e3o<br>na agenda de ningu\u00e9m.<\/p>\n","protected":false},"excerpt":{"rendered":"<p>Quando o Amor Vai de Beija-flor Para o Dia das M\u00e3es, para o Pedro, e para todas as m\u00e3es que, por um instante ou por uma vida, j\u00e1 estiveram s\u00f3s. Neste Dia das M\u00e3es, precisei estar longe. Uma aus\u00eancia que carrega peso e saudade, mas tamb\u00e9m cuidado comigo mesma. Este poema \u00e9 o que deixo &hellip;<\/p>\n<p class=\"read-more\"> <a class=\"\" href=\"https:\/\/quemcuidadocuidador.com.br\/index.php\/2025\/05\/11\/quando-o-amor-vai-de-beija-flor\/\"> <span class=\"screen-reader-text\">Quando o Amor Vai de Beija-flor<\/span> Leia mais &raquo;<\/a><\/p>\n","protected":false},"author":2,"featured_media":953,"comment_status":"open","ping_status":"open","sticky":false,"template":"","format":"standard","meta":{"om_disable_all_campaigns":false,"_monsterinsights_skip_tracking":false,"_monsterinsights_sitenote_active":false,"_monsterinsights_sitenote_note":"","_monsterinsights_sitenote_category":0,"site-sidebar-layout":"","site-content-layout":"","ast-main-header-display":"","ast-hfb-above-header-display":"","ast-hfb-below-header-display":"","ast-hfb-mobile-header-display":"","site-post-title":"","ast-breadcrumbs-content":"","ast-featured-img":"","footer-sml-layout":"","theme-transparent-header-meta":"","adv-header-id-meta":"","stick-header-meta":"","header-above-stick-meta":"","header-main-stick-meta":"","header-below-stick-meta":""},"categories":[5],"tags":[],"uagb_featured_image_src":{"full":["https:\/\/quemcuidadocuidador.com.br\/wp-content\/uploads\/2025\/05\/barbara-hubert-w2ElBGzKPqY-unsplash-1.jpg",2243,2403,false],"thumbnail":["https:\/\/quemcuidadocuidador.com.br\/wp-content\/uploads\/2025\/05\/barbara-hubert-w2ElBGzKPqY-unsplash-1-150x150.jpg",150,150,true],"medium":["https:\/\/quemcuidadocuidador.com.br\/wp-content\/uploads\/2025\/05\/barbara-hubert-w2ElBGzKPqY-unsplash-1-280x300.jpg",280,300,true],"medium_large":["https:\/\/quemcuidadocuidador.com.br\/wp-content\/uploads\/2025\/05\/barbara-hubert-w2ElBGzKPqY-unsplash-1-768x823.jpg",768,823,true],"large":["https:\/\/quemcuidadocuidador.com.br\/wp-content\/uploads\/2025\/05\/barbara-hubert-w2ElBGzKPqY-unsplash-1-956x1024.jpg",956,1024,true],"1536x1536":["https:\/\/quemcuidadocuidador.com.br\/wp-content\/uploads\/2025\/05\/barbara-hubert-w2ElBGzKPqY-unsplash-1-1434x1536.jpg",1434,1536,true],"2048x2048":["https:\/\/quemcuidadocuidador.com.br\/wp-content\/uploads\/2025\/05\/barbara-hubert-w2ElBGzKPqY-unsplash-1-1912x2048.jpg",1912,2048,true]},"uagb_author_info":{"display_name":"Cicera A Feitosa","author_link":"https:\/\/quemcuidadocuidador.com.br\/index.php\/author\/cicera\/"},"uagb_comment_info":1,"uagb_excerpt":"Quando o Amor Vai de Beija-flor Para o Dia das M\u00e3es, para o Pedro, e para todas as m\u00e3es que, por um instante ou por uma vida, j\u00e1 estiveram s\u00f3s. Neste Dia das M\u00e3es, precisei estar longe. Uma aus\u00eancia que carrega peso e saudade, mas tamb\u00e9m cuidado comigo mesma. Este poema \u00e9 o que deixo&hellip;","_links":{"self":[{"href":"https:\/\/quemcuidadocuidador.com.br\/index.php\/wp-json\/wp\/v2\/posts\/952"}],"collection":[{"href":"https:\/\/quemcuidadocuidador.com.br\/index.php\/wp-json\/wp\/v2\/posts"}],"about":[{"href":"https:\/\/quemcuidadocuidador.com.br\/index.php\/wp-json\/wp\/v2\/types\/post"}],"author":[{"embeddable":true,"href":"https:\/\/quemcuidadocuidador.com.br\/index.php\/wp-json\/wp\/v2\/users\/2"}],"replies":[{"embeddable":true,"href":"https:\/\/quemcuidadocuidador.com.br\/index.php\/wp-json\/wp\/v2\/comments?post=952"}],"version-history":[{"count":1,"href":"https:\/\/quemcuidadocuidador.com.br\/index.php\/wp-json\/wp\/v2\/posts\/952\/revisions"}],"predecessor-version":[{"id":954,"href":"https:\/\/quemcuidadocuidador.com.br\/index.php\/wp-json\/wp\/v2\/posts\/952\/revisions\/954"}],"wp:featuredmedia":[{"embeddable":true,"href":"https:\/\/quemcuidadocuidador.com.br\/index.php\/wp-json\/wp\/v2\/media\/953"}],"wp:attachment":[{"href":"https:\/\/quemcuidadocuidador.com.br\/index.php\/wp-json\/wp\/v2\/media?parent=952"}],"wp:term":[{"taxonomy":"category","embeddable":true,"href":"https:\/\/quemcuidadocuidador.com.br\/index.php\/wp-json\/wp\/v2\/categories?post=952"},{"taxonomy":"post_tag","embeddable":true,"href":"https:\/\/quemcuidadocuidador.com.br\/index.php\/wp-json\/wp\/v2\/tags?post=952"}],"curies":[{"name":"wp","href":"https:\/\/api.w.org\/{rel}","templated":true}]}}