{"id":933,"date":"2025-04-02T06:38:54","date_gmt":"2025-04-02T10:38:54","guid":{"rendered":"https:\/\/quemcuidadocuidador.com.br\/?p=933"},"modified":"2025-04-02T06:38:55","modified_gmt":"2025-04-02T10:38:55","slug":"o-circulo-incompleto","status":"publish","type":"post","link":"https:\/\/quemcuidadocuidador.com.br\/index.php\/2025\/04\/02\/o-circulo-incompleto\/","title":{"rendered":"O Circulo Incompleto"},"content":{"rendered":"\n<p>\ud83c\udf0d <em>Por um Dia do Autismo que fale de presen\u00e7a, e n\u00e3o apenas de aus\u00eancia.<\/em><\/p>\n\n\n\n<p>H\u00e1 corpos que caminham ao lado,<br>mas seguem sozinhos.<br>Gente que aprende a calar<br>antes mesmo de ser ouvida.<\/p>\n\n\n\n<p>Olhares que escorrem para o ch\u00e3o<br>quando esperavam ser chamados para o jogo,<br>para o grupo, para a roda,<br>para qualquer lugar que caibam.<\/p>\n\n\n\n<p>Na escola, um time \u00e9 formado<br>e um nome nunca \u00e9 chamado.<br>Na universidade, os grupos se fecham<br>antes que uma m\u00e3o possa levantar.<br>Na fila do mercado,<br>algu\u00e9m segura um choro que ningu\u00e9m v\u00ea.<br>Na praia, na pra\u00e7a, na rua,<br>h\u00e1 sempre quem fique de fora<br>e quase ningu\u00e9m percebe<br>que o c\u00edrculo poderia ser maior.<\/p>\n\n\n\n<p>A exclus\u00e3o n\u00e3o grita.<br>Ela sussurra na aus\u00eancia.<br>No convite que n\u00e3o chega.<br>Na cadeira vazia ao lado.<br>No tempo que poderia ser partilhado<br>e passa despercebido,<br>como se nada tivesse faltado.<\/p>\n\n\n\n<p>Mas sempre h\u00e1 espa\u00e7o para um gesto.<br>Sempre \u00e9 poss\u00edvel abrir um peda\u00e7o no c\u00edrculo,<br>fazer caber mais um,<br>mesmo que pare\u00e7a pouco,<br>mesmo que pare\u00e7a tarde.<\/p>\n\n\n\n<p>Incluir n\u00e3o \u00e9 fazer por algu\u00e9m.<br>\u00c9 fazer com algu\u00e9m.<br>\u00c9 abrir um espa\u00e7o onde havia sil\u00eancio.<br>\u00c9 enxergar, enfim,<br>o que n\u00e3o se v\u00ea.<\/p>\n\n\n\n<p>A autonomia de quem \u00e9 diferente<br>n\u00e3o nasce sozinha.<br>\u00c9 tecido fino, costurado aos poucos,<br>com gestos pequenos<br>de quem, um dia, escolhe dizer:<br>Vem comigo. Vamos juntos.<\/p>\n\n\n\n<p>Quando isso acontece,<br>n\u00e3o \u00e9 s\u00f3 o outro que cresce.<br>Todos n\u00f3s crescemos.<br>Todos n\u00f3s nos tornamos mais humanos<br>quando temos coragem de escutar o outro.<\/p>\n\n\n\n<hr class=\"wp-block-separator\"\/>\n\n\n\n<h3>\ud83c\udfaf <strong>A\u00e7\u00f5es para este Dia do Autismo<\/strong><\/h3>\n\n\n\n<p><strong>Porque incluir \u00e9 a\u00e7\u00e3o, n\u00e3o discurso.<\/strong><\/p>\n\n\n\n<p>1\ufe0f\u20e3 <strong>Desafio do C\u00edrculo Aberto<\/strong><br>Hoje, convida algu\u00e9m que quase nunca \u00e9 chamado para estar contigo: um colega, vizinho, aluno ou familiar que costuma ficar de fora.<\/p>\n\n\n\n<p>2\ufe0f\u20e3 <strong>Espa\u00e7o de Escuta<\/strong><br>Promove uma roda de conversa ou reflex\u00e3o breve. Pergunta: <em>&#8220;Quando foi a \u00faltima vez que te sentiste exclu\u00eddo?&#8221;<\/em> Depois, convida todos a pensar: <em>&#8220;E se isso fosse todos os dias?&#8221;<\/em><\/p>\n\n\n\n<p>3\ufe0f\u20e3 <strong>Cart\u00e3o do Convite<\/strong><br>Distribui ou publica a frase:<br><em>&#8220;O c\u00edrculo s\u00f3 \u00e9 completo quando todos cabem.&#8221;<\/em><br>Desafia as pessoas a fazerem um convite real a algu\u00e9m que normalmente fica \u00e0 margem.<\/p>\n\n\n\n<p>4\ufe0f\u20e3 <strong>A\u00e7\u00e3o nas Redes<\/strong><br>Ao partilhar este poema, marca algu\u00e9m que te incluiu, que te ouviu, ou que tu desejas incluir.<\/p>\n\n\n\n<p>5\ufe0f\u20e3 <strong>Compromisso do Dia<\/strong><br>Convida cada pessoa a assumir este compromisso:<br><em>&#8220;Hoje, abro espa\u00e7o para algu\u00e9m. Amanh\u00e3, farei disso h\u00e1bito.&#8221;<\/em><\/p>\n","protected":false},"excerpt":{"rendered":"<p>\ud83c\udf0d Por um Dia do Autismo que fale de presen\u00e7a, e n\u00e3o apenas de aus\u00eancia. H\u00e1 corpos que caminham ao lado,mas seguem sozinhos.Gente que aprende a calarantes mesmo de ser ouvida. Olhares que escorrem para o ch\u00e3oquando esperavam ser chamados para o jogo,para o grupo, para a roda,para qualquer lugar que caibam. Na escola, um &hellip;<\/p>\n<p class=\"read-more\"> <a class=\"\" href=\"https:\/\/quemcuidadocuidador.com.br\/index.php\/2025\/04\/02\/o-circulo-incompleto\/\"> <span class=\"screen-reader-text\">O Circulo Incompleto<\/span> Leia mais &raquo;<\/a><\/p>\n","protected":false},"author":2,"featured_media":934,"comment_status":"open","ping_status":"open","sticky":false,"template":"","format":"standard","meta":{"om_disable_all_campaigns":false,"_monsterinsights_skip_tracking":false,"_monsterinsights_sitenote_active":false,"_monsterinsights_sitenote_note":"","_monsterinsights_sitenote_category":0,"site-sidebar-layout":"","site-content-layout":"","ast-main-header-display":"","ast-hfb-above-header-display":"","ast-hfb-below-header-display":"","ast-hfb-mobile-header-display":"","site-post-title":"","ast-breadcrumbs-content":"","ast-featured-img":"","footer-sml-layout":"","theme-transparent-header-meta":"","adv-header-id-meta":"","stick-header-meta":"","header-above-stick-meta":"","header-main-stick-meta":"","header-below-stick-meta":""},"categories":[5],"tags":[],"uagb_featured_image_src":{"full":["https:\/\/quemcuidadocuidador.com.br\/wp-content\/uploads\/2025\/04\/WhatsApp-Image-2025-04-02-at-06.28.05.jpeg",902,1600,false],"thumbnail":["https:\/\/quemcuidadocuidador.com.br\/wp-content\/uploads\/2025\/04\/WhatsApp-Image-2025-04-02-at-06.28.05-150x150.jpeg",150,150,true],"medium":["https:\/\/quemcuidadocuidador.com.br\/wp-content\/uploads\/2025\/04\/WhatsApp-Image-2025-04-02-at-06.28.05-169x300.jpeg",169,300,true],"medium_large":["https:\/\/quemcuidadocuidador.com.br\/wp-content\/uploads\/2025\/04\/WhatsApp-Image-2025-04-02-at-06.28.05-768x1362.jpeg",768,1362,true],"large":["https:\/\/quemcuidadocuidador.com.br\/wp-content\/uploads\/2025\/04\/WhatsApp-Image-2025-04-02-at-06.28.05-577x1024.jpeg",577,1024,true],"1536x1536":["https:\/\/quemcuidadocuidador.com.br\/wp-content\/uploads\/2025\/04\/WhatsApp-Image-2025-04-02-at-06.28.05-866x1536.jpeg",866,1536,true],"2048x2048":["https:\/\/quemcuidadocuidador.com.br\/wp-content\/uploads\/2025\/04\/WhatsApp-Image-2025-04-02-at-06.28.05.jpeg",902,1600,false]},"uagb_author_info":{"display_name":"Cicera A Feitosa","author_link":"https:\/\/quemcuidadocuidador.com.br\/index.php\/author\/cicera\/"},"uagb_comment_info":2,"uagb_excerpt":"\ud83c\udf0d Por um Dia do Autismo que fale de presen\u00e7a, e n\u00e3o apenas de aus\u00eancia. H\u00e1 corpos que caminham ao lado,mas seguem sozinhos.Gente que aprende a calarantes mesmo de ser ouvida. Olhares que escorrem para o ch\u00e3oquando esperavam ser chamados para o jogo,para o grupo, para a roda,para qualquer lugar que caibam. Na escola, um&hellip;","_links":{"self":[{"href":"https:\/\/quemcuidadocuidador.com.br\/index.php\/wp-json\/wp\/v2\/posts\/933"}],"collection":[{"href":"https:\/\/quemcuidadocuidador.com.br\/index.php\/wp-json\/wp\/v2\/posts"}],"about":[{"href":"https:\/\/quemcuidadocuidador.com.br\/index.php\/wp-json\/wp\/v2\/types\/post"}],"author":[{"embeddable":true,"href":"https:\/\/quemcuidadocuidador.com.br\/index.php\/wp-json\/wp\/v2\/users\/2"}],"replies":[{"embeddable":true,"href":"https:\/\/quemcuidadocuidador.com.br\/index.php\/wp-json\/wp\/v2\/comments?post=933"}],"version-history":[{"count":1,"href":"https:\/\/quemcuidadocuidador.com.br\/index.php\/wp-json\/wp\/v2\/posts\/933\/revisions"}],"predecessor-version":[{"id":935,"href":"https:\/\/quemcuidadocuidador.com.br\/index.php\/wp-json\/wp\/v2\/posts\/933\/revisions\/935"}],"wp:featuredmedia":[{"embeddable":true,"href":"https:\/\/quemcuidadocuidador.com.br\/index.php\/wp-json\/wp\/v2\/media\/934"}],"wp:attachment":[{"href":"https:\/\/quemcuidadocuidador.com.br\/index.php\/wp-json\/wp\/v2\/media?parent=933"}],"wp:term":[{"taxonomy":"category","embeddable":true,"href":"https:\/\/quemcuidadocuidador.com.br\/index.php\/wp-json\/wp\/v2\/categories?post=933"},{"taxonomy":"post_tag","embeddable":true,"href":"https:\/\/quemcuidadocuidador.com.br\/index.php\/wp-json\/wp\/v2\/tags?post=933"}],"curies":[{"name":"wp","href":"https:\/\/api.w.org\/{rel}","templated":true}]}}