{"id":928,"date":"2025-03-29T13:43:30","date_gmt":"2025-03-29T17:43:30","guid":{"rendered":"https:\/\/quemcuidadocuidador.com.br\/?p=928"},"modified":"2025-03-29T17:50:30","modified_gmt":"2025-03-29T21:50:30","slug":"o-mito-do-normal-tambem-mora-no-trabalho","status":"publish","type":"post","link":"https:\/\/quemcuidadocuidador.com.br\/index.php\/2025\/03\/29\/o-mito-do-normal-tambem-mora-no-trabalho\/","title":{"rendered":"O Mito do Normal Tamb\u00e9m Mora no Trabalho"},"content":{"rendered":"\n<p>Enquanto fingimos que est\u00e1 tudo bem, trabalhadores adoecem sem direito a descanso, sa\u00fade ou dignidade.<\/p>\n\n\n\n<p>Aconteceu dia 29 de mar\u00e7o de 2025 a 1\u00aa Confer\u00eancia Municipal de Sa\u00fade do Trabalhador e da trabalhadora, em C\u00e1ceres-MT. Eu poderia contar aqui sobre os debates, os dados, as propostas apresentadas \u2014 mas, para ser honesta, s\u00f3 consegui assistir uma fala. Mesmo assim, foi suficiente para acender uma pergunta que me persegue h\u00e1 tempos: por que fingimos que est\u00e1 tudo normal quando, na verdade, falta tudo?<\/p>\n\n\n\n<p>A verdade \u00e9 que vivemos cercados por uma normalidade inventada, principalmente quando o assunto \u00e9 trabalho. Fingimos que \u00e9 normal acordar cansado todos os dias, que \u00e9 normal viver no limite, que \u00e9 normal trabalhar sem pausa, sem tempo, sem sal\u00e1rio justo, sem respeito. Fingimos que o trabalhador(a) n\u00e3o adoece, n\u00e3o morre de cansa\u00e7o, n\u00e3o carrega nos ombros a precariedade de um sistema que nunca pensou nele.<\/p>\n\n\n\n<p>Enquanto isso, seguimos produzindo como se fosse poss\u00edvel sustentar o mundo sem sustentar quem trabalha.<\/p>\n\n\n\n<p>O adoecimento do trabalhador n\u00e3o \u00e9 acidente. \u00c9 consequ\u00eancia direta de um modelo que exige produtividade sem oferecer dignidade. Que cobra resultados, mas n\u00e3o garante sal\u00e1rio que pague o b\u00e1sico, folga para respirar ou tempo para cuidar da pr\u00f3pria sa\u00fade. Quem trabalha como contratado, por exemplo, s\u00f3 recebe pelas horas que est\u00e1 de p\u00e9 \u2014 se precisa parar, adoecer ou descansar, perde renda. Como esperar que algu\u00e9m cuide de si nesse cen\u00e1rio?<\/p>\n\n\n\n<p>\u00c9 urgente que passemos a falar n\u00e3o s\u00f3 do desgaste f\u00edsico, mas tamb\u00e9m do desgaste emocional de quem vive nesse ciclo. E mais urgente ainda \u00e9 que nos organizemos para cobrar direitos que respeitem a vida de quem trabalha.<\/p>\n\n\n\n<p>Precisamos exigir, por exemplo, que o acesso a consultas m\u00e9dicas aconte\u00e7a tamb\u00e9m fora do hor\u00e1rio comercial, para que n\u00e3o seja necess\u00e1rio escolher entre cuidar da sa\u00fade ou manter o emprego. Precisamos defender condi\u00e7\u00f5es de trabalho que respeitem pausas, folgas reais, jornadas humanas.<\/p>\n\n\n\n<p>E mais: seria essencial que espa\u00e7os como a C\u00e2mara Municipal abrissem, pelo menos a cada quinze dias, em hor\u00e1rios acess\u00edveis aos trabalhadores, para que pudessem fazer suas reivindica\u00e7\u00f5es, dizer onde d\u00f3i, pedir o que lhes \u00e9 de direito. Porque pol\u00edticas p\u00fablicas s\u00f3 nascem quando a voz de quem trabalha encontra lugar para ecoar.<\/p>\n\n\n\n<p>A sa\u00fade do trabalhador(a) come\u00e7a quando paramos de fingir que tudo isso \u00e9 normal.<br>E come\u00e7a, tamb\u00e9m, quando entendemos que n\u00e3o basta resistir \u2014 \u00e9 preciso organizar-se para exigir o que nunca deveria ter sido negado.<\/p>\n","protected":false},"excerpt":{"rendered":"<p>Enquanto fingimos que est\u00e1 tudo bem, trabalhadores adoecem sem direito a descanso, sa\u00fade ou dignidade. Aconteceu dia 29 de mar\u00e7o de 2025 a 1\u00aa Confer\u00eancia Municipal de Sa\u00fade do Trabalhador e da trabalhadora, em C\u00e1ceres-MT. Eu poderia contar aqui sobre os debates, os dados, as propostas apresentadas \u2014 mas, para ser honesta, s\u00f3 consegui assistir &hellip;<\/p>\n<p class=\"read-more\"> <a class=\"\" href=\"https:\/\/quemcuidadocuidador.com.br\/index.php\/2025\/03\/29\/o-mito-do-normal-tambem-mora-no-trabalho\/\"> <span class=\"screen-reader-text\">O Mito do Normal Tamb\u00e9m Mora no Trabalho<\/span> Leia mais &raquo;<\/a><\/p>\n","protected":false},"author":2,"featured_media":929,"comment_status":"open","ping_status":"open","sticky":false,"template":"","format":"standard","meta":{"om_disable_all_campaigns":false,"_monsterinsights_skip_tracking":false,"_monsterinsights_sitenote_active":false,"_monsterinsights_sitenote_note":"","_monsterinsights_sitenote_category":0,"site-sidebar-layout":"","site-content-layout":"","ast-main-header-display":"","ast-hfb-above-header-display":"","ast-hfb-below-header-display":"","ast-hfb-mobile-header-display":"","site-post-title":"","ast-breadcrumbs-content":"","ast-featured-img":"","footer-sml-layout":"","theme-transparent-header-meta":"","adv-header-id-meta":"","stick-header-meta":"","header-above-stick-meta":"","header-main-stick-meta":"","header-below-stick-meta":""},"categories":[5],"tags":[],"uagb_featured_image_src":{"full":["https:\/\/quemcuidadocuidador.com.br\/wp-content\/uploads\/2025\/03\/WhatsApp-Image-2025-03-29-at-13.12.03.jpeg",960,1280,false],"thumbnail":["https:\/\/quemcuidadocuidador.com.br\/wp-content\/uploads\/2025\/03\/WhatsApp-Image-2025-03-29-at-13.12.03-150x150.jpeg",150,150,true],"medium":["https:\/\/quemcuidadocuidador.com.br\/wp-content\/uploads\/2025\/03\/WhatsApp-Image-2025-03-29-at-13.12.03-225x300.jpeg",225,300,true],"medium_large":["https:\/\/quemcuidadocuidador.com.br\/wp-content\/uploads\/2025\/03\/WhatsApp-Image-2025-03-29-at-13.12.03-768x1024.jpeg",768,1024,true],"large":["https:\/\/quemcuidadocuidador.com.br\/wp-content\/uploads\/2025\/03\/WhatsApp-Image-2025-03-29-at-13.12.03-768x1024.jpeg",768,1024,true],"1536x1536":["https:\/\/quemcuidadocuidador.com.br\/wp-content\/uploads\/2025\/03\/WhatsApp-Image-2025-03-29-at-13.12.03.jpeg",960,1280,false],"2048x2048":["https:\/\/quemcuidadocuidador.com.br\/wp-content\/uploads\/2025\/03\/WhatsApp-Image-2025-03-29-at-13.12.03.jpeg",960,1280,false]},"uagb_author_info":{"display_name":"Cicera A Feitosa","author_link":"https:\/\/quemcuidadocuidador.com.br\/index.php\/author\/cicera\/"},"uagb_comment_info":1,"uagb_excerpt":"Enquanto fingimos que est\u00e1 tudo bem, trabalhadores adoecem sem direito a descanso, sa\u00fade ou dignidade. Aconteceu dia 29 de mar\u00e7o de 2025 a 1\u00aa Confer\u00eancia Municipal de Sa\u00fade do Trabalhador e da trabalhadora, em C\u00e1ceres-MT. Eu poderia contar aqui sobre os debates, os dados, as propostas apresentadas \u2014 mas, para ser honesta, s\u00f3 consegui assistir&hellip;","_links":{"self":[{"href":"https:\/\/quemcuidadocuidador.com.br\/index.php\/wp-json\/wp\/v2\/posts\/928"}],"collection":[{"href":"https:\/\/quemcuidadocuidador.com.br\/index.php\/wp-json\/wp\/v2\/posts"}],"about":[{"href":"https:\/\/quemcuidadocuidador.com.br\/index.php\/wp-json\/wp\/v2\/types\/post"}],"author":[{"embeddable":true,"href":"https:\/\/quemcuidadocuidador.com.br\/index.php\/wp-json\/wp\/v2\/users\/2"}],"replies":[{"embeddable":true,"href":"https:\/\/quemcuidadocuidador.com.br\/index.php\/wp-json\/wp\/v2\/comments?post=928"}],"version-history":[{"count":2,"href":"https:\/\/quemcuidadocuidador.com.br\/index.php\/wp-json\/wp\/v2\/posts\/928\/revisions"}],"predecessor-version":[{"id":932,"href":"https:\/\/quemcuidadocuidador.com.br\/index.php\/wp-json\/wp\/v2\/posts\/928\/revisions\/932"}],"wp:featuredmedia":[{"embeddable":true,"href":"https:\/\/quemcuidadocuidador.com.br\/index.php\/wp-json\/wp\/v2\/media\/929"}],"wp:attachment":[{"href":"https:\/\/quemcuidadocuidador.com.br\/index.php\/wp-json\/wp\/v2\/media?parent=928"}],"wp:term":[{"taxonomy":"category","embeddable":true,"href":"https:\/\/quemcuidadocuidador.com.br\/index.php\/wp-json\/wp\/v2\/categories?post=928"},{"taxonomy":"post_tag","embeddable":true,"href":"https:\/\/quemcuidadocuidador.com.br\/index.php\/wp-json\/wp\/v2\/tags?post=928"}],"curies":[{"name":"wp","href":"https:\/\/api.w.org\/{rel}","templated":true}]}}