{"id":924,"date":"2025-03-22T15:24:24","date_gmt":"2025-03-22T19:24:24","guid":{"rendered":"https:\/\/quemcuidadocuidador.com.br\/?p=924"},"modified":"2025-03-22T15:24:25","modified_gmt":"2025-03-22T19:24:25","slug":"a-vitoria-da-fe-entre-inclusao-e-limites","status":"publish","type":"post","link":"https:\/\/quemcuidadocuidador.com.br\/index.php\/2025\/03\/22\/a-vitoria-da-fe-entre-inclusao-e-limites\/","title":{"rendered":"A vit\u00f3ria da f\u00e9: Entre Inclus\u00e3o e Limites"},"content":{"rendered":"\n<p>Na madrugada, como prometido, est\u00e1vamos l\u00e1. A mochila pronta, os p\u00e9s preparados para o que viesse. Pedro seguiu firme, passo ap\u00f3s passo, enquanto eu fazia o que podia para acompanh\u00e1-lo.<\/p>\n\n\n\n<p>A noite estava linda. A lua cheia derramava uma claridade m\u00e1gica sobre o caminho, revelando um c\u00e9u estrelado e um c\u00edrculo ao redor da lua que conferia ainda mais encantamento \u00e0 noite. A estrada se descortinava \u00e0 nossa frente, iluminada por essa lua. Caminh\u00e1vamos sob esse cen\u00e1rio quase irreal, embalados pelos cantos e ora\u00e7\u00f5es dos fi\u00e9is que seguiam juntos.<\/p>\n\n\n\n<p>Houve um momento em que o Padre chamou a aten\u00e7\u00e3o dos jovens pelas conversas animadas. Est\u00e1vamos em um momento de contri\u00e7\u00e3o, e l\u00e1 atr\u00e1s, enquanto lutava contra as subidas, pensei: <em>como \u00e9 bom ser jovem!<\/em> Pois, para mim, naquela inclina\u00e7\u00e3o, era imposs\u00edvel respirar e rezar ao mesmo tempo \u2013 ou respirava, ou falava.<\/p>\n\n\n\n<p>Consegui 11 quil\u00f4metros. Rastejando, empurrando os limites da dor, mas consegui. N\u00e3o cheguei at\u00e9 o final, mas caminhei mais do que imaginava ser poss\u00edvel. Pedro, por outro lado, cruzou a linha de chegada, completando o percurso ao lado de sua madrinha Kelem, que inicialmente n\u00e3o participaria da Peregrina\u00e7\u00e3o, mas que conseguiu, de \u00faltima hora, estar presente.<\/p>\n\n\n\n<p>A peregrina\u00e7\u00e3o, para ele, n\u00e3o era apenas uma caminhada \u2013 era a reafirma\u00e7\u00e3o de que ele podia, de que ele pertencia, de que sua f\u00e9 e sua for\u00e7a o levavam adiante. Ali, ele n\u00e3o era diferente. Talvez a peregrina\u00e7\u00e3o seja um momento que permita \u00e0s pessoas olharem para dentro e perceberem suas pr\u00f3prias limita\u00e7\u00f5es, e quando isso acontece, aprendemos a respeitar as diferen\u00e7as do outro. \u00c9 no respeito \u00e0 diferen\u00e7a que a completude, a f\u00e9 e a gratid\u00e3o se manifestam.<\/p>\n\n\n\n<p>Na \u00faltima parada, precisei tomar uma decis\u00e3o. Seguir em frente e talvez comprometer minha capacidade de dirigir de volta, ou reconhecer que era hora de parar? Escolhi parar. Fui para o postinho, tomei uma inje\u00e7\u00e3o e respirei fundo. Se insisti at\u00e9 onde pude foi porque sabia o quanto isso significava para Pedro. Se parei foi porque tamb\u00e9m aprendi que o cuidador precisa saber a hora de recuar para continuar sendo suporte.<\/p>\n\n\n\n<p>E nesse processo de inclus\u00e3o e ajuda, o leque de pessoas a cuidar dele se expandiu. Al\u00e9m da madrinha Kelem, que o acompanhou at\u00e9 o final, Pedro foi entregue em casa pela Elizeth, vizinha da minha irm\u00e3. Quando entrou, foi at\u00e9 o quarto e perguntou:<\/p>\n\n\n\n<p>\u2014 M\u00e3e, voc\u00ea est\u00e1 bem?<\/p>\n\n\n\n<p>Disse que sim. Ele ent\u00e3o se dirigiu ao outro quarto, deitou e dormiu at\u00e9 a hora do almo\u00e7o.<\/p>\n\n\n\n<p>A caminhada foi uma vit\u00f3ria. Para ele, que chegou ao final. Para mim, que reconheci meus pr\u00f3prios limites sem sentir que falhei. E, no fim das contas, n\u00e3o foi sobre chegar ao destino, mas sobre seguir em frente \u2013 juntos.<\/p>\n","protected":false},"excerpt":{"rendered":"<p>Na madrugada, como prometido, est\u00e1vamos l\u00e1. A mochila pronta, os p\u00e9s preparados para o que viesse. Pedro seguiu firme, passo ap\u00f3s passo, enquanto eu fazia o que podia para acompanh\u00e1-lo. A noite estava linda. A lua cheia derramava uma claridade m\u00e1gica sobre o caminho, revelando um c\u00e9u estrelado e um c\u00edrculo ao redor da lua &hellip;<\/p>\n<p class=\"read-more\"> <a class=\"\" href=\"https:\/\/quemcuidadocuidador.com.br\/index.php\/2025\/03\/22\/a-vitoria-da-fe-entre-inclusao-e-limites\/\"> <span class=\"screen-reader-text\">A vit\u00f3ria da f\u00e9: Entre Inclus\u00e3o e Limites<\/span> Leia mais &raquo;<\/a><\/p>\n","protected":false},"author":2,"featured_media":925,"comment_status":"open","ping_status":"open","sticky":false,"template":"","format":"standard","meta":{"om_disable_all_campaigns":false,"_monsterinsights_skip_tracking":false,"_monsterinsights_sitenote_active":false,"_monsterinsights_sitenote_note":"","_monsterinsights_sitenote_category":0,"site-sidebar-layout":"","site-content-layout":"","ast-main-header-display":"","ast-hfb-above-header-display":"","ast-hfb-below-header-display":"","ast-hfb-mobile-header-display":"","site-post-title":"","ast-breadcrumbs-content":"","ast-featured-img":"","footer-sml-layout":"","theme-transparent-header-meta":"","adv-header-id-meta":"","stick-header-meta":"","header-above-stick-meta":"","header-main-stick-meta":"","header-below-stick-meta":""},"categories":[5],"tags":[],"uagb_featured_image_src":{"full":["https:\/\/quemcuidadocuidador.com.br\/wp-content\/uploads\/2025\/03\/WhatsApp-Image-2025-03-22-at-15.15.56.jpeg",600,1065,false],"thumbnail":["https:\/\/quemcuidadocuidador.com.br\/wp-content\/uploads\/2025\/03\/WhatsApp-Image-2025-03-22-at-15.15.56-150x150.jpeg",150,150,true],"medium":["https:\/\/quemcuidadocuidador.com.br\/wp-content\/uploads\/2025\/03\/WhatsApp-Image-2025-03-22-at-15.15.56-169x300.jpeg",169,300,true],"medium_large":["https:\/\/quemcuidadocuidador.com.br\/wp-content\/uploads\/2025\/03\/WhatsApp-Image-2025-03-22-at-15.15.56.jpeg",600,1065,false],"large":["https:\/\/quemcuidadocuidador.com.br\/wp-content\/uploads\/2025\/03\/WhatsApp-Image-2025-03-22-at-15.15.56-577x1024.jpeg",577,1024,true],"1536x1536":["https:\/\/quemcuidadocuidador.com.br\/wp-content\/uploads\/2025\/03\/WhatsApp-Image-2025-03-22-at-15.15.56.jpeg",600,1065,false],"2048x2048":["https:\/\/quemcuidadocuidador.com.br\/wp-content\/uploads\/2025\/03\/WhatsApp-Image-2025-03-22-at-15.15.56.jpeg",600,1065,false]},"uagb_author_info":{"display_name":"Cicera A Feitosa","author_link":"https:\/\/quemcuidadocuidador.com.br\/index.php\/author\/cicera\/"},"uagb_comment_info":1,"uagb_excerpt":"Na madrugada, como prometido, est\u00e1vamos l\u00e1. A mochila pronta, os p\u00e9s preparados para o que viesse. Pedro seguiu firme, passo ap\u00f3s passo, enquanto eu fazia o que podia para acompanh\u00e1-lo. A noite estava linda. A lua cheia derramava uma claridade m\u00e1gica sobre o caminho, revelando um c\u00e9u estrelado e um c\u00edrculo ao redor da lua&hellip;","_links":{"self":[{"href":"https:\/\/quemcuidadocuidador.com.br\/index.php\/wp-json\/wp\/v2\/posts\/924"}],"collection":[{"href":"https:\/\/quemcuidadocuidador.com.br\/index.php\/wp-json\/wp\/v2\/posts"}],"about":[{"href":"https:\/\/quemcuidadocuidador.com.br\/index.php\/wp-json\/wp\/v2\/types\/post"}],"author":[{"embeddable":true,"href":"https:\/\/quemcuidadocuidador.com.br\/index.php\/wp-json\/wp\/v2\/users\/2"}],"replies":[{"embeddable":true,"href":"https:\/\/quemcuidadocuidador.com.br\/index.php\/wp-json\/wp\/v2\/comments?post=924"}],"version-history":[{"count":1,"href":"https:\/\/quemcuidadocuidador.com.br\/index.php\/wp-json\/wp\/v2\/posts\/924\/revisions"}],"predecessor-version":[{"id":926,"href":"https:\/\/quemcuidadocuidador.com.br\/index.php\/wp-json\/wp\/v2\/posts\/924\/revisions\/926"}],"wp:featuredmedia":[{"embeddable":true,"href":"https:\/\/quemcuidadocuidador.com.br\/index.php\/wp-json\/wp\/v2\/media\/925"}],"wp:attachment":[{"href":"https:\/\/quemcuidadocuidador.com.br\/index.php\/wp-json\/wp\/v2\/media?parent=924"}],"wp:term":[{"taxonomy":"category","embeddable":true,"href":"https:\/\/quemcuidadocuidador.com.br\/index.php\/wp-json\/wp\/v2\/categories?post=924"},{"taxonomy":"post_tag","embeddable":true,"href":"https:\/\/quemcuidadocuidador.com.br\/index.php\/wp-json\/wp\/v2\/tags?post=924"}],"curies":[{"name":"wp","href":"https:\/\/api.w.org\/{rel}","templated":true}]}}