{"id":918,"date":"2025-03-15T09:07:54","date_gmt":"2025-03-15T13:07:54","guid":{"rendered":"https:\/\/quemcuidadocuidador.com.br\/?p=918"},"modified":"2025-03-15T10:59:55","modified_gmt":"2025-03-15T14:59:55","slug":"se-ele-vai-eu-vou","status":"publish","type":"post","link":"https:\/\/quemcuidadocuidador.com.br\/index.php\/2025\/03\/15\/se-ele-vai-eu-vou\/","title":{"rendered":"Se Ele Vai, Eu Vou"},"content":{"rendered":"\n<p>Pedro colocou as m\u00e3os sobre os joelhos e me olhou s\u00e9rio.<\/p>\n\n\n\n<p>\u2014 Estou rezando todas as noites para voc\u00ea conseguir fazer a caminhada.<\/p>\n\n\n\n<p>Respirei fundo. Eu sei o quanto essa caminhada significa para ele. No ano passado, ele percorreu os 14 quil\u00f4metros de Lambari D\u2019Oeste-MT at\u00e9 a comunidade do Pingador ao lado de Kelem, sua madrinha. Um ato de vit\u00f3ria. Mas este ano, Kelem est\u00e1 cuidando da m\u00e3e doente, e por semanas tentei encontrar algu\u00e9m que fosse com Pedro. N\u00e3o consegui.<\/p>\n\n\n\n<p>E ent\u00e3o, sem que eu percebesse, Pedro resolveu o problema \u00e0 sua maneira: rezando por mim. Para garantir sua participa\u00e7\u00e3o pela segunda vez na 3\u00aa Peregrina\u00e7\u00e3o de S\u00e3o Jos\u00e9.<\/p>\n\n\n\n<p>A loja, os t\u00eanis, o compromisso pesando nos p\u00e9s e no peito. A mochila est\u00e1 pronta: \u00e1gua, algo para comer e suprimentos para aliviar a dor \u2013 porque a fascite plantar e o espor\u00e3o ainda est\u00e3o aqui. Levo o necess\u00e1rio para seguir em frente. O percurso \u00e9 longo, e a madrugada ser\u00e1 desafiadora.<\/p>\n\n\n\n<p>Incluir deveria ser algo natural, mas nem sempre \u00e9. Enquanto algumas experi\u00eancias s\u00e3o acess\u00edveis sem esfor\u00e7o, outras s\u00f3 acontecem porque algu\u00e9m decide carregar junto quem poderia ser deixado para tr\u00e1s. E, no fim das contas, quase sempre h\u00e1 um nome certo para essa responsabilidade. Desta vez, o meu.<\/p>\n\n\n\n<p>\u00c0 meia-noite, estaremos na estrada. Passo ap\u00f3s passo, no escuro da madrugada. O cansa\u00e7o vir\u00e1, a dor tamb\u00e9m. Se vou conseguir ou n\u00e3o terminar o percurso? S\u00f3 vou descobrir quando os primeiros raios de sol surgirem no horizonte.<\/p>\n\n\n\n<p><\/p>\n","protected":false},"excerpt":{"rendered":"<p>Pedro colocou as m\u00e3os sobre os joelhos e me olhou s\u00e9rio. \u2014 Estou rezando todas as noites para voc\u00ea conseguir fazer a caminhada. Respirei fundo. Eu sei o quanto essa caminhada significa para ele. No ano passado, ele percorreu os 14 quil\u00f4metros de Lambari D\u2019Oeste-MT at\u00e9 a comunidade do Pingador ao lado de Kelem, sua &hellip;<\/p>\n<p class=\"read-more\"> <a class=\"\" href=\"https:\/\/quemcuidadocuidador.com.br\/index.php\/2025\/03\/15\/se-ele-vai-eu-vou\/\"> <span class=\"screen-reader-text\">Se Ele Vai, Eu Vou<\/span> Leia mais &raquo;<\/a><\/p>\n","protected":false},"author":2,"featured_media":919,"comment_status":"open","ping_status":"open","sticky":false,"template":"","format":"standard","meta":{"om_disable_all_campaigns":false,"_monsterinsights_skip_tracking":false,"_monsterinsights_sitenote_active":false,"_monsterinsights_sitenote_note":"","_monsterinsights_sitenote_category":0,"site-sidebar-layout":"","site-content-layout":"","ast-main-header-display":"","ast-hfb-above-header-display":"","ast-hfb-below-header-display":"","ast-hfb-mobile-header-display":"","site-post-title":"","ast-breadcrumbs-content":"","ast-featured-img":"","footer-sml-layout":"","theme-transparent-header-meta":"","adv-header-id-meta":"","stick-header-meta":"","header-above-stick-meta":"","header-main-stick-meta":"","header-below-stick-meta":""},"categories":[5],"tags":[],"uagb_featured_image_src":{"full":["https:\/\/quemcuidadocuidador.com.br\/wp-content\/uploads\/2025\/03\/WhatsApp-Image-2025-03-15-at-07.43.33.jpeg",1341,1581,false],"thumbnail":["https:\/\/quemcuidadocuidador.com.br\/wp-content\/uploads\/2025\/03\/WhatsApp-Image-2025-03-15-at-07.43.33-150x150.jpeg",150,150,true],"medium":["https:\/\/quemcuidadocuidador.com.br\/wp-content\/uploads\/2025\/03\/WhatsApp-Image-2025-03-15-at-07.43.33-254x300.jpeg",254,300,true],"medium_large":["https:\/\/quemcuidadocuidador.com.br\/wp-content\/uploads\/2025\/03\/WhatsApp-Image-2025-03-15-at-07.43.33-768x905.jpeg",768,905,true],"large":["https:\/\/quemcuidadocuidador.com.br\/wp-content\/uploads\/2025\/03\/WhatsApp-Image-2025-03-15-at-07.43.33-869x1024.jpeg",869,1024,true],"1536x1536":["https:\/\/quemcuidadocuidador.com.br\/wp-content\/uploads\/2025\/03\/WhatsApp-Image-2025-03-15-at-07.43.33-1303x1536.jpeg",1303,1536,true],"2048x2048":["https:\/\/quemcuidadocuidador.com.br\/wp-content\/uploads\/2025\/03\/WhatsApp-Image-2025-03-15-at-07.43.33.jpeg",1341,1581,false]},"uagb_author_info":{"display_name":"Cicera A Feitosa","author_link":"https:\/\/quemcuidadocuidador.com.br\/index.php\/author\/cicera\/"},"uagb_comment_info":2,"uagb_excerpt":"Pedro colocou as m\u00e3os sobre os joelhos e me olhou s\u00e9rio. \u2014 Estou rezando todas as noites para voc\u00ea conseguir fazer a caminhada. Respirei fundo. Eu sei o quanto essa caminhada significa para ele. No ano passado, ele percorreu os 14 quil\u00f4metros de Lambari D\u2019Oeste-MT at\u00e9 a comunidade do Pingador ao lado de Kelem, sua&hellip;","_links":{"self":[{"href":"https:\/\/quemcuidadocuidador.com.br\/index.php\/wp-json\/wp\/v2\/posts\/918"}],"collection":[{"href":"https:\/\/quemcuidadocuidador.com.br\/index.php\/wp-json\/wp\/v2\/posts"}],"about":[{"href":"https:\/\/quemcuidadocuidador.com.br\/index.php\/wp-json\/wp\/v2\/types\/post"}],"author":[{"embeddable":true,"href":"https:\/\/quemcuidadocuidador.com.br\/index.php\/wp-json\/wp\/v2\/users\/2"}],"replies":[{"embeddable":true,"href":"https:\/\/quemcuidadocuidador.com.br\/index.php\/wp-json\/wp\/v2\/comments?post=918"}],"version-history":[{"count":2,"href":"https:\/\/quemcuidadocuidador.com.br\/index.php\/wp-json\/wp\/v2\/posts\/918\/revisions"}],"predecessor-version":[{"id":922,"href":"https:\/\/quemcuidadocuidador.com.br\/index.php\/wp-json\/wp\/v2\/posts\/918\/revisions\/922"}],"wp:featuredmedia":[{"embeddable":true,"href":"https:\/\/quemcuidadocuidador.com.br\/index.php\/wp-json\/wp\/v2\/media\/919"}],"wp:attachment":[{"href":"https:\/\/quemcuidadocuidador.com.br\/index.php\/wp-json\/wp\/v2\/media?parent=918"}],"wp:term":[{"taxonomy":"category","embeddable":true,"href":"https:\/\/quemcuidadocuidador.com.br\/index.php\/wp-json\/wp\/v2\/categories?post=918"},{"taxonomy":"post_tag","embeddable":true,"href":"https:\/\/quemcuidadocuidador.com.br\/index.php\/wp-json\/wp\/v2\/tags?post=918"}],"curies":[{"name":"wp","href":"https:\/\/api.w.org\/{rel}","templated":true}]}}