{"id":914,"date":"2025-03-08T07:27:05","date_gmt":"2025-03-08T11:27:05","guid":{"rendered":"https:\/\/quemcuidadocuidador.com.br\/?p=914"},"modified":"2025-03-08T07:27:06","modified_gmt":"2025-03-08T11:27:06","slug":"mulher-mae-atipica-e-cuidadora","status":"publish","type":"post","link":"https:\/\/quemcuidadocuidador.com.br\/index.php\/2025\/03\/08\/mulher-mae-atipica-e-cuidadora\/","title":{"rendered":"Mulher, M\u00e3e At\u00edpica e Cuidadora"},"content":{"rendered":"\n<p><strong>Senhoras e senhores, convido \u00e0 escuta,<\/strong><br>Esta \u00e9 uma homenagem, mas tamb\u00e9m \u00e9 luta.<br>Lembro mulheres, far\u00f3is na hist\u00f3ria,<br>Que rasgaram o tempo e gravaram mem\u00f3ria.<\/p>\n\n\n\n<p>Joana d\u2019Arc, coragem em batalha,<br>Leila Diniz, que rompeu cada muralha.<br>Cora Coralina, poesia e ch\u00e3o,<br>Cle\u00f3patra, poder na palma da m\u00e3o.<\/p>\n\n\n\n<p>Nomes que ecoam, vozes que brilham,<br>Mulheres que ousaram, que abriram trilha.<br>E tantas outras, sem nome ou bras\u00e3o,<br>Mas que escreveram sua pr\u00f3pria miss\u00e3o.<\/p>\n\n\n\n<hr class=\"wp-block-separator\"\/>\n\n\n\n<h3><strong>Ser mulher<\/strong><\/h3>\n\n\n\n<p>Ser mulher \u00e9 andar sobre um fio,<br>Equilibrando sonhos, vencendo o frio.<br>Tem que ser forte, tem que sorrir,<br>Tem que dar conta, tem que seguir.<\/p>\n\n\n\n<p>Ser profissional, ser sempre presente,<br>Ser tudo ao mesmo tempo, e ainda contente.<br>Mas quando se cansa e ousa parar,<br>Dizem que errou, que falta cuidar.<\/p>\n\n\n\n<p>Mas quem cuida dela?<br>Quem lhe estende a m\u00e3o?<br>Ou ser\u00e1 que sua dor se perdeu,<br>Na multid\u00e3o?<\/p>\n\n\n\n<hr class=\"wp-block-separator\"\/>\n\n\n\n<h3><strong>Ser m\u00e3e at\u00edpica<\/strong><\/h3>\n\n\n\n<p>Ser m\u00e3e j\u00e1 \u00e9 entrega, \u00e9 doa\u00e7\u00e3o,<br>Mas h\u00e1 quem receba uma outra miss\u00e3o.<br>Um filho que exige um tempo maior,<br>Que pede um amor ainda mais forte.<\/p>\n\n\n\n<p>Noites em claro, cansa\u00e7o e choro,<br>O dia sem intervalo ou socorro.<br>O filho precisa, o mundo n\u00e3o v\u00ea,<br>A mulher que existia j\u00e1 n\u00e3o sabe quem \u00e9.<\/p>\n\n\n\n<p>A festa de quinze que nunca acontece,<br>O jogo de futebol que ningu\u00e9m marca,<br>A viagem com amigos que nunca se faz,<br>Porque h\u00e1 sempre um limite. Mas o mundo imp\u00f5e mais.<\/p>\n\n\n\n<p>E quando o futuro lhe faz a pergunta:<br><em>&#8220;Quem cuida de ti, quando o corpo desmonta?&#8221;<\/em><\/p>\n\n\n\n<hr class=\"wp-block-separator\"\/>\n\n\n\n<h3><strong>Ser cuidadora<\/strong><\/h3>\n\n\n\n<p>Quem cuida de todos, quem tudo segura,<br>Quem finge ter for\u00e7as, mas vive em fissura,<br>Sabe que o tempo castiga sem d\u00f3,<br>Que o peso se acumula, que a vida \u00e9 um n\u00f3.<\/p>\n\n\n\n<p>O Estado se cala, a fam\u00edlia n\u00e3o ouve,<br>O mundo se afasta, a dor se renova.<br>Se um dia ela parte, quem fica? Quem olha?<br>Seu filho at\u00edpico vira hist\u00f3ria?<\/p>\n\n\n\n<p>N\u00e3o basta homenagem, discurso ensaiado,<br>Se o mundo permite esse amor sobrecarregado.<br>Queremos mais redes, mais vida, mais la\u00e7o,<br>Para que essa mulher n\u00e3o se veja em cansa\u00e7o.<\/p>\n\n\n\n<p>Que cuide, mas viva. Que ame, mas dance.<br>Que tenha descanso. Que tenha um alcance.<br>Que seja lembrada enquanto h\u00e1 tempo.<br>E n\u00e3o s\u00f3 no fim, quando resta o lamento.<\/p>\n\n\n\n<hr class=\"wp-block-separator\"\/>\n\n\n\n<h3><strong>E o que queremos?<\/strong><\/h3>\n\n\n\n<p>Queremos aplausos, queremos flores,<br>Abra\u00e7os, amores, respeito e valores.<br>Mas queremos mais: <strong>justi\u00e7a e a\u00e7\u00e3o,<\/strong><br>N\u00e3o s\u00f3 discursos, promessas em v\u00e3o.<\/p>\n\n\n\n<p>Queremos terapias, rem\u00e9dios, cuidado,<br>Um olhar humano, um SUS fortalecido.<br>Apoio \u00e0s m\u00e3es, apoio \u00e0s causas,<br>Associa\u00e7\u00f5es vivas, portas abertas, n\u00e3o pausas.<\/p>\n\n\n\n<p>Que o <strong>Conselho da Pessoa com Defici\u00eancia<\/strong><br>Levante do papel e ganhe pot\u00eancia!<br>Que v\u00e1 para as ruas, que tenha voz,<br>Que os pol\u00edticos estejam de m\u00e3os dadas com n\u00f3s!<\/p>\n\n\n\n<p>Pois ser cuidadora, ser m\u00e3e, ser guia,<br>N\u00e3o apaga o direito de ser quem um dia<br>Foi menina, foi forte, foi vida e paix\u00e3o,<br>Inteira, em ess\u00eancia, <strong>\u00e9 mulher e cora\u00e7\u00e3o!<\/strong><\/p>\n","protected":false},"excerpt":{"rendered":"<p>Senhoras e senhores, convido \u00e0 escuta,Esta \u00e9 uma homenagem, mas tamb\u00e9m \u00e9 luta.Lembro mulheres, far\u00f3is na hist\u00f3ria,Que rasgaram o tempo e gravaram mem\u00f3ria. Joana d\u2019Arc, coragem em batalha,Leila Diniz, que rompeu cada muralha.Cora Coralina, poesia e ch\u00e3o,Cle\u00f3patra, poder na palma da m\u00e3o. Nomes que ecoam, vozes que brilham,Mulheres que ousaram, que abriram trilha.E tantas outras, &hellip;<\/p>\n<p class=\"read-more\"> <a class=\"\" href=\"https:\/\/quemcuidadocuidador.com.br\/index.php\/2025\/03\/08\/mulher-mae-atipica-e-cuidadora\/\"> <span class=\"screen-reader-text\">Mulher, M\u00e3e At\u00edpica e Cuidadora<\/span> Leia mais &raquo;<\/a><\/p>\n","protected":false},"author":2,"featured_media":915,"comment_status":"open","ping_status":"open","sticky":false,"template":"","format":"standard","meta":{"om_disable_all_campaigns":false,"_monsterinsights_skip_tracking":false,"_monsterinsights_sitenote_active":false,"_monsterinsights_sitenote_note":"","_monsterinsights_sitenote_category":0,"site-sidebar-layout":"","site-content-layout":"","ast-main-header-display":"","ast-hfb-above-header-display":"","ast-hfb-below-header-display":"","ast-hfb-mobile-header-display":"","site-post-title":"","ast-breadcrumbs-content":"","ast-featured-img":"","footer-sml-layout":"","theme-transparent-header-meta":"","adv-header-id-meta":"","stick-header-meta":"","header-above-stick-meta":"","header-main-stick-meta":"","header-below-stick-meta":""},"categories":[5],"tags":[],"uagb_featured_image_src":{"full":["https:\/\/quemcuidadocuidador.com.br\/wp-content\/uploads\/2025\/03\/WhatsApp-Image-2025-03-08-at-07.19.41.jpeg",897,1345,false],"thumbnail":["https:\/\/quemcuidadocuidador.com.br\/wp-content\/uploads\/2025\/03\/WhatsApp-Image-2025-03-08-at-07.19.41-150x150.jpeg",150,150,true],"medium":["https:\/\/quemcuidadocuidador.com.br\/wp-content\/uploads\/2025\/03\/WhatsApp-Image-2025-03-08-at-07.19.41-200x300.jpeg",200,300,true],"medium_large":["https:\/\/quemcuidadocuidador.com.br\/wp-content\/uploads\/2025\/03\/WhatsApp-Image-2025-03-08-at-07.19.41-768x1152.jpeg",768,1152,true],"large":["https:\/\/quemcuidadocuidador.com.br\/wp-content\/uploads\/2025\/03\/WhatsApp-Image-2025-03-08-at-07.19.41-683x1024.jpeg",683,1024,true],"1536x1536":["https:\/\/quemcuidadocuidador.com.br\/wp-content\/uploads\/2025\/03\/WhatsApp-Image-2025-03-08-at-07.19.41.jpeg",897,1345,false],"2048x2048":["https:\/\/quemcuidadocuidador.com.br\/wp-content\/uploads\/2025\/03\/WhatsApp-Image-2025-03-08-at-07.19.41.jpeg",897,1345,false]},"uagb_author_info":{"display_name":"Cicera A Feitosa","author_link":"https:\/\/quemcuidadocuidador.com.br\/index.php\/author\/cicera\/"},"uagb_comment_info":4,"uagb_excerpt":"Senhoras e senhores, convido \u00e0 escuta,Esta \u00e9 uma homenagem, mas tamb\u00e9m \u00e9 luta.Lembro mulheres, far\u00f3is na hist\u00f3ria,Que rasgaram o tempo e gravaram mem\u00f3ria. Joana d\u2019Arc, coragem em batalha,Leila Diniz, que rompeu cada muralha.Cora Coralina, poesia e ch\u00e3o,Cle\u00f3patra, poder na palma da m\u00e3o. Nomes que ecoam, vozes que brilham,Mulheres que ousaram, que abriram trilha.E tantas outras,&hellip;","_links":{"self":[{"href":"https:\/\/quemcuidadocuidador.com.br\/index.php\/wp-json\/wp\/v2\/posts\/914"}],"collection":[{"href":"https:\/\/quemcuidadocuidador.com.br\/index.php\/wp-json\/wp\/v2\/posts"}],"about":[{"href":"https:\/\/quemcuidadocuidador.com.br\/index.php\/wp-json\/wp\/v2\/types\/post"}],"author":[{"embeddable":true,"href":"https:\/\/quemcuidadocuidador.com.br\/index.php\/wp-json\/wp\/v2\/users\/2"}],"replies":[{"embeddable":true,"href":"https:\/\/quemcuidadocuidador.com.br\/index.php\/wp-json\/wp\/v2\/comments?post=914"}],"version-history":[{"count":1,"href":"https:\/\/quemcuidadocuidador.com.br\/index.php\/wp-json\/wp\/v2\/posts\/914\/revisions"}],"predecessor-version":[{"id":916,"href":"https:\/\/quemcuidadocuidador.com.br\/index.php\/wp-json\/wp\/v2\/posts\/914\/revisions\/916"}],"wp:featuredmedia":[{"embeddable":true,"href":"https:\/\/quemcuidadocuidador.com.br\/index.php\/wp-json\/wp\/v2\/media\/915"}],"wp:attachment":[{"href":"https:\/\/quemcuidadocuidador.com.br\/index.php\/wp-json\/wp\/v2\/media?parent=914"}],"wp:term":[{"taxonomy":"category","embeddable":true,"href":"https:\/\/quemcuidadocuidador.com.br\/index.php\/wp-json\/wp\/v2\/categories?post=914"},{"taxonomy":"post_tag","embeddable":true,"href":"https:\/\/quemcuidadocuidador.com.br\/index.php\/wp-json\/wp\/v2\/tags?post=914"}],"curies":[{"name":"wp","href":"https:\/\/api.w.org\/{rel}","templated":true}]}}