{"id":910,"date":"2025-03-01T05:07:34","date_gmt":"2025-03-01T09:07:34","guid":{"rendered":"https:\/\/quemcuidadocuidador.com.br\/?p=910"},"modified":"2025-03-01T05:07:35","modified_gmt":"2025-03-01T09:07:35","slug":"fortes-e-inspiradoras-um-encontro-pela-inclusao-e-pelo-futuro-dos-nossos-filhos","status":"publish","type":"post","link":"https:\/\/quemcuidadocuidador.com.br\/index.php\/2025\/03\/01\/fortes-e-inspiradoras-um-encontro-pela-inclusao-e-pelo-futuro-dos-nossos-filhos\/","title":{"rendered":"Fortes e Inspiradoras: Um encontro pela inclus\u00e3o e pelo futuro dos nossos filhos"},"content":{"rendered":"\n<p>No \u00faltimo s\u00e1bado, vivi um momento marcante no <strong>Centro Paral\u00edmpico de C\u00e1ceres<\/strong>, um espa\u00e7o de transforma\u00e7\u00e3o para tantas crian\u00e7as e jovens, incluindo o meu filho, que faz parte deste projeto essencial.<\/p>\n\n\n\n<p>Fui convidada para representar as <strong>m\u00e3es at\u00edpicas<\/strong> na visita do <strong>Deputado Estadual L\u00fadio Cabral<\/strong>, um encontro que nos permitiu apresentar a realidade do Centro, falar das atividades realizadas e, principalmente, entregar um <strong>documento com reivindica\u00e7\u00f5es<\/strong> que podem fazer a diferen\u00e7a na vida dos nossos filhos \u2013 e na nossa tamb\u00e9m.<\/p>\n\n\n\n<p>Al\u00e9m desse documento, entreguei ao deputado o livro <strong>&#8220;Fortes e Inspiradoras \u2013 Hist\u00f3rias de mulheres que transformaram desafios em inspira\u00e7\u00e3o&#8221;<\/strong>, do qual sou coautora, e nele inclu\u00ed uma dedicat\u00f3ria especial, escrita como um grito coletivo de todas n\u00f3s, m\u00e3es, que lutamos diariamente por um futuro mais justo e inclusivo. As m\u00e3es assinaram esse texto, refor\u00e7ando que esta n\u00e3o \u00e9 uma luta individual, mas uma causa que nos une.<\/p>\n\n\n\n<p><strong>Nossa Voz, Nossa Luta<\/strong><\/p>\n\n\n\n<p>*&#8221;Somos m\u00e3es at\u00edpicas. Conhecemos a alegria de cada pequena conquista e a dor da falta de apoio. N\u00e3o pedimos favores, mas exigimos direitos. Queremos ser ouvidas. Queremos que os direitos dos nossos filhos sejam efetivados na pr\u00e1tica. Queremos que o respeito pelo diferente e pelas diferen\u00e7as seja t\u00e3o natural quanto respirar.<\/p>\n\n\n\n<p>Precisamos de acesso a terapias, educa\u00e7\u00e3o especializada, inclus\u00e3o verdadeira. Precisamos de pol\u00edticas p\u00fablicas que respeitem nossas crian\u00e7as e que nos fortale\u00e7am como cuidadoras. Pedimos, mas tamb\u00e9m agimos, e n\u00e3o vamos parar at\u00e9 que nossos filhos tenham o que merecem: dignidade, respeito e oportunidades. Assinamos este texto juntas, porque juntas somos mais fortes.&#8221;*<\/p>\n\n\n\n<p>Este momento foi mais do que uma visita institucional. Foi um <strong>ato de resist\u00eancia, de esperan\u00e7a e de luta por mudan\u00e7as reais<\/strong>. Que esta seja apenas a primeira de muitas portas que abrimos para nossos filhos e para todos os cuidadores que, como n\u00f3s, dedicam suas vidas a quem mais precisa.<\/p>\n\n\n\n<p>\ud83d\udcac <strong>E voc\u00ea, o que acha que pode ser feito para melhorar a vida das crian\u00e7as e dos cuidadores? Partilha nos coment\u00e1rios!<\/strong><\/p>\n","protected":false},"excerpt":{"rendered":"<p>No \u00faltimo s\u00e1bado, vivi um momento marcante no Centro Paral\u00edmpico de C\u00e1ceres, um espa\u00e7o de transforma\u00e7\u00e3o para tantas crian\u00e7as e jovens, incluindo o meu filho, que faz parte deste projeto essencial. Fui convidada para representar as m\u00e3es at\u00edpicas na visita do Deputado Estadual L\u00fadio Cabral, um encontro que nos permitiu apresentar a realidade do Centro, &hellip;<\/p>\n<p class=\"read-more\"> <a class=\"\" href=\"https:\/\/quemcuidadocuidador.com.br\/index.php\/2025\/03\/01\/fortes-e-inspiradoras-um-encontro-pela-inclusao-e-pelo-futuro-dos-nossos-filhos\/\"> <span class=\"screen-reader-text\">Fortes e Inspiradoras: Um encontro pela inclus\u00e3o e pelo futuro dos nossos filhos<\/span> Leia mais &raquo;<\/a><\/p>\n","protected":false},"author":2,"featured_media":911,"comment_status":"open","ping_status":"open","sticky":false,"template":"","format":"standard","meta":{"om_disable_all_campaigns":false,"_monsterinsights_skip_tracking":false,"_monsterinsights_sitenote_active":false,"_monsterinsights_sitenote_note":"","_monsterinsights_sitenote_category":0,"site-sidebar-layout":"","site-content-layout":"","ast-main-header-display":"","ast-hfb-above-header-display":"","ast-hfb-below-header-display":"","ast-hfb-mobile-header-display":"","site-post-title":"","ast-breadcrumbs-content":"","ast-featured-img":"","footer-sml-layout":"","theme-transparent-header-meta":"","adv-header-id-meta":"","stick-header-meta":"","header-above-stick-meta":"","header-main-stick-meta":"","header-below-stick-meta":""},"categories":[5],"tags":[],"uagb_featured_image_src":{"full":["https:\/\/quemcuidadocuidador.com.br\/wp-content\/uploads\/2025\/03\/WhatsApp-Image-2025-03-01-at-04.24.24.jpeg",1200,1600,false],"thumbnail":["https:\/\/quemcuidadocuidador.com.br\/wp-content\/uploads\/2025\/03\/WhatsApp-Image-2025-03-01-at-04.24.24-150x150.jpeg",150,150,true],"medium":["https:\/\/quemcuidadocuidador.com.br\/wp-content\/uploads\/2025\/03\/WhatsApp-Image-2025-03-01-at-04.24.24-225x300.jpeg",225,300,true],"medium_large":["https:\/\/quemcuidadocuidador.com.br\/wp-content\/uploads\/2025\/03\/WhatsApp-Image-2025-03-01-at-04.24.24-768x1024.jpeg",768,1024,true],"large":["https:\/\/quemcuidadocuidador.com.br\/wp-content\/uploads\/2025\/03\/WhatsApp-Image-2025-03-01-at-04.24.24-768x1024.jpeg",768,1024,true],"1536x1536":["https:\/\/quemcuidadocuidador.com.br\/wp-content\/uploads\/2025\/03\/WhatsApp-Image-2025-03-01-at-04.24.24-1152x1536.jpeg",1152,1536,true],"2048x2048":["https:\/\/quemcuidadocuidador.com.br\/wp-content\/uploads\/2025\/03\/WhatsApp-Image-2025-03-01-at-04.24.24.jpeg",1200,1600,false]},"uagb_author_info":{"display_name":"Cicera A Feitosa","author_link":"https:\/\/quemcuidadocuidador.com.br\/index.php\/author\/cicera\/"},"uagb_comment_info":1,"uagb_excerpt":"No \u00faltimo s\u00e1bado, vivi um momento marcante no Centro Paral\u00edmpico de C\u00e1ceres, um espa\u00e7o de transforma\u00e7\u00e3o para tantas crian\u00e7as e jovens, incluindo o meu filho, que faz parte deste projeto essencial. Fui convidada para representar as m\u00e3es at\u00edpicas na visita do Deputado Estadual L\u00fadio Cabral, um encontro que nos permitiu apresentar a realidade do Centro,&hellip;","_links":{"self":[{"href":"https:\/\/quemcuidadocuidador.com.br\/index.php\/wp-json\/wp\/v2\/posts\/910"}],"collection":[{"href":"https:\/\/quemcuidadocuidador.com.br\/index.php\/wp-json\/wp\/v2\/posts"}],"about":[{"href":"https:\/\/quemcuidadocuidador.com.br\/index.php\/wp-json\/wp\/v2\/types\/post"}],"author":[{"embeddable":true,"href":"https:\/\/quemcuidadocuidador.com.br\/index.php\/wp-json\/wp\/v2\/users\/2"}],"replies":[{"embeddable":true,"href":"https:\/\/quemcuidadocuidador.com.br\/index.php\/wp-json\/wp\/v2\/comments?post=910"}],"version-history":[{"count":1,"href":"https:\/\/quemcuidadocuidador.com.br\/index.php\/wp-json\/wp\/v2\/posts\/910\/revisions"}],"predecessor-version":[{"id":912,"href":"https:\/\/quemcuidadocuidador.com.br\/index.php\/wp-json\/wp\/v2\/posts\/910\/revisions\/912"}],"wp:featuredmedia":[{"embeddable":true,"href":"https:\/\/quemcuidadocuidador.com.br\/index.php\/wp-json\/wp\/v2\/media\/911"}],"wp:attachment":[{"href":"https:\/\/quemcuidadocuidador.com.br\/index.php\/wp-json\/wp\/v2\/media?parent=910"}],"wp:term":[{"taxonomy":"category","embeddable":true,"href":"https:\/\/quemcuidadocuidador.com.br\/index.php\/wp-json\/wp\/v2\/categories?post=910"},{"taxonomy":"post_tag","embeddable":true,"href":"https:\/\/quemcuidadocuidador.com.br\/index.php\/wp-json\/wp\/v2\/tags?post=910"}],"curies":[{"name":"wp","href":"https:\/\/api.w.org\/{rel}","templated":true}]}}