{"id":906,"date":"2025-02-22T05:48:25","date_gmt":"2025-02-22T09:48:25","guid":{"rendered":"https:\/\/quemcuidadocuidador.com.br\/?p=906"},"modified":"2025-02-22T05:48:26","modified_gmt":"2025-02-22T09:48:26","slug":"quero-a-festa-em-meu-viver","status":"publish","type":"post","link":"https:\/\/quemcuidadocuidador.com.br\/index.php\/2025\/02\/22\/quero-a-festa-em-meu-viver\/","title":{"rendered":"Quero a Festa em meu Viver"},"content":{"rendered":"\n<p>Quem cuida bem sabe o peso<br>De fazer tudo dar certo.<br>E quando a festa \u00e9 para um filho,<br>O cora\u00e7\u00e3o bate esperto.<br>Mas entre um bolo e um bal\u00e3o,<br>Foi-se embora a raz\u00e3o,<br>E o caos ficou por perto.<\/p>\n\n\n\n<p>Na ter\u00e7a, deixei Pedro<br>Na aula do Paral\u00edmpico,<br>E corri para a Lodi,<br>Comprar tudo, bem t\u00edpico.<br>Bal\u00f5es, vela, lembrancinhas,<br>Copos, pratos e guardanapos,<br>Comprei a coisa todinha.<\/p>\n\n\n\n<p>Entreguei ao professor<br>A decora\u00e7\u00e3o a fazer.<br>Mas \u00e0 tarde, Pedro disse:<br><em>&#8220;Quero a festa em meu viver!&#8221;<\/em><br>E l\u00e1 se foi o planejado,<br>Corre-corre e convidado,<br>Agora \u00e9 em casa a acontecer!<\/p>\n\n\n\n<p>Com vergonha, fui ligar<br>Para o Projeto Paral\u00edmpico,<br>Desmarcando a decora\u00e7\u00e3o,<br>E o evento, qu\u00e3o at\u00edpico!<br>Pedro pegou o telefone<br>E, pelas fotos do WhatsApp,<br>Chamou cada amigo.<\/p>\n\n\n\n<p>Na quarta-feira, foi loucura:<br>Faxina e documento.<br>E Pedro, ansioso,<br>Deu fim a um bom alimento.<br>As balas de banana,<br>Para a lembrancinha bacana,<br>Foram para seu fornecimento!<\/p>\n\n\n\n<p>Com a minha impressora quebrada,<br>Corri na vizinha para resolver.<br>Precisava imprimir as frases,<br>Para as lembran\u00e7as preencher.<br>Apressada e impaciente,<br>Mas tudo foi se ajeitando.<br>Com ajuda fui contando,<br>E a tens\u00e3o foi se desfazendo.<\/p>\n\n\n\n<p>Mas, no corre da lida,<br>As frases ficaram esquecidas.<br>Cuidar \u00e9 ser equilibrista,<br>Mas tamb\u00e9m humano na corrida.<br>Por isso, \u00e0s vezes, sem danos,<br>\u00c9 comum alguns enganos.<\/p>\n\n\n\n<p>Quinta amanheceu depressa,<br>Pedro veio cobrar:<br><em>&#8220;Hei, cad\u00ea os parab\u00e9ns?&#8221;<\/em><br>Nem tempo de respirar!<br>Morgana, a lavadora,<br>Voltou para minha lida agora,<br>Alegria sem par!<\/p>\n\n\n\n<p>Fui ao Paral\u00edmpico buscar<br>Decora\u00e7\u00e3o e alegria.<br>Na Lodi de novo entrei,<br>Mais bala eu trazia.<br>Fiz a sobrancelha correndo,<br>No sal\u00e3o j\u00e1 lembrando<br>Do outro convite que Pedro fazia.<\/p>\n\n\n\n<p>Chegando ao Paral\u00edmpico,<br>Tinha parab\u00e9ns a tocar.<br>E uma m\u00fasica do Michael,<br>Pedro amou escutar!<br>Cantaram, bateram palma,<br>E Pedro sorria com a alma.<br>A festa j\u00e1 a come\u00e7ar!<\/p>\n\n\n\n<p>Almo\u00e7o pra fazer, lembrancinha a montar.<br>Na correria com minha irm\u00e3,<br>Sa\u00edmos a entregar.<br>Na Defensoria, um documento,<br>Mas percebi um engano:<br>Um raio-x esperando<br>E Pedro sem realizar!<\/p>\n\n\n\n<p>Organizei o espa\u00e7o da \u00e1rea para a festa,<br>Mas sem l\u00e2mpada, invi\u00e1vel ficar.<br>Pedro, ansioso, num gesto ligeiro,<br>Quebrou o bocal sem nem reparar.<br>Quem tem filho autista bem sabe:<br>Bra\u00e7os e m\u00e3os sem parar.<br>Na pressa de um dia esperado,<br>Tudo pode se movimentar!<\/p>\n\n\n\n<p>Corri ao vizinho eletricista,<br>Para a ilumina\u00e7\u00e3o arrumar.<br>Pedro, com seus bal\u00f5es,<br>Mal conseguia amarrar.<br>Eu e Bernardete salvamos,<br>Com aparelho de inala\u00e7\u00e3o inflamos,<br>Para a decora\u00e7\u00e3o melhorar!<\/p>\n\n\n\n<p>No mercado, refrigerante,<br>No caminho, uma chamada.<br>Perguntaram a Pedro a idade,<br>Respondeu <em>&#8220;cinco!&#8221;<\/em> sem pensar.<br>Sem peso, sem ansiedade,<br>Para ele, n\u00e3o faz diferen\u00e7a.<br>O tempo \u00e9 s\u00f3 um detalhe,<br>E enquanto h\u00e1 festa e afeto,<br>A vida segue sem falha.<\/p>\n\n\n\n<p>Peguei o bolo reluzindo,<br>Um presente da madrinha.<br>Cl\u00e1udia, com tanto carinho,<br>Fez a do\u00e7ura que ilumina.<br>Disse a doceira sorrindo:<br><em>&#8220;Est\u00e1 lindo e gostoso, menina!&#8221;<\/em><\/p>\n\n\n\n<p>A festa foi um sucesso,<br>Mas claro, faltou localiza\u00e7\u00e3o.<br>Uma chegou perguntando,<br>A outra perdeu a divers\u00e3o.<br>Mas Pedro, radiante, sorria,<br>Cada amigo, que alegria,<br>Festejando com emo\u00e7\u00e3o!<\/p>\n\n\n\n<p>Um sobrinho apareceu,<br>Ex-aluno, estudante.<br>Perguntou por uma amiga,<br>Mas Pedro foi determinante:<br><em>&#8220;Os convidados eram meus!&#8221;<\/em><br>E o jovem ficou surpreso, Deus!<br>Riu do aniversariante.<\/p>\n\n\n\n<p>O que marcou essa festa<br>Foi ver Pedro t\u00e3o feliz.<br>Amigos que se esfor\u00e7am,<br>Mesmo com compromissos a mil.<br>Pois sabem que ele espera,<br>E que se tornam sua esfera<br>De amor puro e sutil.<\/p>\n\n\n\n<p>Se pra come\u00e7ar ele corre,<br>Pra terminar \u00e9 igual.<br>Pressa para celebrar,<br>E pressa para o final.<br>Mas no fim, tudo compensa:<br>Cada erro, cada pressa,<br>Porque o amor \u00e9 o ideal!<\/p>\n\n\n\n<p>Quem cuida aprende no dia a dia,<br>Que mudar os planos faz parte.<br>Se a festa \u00e9 pra quem se ama,<br>Ele decide o lugar, o estandarte.<br>Facilidade n\u00e3o foi a escolha,<br>Mas ver Pedro t\u00e3o radiante,<br>Mostra que o papel do cuidador<br>\u00c9 tornar a vida mais leve e brilhante.<\/p>\n","protected":false},"excerpt":{"rendered":"<p>Quem cuida bem sabe o pesoDe fazer tudo dar certo.E quando a festa \u00e9 para um filho,O cora\u00e7\u00e3o bate esperto.Mas entre um bolo e um bal\u00e3o,Foi-se embora a raz\u00e3o,E o caos ficou por perto. Na ter\u00e7a, deixei PedroNa aula do Paral\u00edmpico,E corri para a Lodi,Comprar tudo, bem t\u00edpico.Bal\u00f5es, vela, lembrancinhas,Copos, pratos e guardanapos,Comprei a coisa &hellip;<\/p>\n<p class=\"read-more\"> <a class=\"\" href=\"https:\/\/quemcuidadocuidador.com.br\/index.php\/2025\/02\/22\/quero-a-festa-em-meu-viver\/\"> <span class=\"screen-reader-text\">Quero a Festa em meu Viver<\/span> Leia mais &raquo;<\/a><\/p>\n","protected":false},"author":2,"featured_media":907,"comment_status":"open","ping_status":"open","sticky":false,"template":"","format":"standard","meta":{"om_disable_all_campaigns":false,"_monsterinsights_skip_tracking":false,"_monsterinsights_sitenote_active":false,"_monsterinsights_sitenote_note":"","_monsterinsights_sitenote_category":0,"site-sidebar-layout":"","site-content-layout":"","ast-main-header-display":"","ast-hfb-above-header-display":"","ast-hfb-below-header-display":"","ast-hfb-mobile-header-display":"","site-post-title":"","ast-breadcrumbs-content":"","ast-featured-img":"","footer-sml-layout":"","theme-transparent-header-meta":"","adv-header-id-meta":"","stick-header-meta":"","header-above-stick-meta":"","header-main-stick-meta":"","header-below-stick-meta":""},"categories":[5],"tags":[],"uagb_featured_image_src":{"full":["https:\/\/quemcuidadocuidador.com.br\/wp-content\/uploads\/2025\/02\/WhatsApp-Image-2025-02-22-at-05.16.46.jpeg",720,1280,false],"thumbnail":["https:\/\/quemcuidadocuidador.com.br\/wp-content\/uploads\/2025\/02\/WhatsApp-Image-2025-02-22-at-05.16.46-150x150.jpeg",150,150,true],"medium":["https:\/\/quemcuidadocuidador.com.br\/wp-content\/uploads\/2025\/02\/WhatsApp-Image-2025-02-22-at-05.16.46-169x300.jpeg",169,300,true],"medium_large":["https:\/\/quemcuidadocuidador.com.br\/wp-content\/uploads\/2025\/02\/WhatsApp-Image-2025-02-22-at-05.16.46.jpeg",720,1280,false],"large":["https:\/\/quemcuidadocuidador.com.br\/wp-content\/uploads\/2025\/02\/WhatsApp-Image-2025-02-22-at-05.16.46-576x1024.jpeg",576,1024,true],"1536x1536":["https:\/\/quemcuidadocuidador.com.br\/wp-content\/uploads\/2025\/02\/WhatsApp-Image-2025-02-22-at-05.16.46.jpeg",720,1280,false],"2048x2048":["https:\/\/quemcuidadocuidador.com.br\/wp-content\/uploads\/2025\/02\/WhatsApp-Image-2025-02-22-at-05.16.46.jpeg",720,1280,false]},"uagb_author_info":{"display_name":"Cicera A Feitosa","author_link":"https:\/\/quemcuidadocuidador.com.br\/index.php\/author\/cicera\/"},"uagb_comment_info":5,"uagb_excerpt":"Quem cuida bem sabe o pesoDe fazer tudo dar certo.E quando a festa \u00e9 para um filho,O cora\u00e7\u00e3o bate esperto.Mas entre um bolo e um bal\u00e3o,Foi-se embora a raz\u00e3o,E o caos ficou por perto. Na ter\u00e7a, deixei PedroNa aula do Paral\u00edmpico,E corri para a Lodi,Comprar tudo, bem t\u00edpico.Bal\u00f5es, vela, lembrancinhas,Copos, pratos e guardanapos,Comprei a coisa&hellip;","_links":{"self":[{"href":"https:\/\/quemcuidadocuidador.com.br\/index.php\/wp-json\/wp\/v2\/posts\/906"}],"collection":[{"href":"https:\/\/quemcuidadocuidador.com.br\/index.php\/wp-json\/wp\/v2\/posts"}],"about":[{"href":"https:\/\/quemcuidadocuidador.com.br\/index.php\/wp-json\/wp\/v2\/types\/post"}],"author":[{"embeddable":true,"href":"https:\/\/quemcuidadocuidador.com.br\/index.php\/wp-json\/wp\/v2\/users\/2"}],"replies":[{"embeddable":true,"href":"https:\/\/quemcuidadocuidador.com.br\/index.php\/wp-json\/wp\/v2\/comments?post=906"}],"version-history":[{"count":1,"href":"https:\/\/quemcuidadocuidador.com.br\/index.php\/wp-json\/wp\/v2\/posts\/906\/revisions"}],"predecessor-version":[{"id":908,"href":"https:\/\/quemcuidadocuidador.com.br\/index.php\/wp-json\/wp\/v2\/posts\/906\/revisions\/908"}],"wp:featuredmedia":[{"embeddable":true,"href":"https:\/\/quemcuidadocuidador.com.br\/index.php\/wp-json\/wp\/v2\/media\/907"}],"wp:attachment":[{"href":"https:\/\/quemcuidadocuidador.com.br\/index.php\/wp-json\/wp\/v2\/media?parent=906"}],"wp:term":[{"taxonomy":"category","embeddable":true,"href":"https:\/\/quemcuidadocuidador.com.br\/index.php\/wp-json\/wp\/v2\/categories?post=906"},{"taxonomy":"post_tag","embeddable":true,"href":"https:\/\/quemcuidadocuidador.com.br\/index.php\/wp-json\/wp\/v2\/tags?post=906"}],"curies":[{"name":"wp","href":"https:\/\/api.w.org\/{rel}","templated":true}]}}