{"id":899,"date":"2025-02-08T07:06:45","date_gmt":"2025-02-08T11:06:45","guid":{"rendered":"https:\/\/quemcuidadocuidador.com.br\/?p=899"},"modified":"2025-02-08T07:06:45","modified_gmt":"2025-02-08T11:06:45","slug":"cuidadores-sao-como-maquinas-de-lavar","status":"publish","type":"post","link":"https:\/\/quemcuidadocuidador.com.br\/index.php\/2025\/02\/08\/cuidadores-sao-como-maquinas-de-lavar\/","title":{"rendered":"Cuidadores s\u00e3o como m\u00e1quinas de lavar"},"content":{"rendered":"\n<p>Enquanto est\u00e3o funcionando, ningu\u00e9m percebe seu valor. Mas basta pararem para que o impacto seja imediato.<\/p>\n\n\n\n<p>O cuidador, assim como a m\u00e1quina de lavar, segue sua rotina sem alarde.<\/p>\n\n\n\n<p>Gira, sem sair do lugar. Gira sem parar.<\/p>\n\n\n\n<p>Aguenta cargas pesadas, lida com ciclos intermin\u00e1veis e, quando tudo parece resolvido, j\u00e1 tem outra rodada de tarefas esperando. Ele gira, enx\u00e1gua, torce e volta ao in\u00edcio \u2013 dia ap\u00f3s dia.<\/p>\n\n\n\n<p>Produz incessantemente, num faz e refaz de tarefas cotidianas, aparentemente invis\u00edveis. Apesar de essenciais \u00e0quele que recebe tais cuidados.<\/p>\n\n\n\n<p>E o que acontece quando o cuidador &#8220;quebra&#8221;? Quando o corpo cansa, a mente se esgota e as for\u00e7as simplesmente n\u00e3o d\u00e3o conta?<\/p>\n\n\n\n<p>A casa sente, a rotina desmorona, e de repente todo mundo percebe que aquele cuidado constante n\u00e3o era autom\u00e1tico.<\/p>\n\n\n\n<p>O problema \u00e9 que, ao contr\u00e1rio da m\u00e1quina de lavar, o cuidador n\u00e3o pode simplesmente chamar um t\u00e9cnico, trocar uma pe\u00e7a e voltar a funcionar normalmente.<\/p>\n\n\n\n<p>Ele precisa de pausas, apoio e reconhecimento antes que o desgaste se torne irrevers\u00edvel.<\/p>\n\n\n\n<p>Ent\u00e3o, se voc\u00ea tem um cuidador na sua vida \u2013 seja voc\u00ea mesmo ou algu\u00e9m pr\u00f3ximo \u2013 pergunte-se: ele est\u00e1 sendo bem cuidado? Ou s\u00f3 lembram da import\u00e2ncia dele quando j\u00e1 \u00e9 tarde demais?<\/p>\n\n\n\n<p>Porque, diferentemente de uma m\u00e1quina quebrada, um cuidador que para pode demorar muito mais para se recuperar. E, \u00e0s vezes, n\u00e3o h\u00e1 pe\u00e7a de reposi\u00e7\u00e3o.<\/p>\n\n\n\n<p><strong>E voc\u00ea? J\u00e1 quebrou?<\/strong><\/p>\n","protected":false},"excerpt":{"rendered":"<p>Enquanto est\u00e3o funcionando, ningu\u00e9m percebe seu valor. Mas basta pararem para que o impacto seja imediato. O cuidador, assim como a m\u00e1quina de lavar, segue sua rotina sem alarde. Gira, sem sair do lugar. Gira sem parar. Aguenta cargas pesadas, lida com ciclos intermin\u00e1veis e, quando tudo parece resolvido, j\u00e1 tem outra rodada de tarefas &hellip;<\/p>\n<p class=\"read-more\"> <a class=\"\" href=\"https:\/\/quemcuidadocuidador.com.br\/index.php\/2025\/02\/08\/cuidadores-sao-como-maquinas-de-lavar\/\"> <span class=\"screen-reader-text\">Cuidadores s\u00e3o como m\u00e1quinas de lavar<\/span> Leia mais &raquo;<\/a><\/p>\n","protected":false},"author":2,"featured_media":900,"comment_status":"open","ping_status":"open","sticky":false,"template":"","format":"standard","meta":{"om_disable_all_campaigns":false,"_monsterinsights_skip_tracking":false,"_monsterinsights_sitenote_active":false,"_monsterinsights_sitenote_note":"","_monsterinsights_sitenote_category":0,"site-sidebar-layout":"","site-content-layout":"","ast-main-header-display":"","ast-hfb-above-header-display":"","ast-hfb-below-header-display":"","ast-hfb-mobile-header-display":"","site-post-title":"","ast-breadcrumbs-content":"","ast-featured-img":"","footer-sml-layout":"","theme-transparent-header-meta":"","adv-header-id-meta":"","stick-header-meta":"","header-above-stick-meta":"","header-main-stick-meta":"","header-below-stick-meta":""},"categories":[5],"tags":[],"uagb_featured_image_src":{"full":["https:\/\/quemcuidadocuidador.com.br\/wp-content\/uploads\/2025\/02\/lavar-maquina-3.jpg",1024,1024,false],"thumbnail":["https:\/\/quemcuidadocuidador.com.br\/wp-content\/uploads\/2025\/02\/lavar-maquina-3-150x150.jpg",150,150,true],"medium":["https:\/\/quemcuidadocuidador.com.br\/wp-content\/uploads\/2025\/02\/lavar-maquina-3-300x300.jpg",300,300,true],"medium_large":["https:\/\/quemcuidadocuidador.com.br\/wp-content\/uploads\/2025\/02\/lavar-maquina-3-768x768.jpg",768,768,true],"large":["https:\/\/quemcuidadocuidador.com.br\/wp-content\/uploads\/2025\/02\/lavar-maquina-3-1024x1024.jpg",1024,1024,true],"1536x1536":["https:\/\/quemcuidadocuidador.com.br\/wp-content\/uploads\/2025\/02\/lavar-maquina-3.jpg",1024,1024,false],"2048x2048":["https:\/\/quemcuidadocuidador.com.br\/wp-content\/uploads\/2025\/02\/lavar-maquina-3.jpg",1024,1024,false]},"uagb_author_info":{"display_name":"Cicera A Feitosa","author_link":"https:\/\/quemcuidadocuidador.com.br\/index.php\/author\/cicera\/"},"uagb_comment_info":2,"uagb_excerpt":"Enquanto est\u00e3o funcionando, ningu\u00e9m percebe seu valor. Mas basta pararem para que o impacto seja imediato. O cuidador, assim como a m\u00e1quina de lavar, segue sua rotina sem alarde. Gira, sem sair do lugar. Gira sem parar. Aguenta cargas pesadas, lida com ciclos intermin\u00e1veis e, quando tudo parece resolvido, j\u00e1 tem outra rodada de tarefas&hellip;","_links":{"self":[{"href":"https:\/\/quemcuidadocuidador.com.br\/index.php\/wp-json\/wp\/v2\/posts\/899"}],"collection":[{"href":"https:\/\/quemcuidadocuidador.com.br\/index.php\/wp-json\/wp\/v2\/posts"}],"about":[{"href":"https:\/\/quemcuidadocuidador.com.br\/index.php\/wp-json\/wp\/v2\/types\/post"}],"author":[{"embeddable":true,"href":"https:\/\/quemcuidadocuidador.com.br\/index.php\/wp-json\/wp\/v2\/users\/2"}],"replies":[{"embeddable":true,"href":"https:\/\/quemcuidadocuidador.com.br\/index.php\/wp-json\/wp\/v2\/comments?post=899"}],"version-history":[{"count":1,"href":"https:\/\/quemcuidadocuidador.com.br\/index.php\/wp-json\/wp\/v2\/posts\/899\/revisions"}],"predecessor-version":[{"id":901,"href":"https:\/\/quemcuidadocuidador.com.br\/index.php\/wp-json\/wp\/v2\/posts\/899\/revisions\/901"}],"wp:featuredmedia":[{"embeddable":true,"href":"https:\/\/quemcuidadocuidador.com.br\/index.php\/wp-json\/wp\/v2\/media\/900"}],"wp:attachment":[{"href":"https:\/\/quemcuidadocuidador.com.br\/index.php\/wp-json\/wp\/v2\/media?parent=899"}],"wp:term":[{"taxonomy":"category","embeddable":true,"href":"https:\/\/quemcuidadocuidador.com.br\/index.php\/wp-json\/wp\/v2\/categories?post=899"},{"taxonomy":"post_tag","embeddable":true,"href":"https:\/\/quemcuidadocuidador.com.br\/index.php\/wp-json\/wp\/v2\/tags?post=899"}],"curies":[{"name":"wp","href":"https:\/\/api.w.org\/{rel}","templated":true}]}}