{"id":886,"date":"2025-01-18T06:21:03","date_gmt":"2025-01-18T10:21:03","guid":{"rendered":"https:\/\/quemcuidadocuidador.com.br\/?p=886"},"modified":"2025-01-18T07:01:52","modified_gmt":"2025-01-18T11:01:52","slug":"pedir-ajuda-e-coragem-venca-o-silencio","status":"publish","type":"post","link":"https:\/\/quemcuidadocuidador.com.br\/index.php\/2025\/01\/18\/pedir-ajuda-e-coragem-venca-o-silencio\/","title":{"rendered":"Pedir ajuda \u00e9 coragem: Ven\u00e7a o sil\u00eancio"},"content":{"rendered":"\n<p>Cuidar de algu\u00e9m \u00e9 um ato de amor e dedica\u00e7\u00e3o, mas tamb\u00e9m \u00e9 uma jornada que pode ser solit\u00e1ria e exaustiva. Muitas vezes, carregamos o peso em sil\u00eancio, esperando que os outros percebam o que precisamos. Mas, a verdade \u00e9 que, no ritmo corrido da vida, as pessoas nem sempre enxergam o que est\u00e1 al\u00e9m da superf\u00edcie.<\/p>\n\n\n\n<p>Eu e Pedro nos tornamos uma dupla din\u00e2mica, qualquer lugar que vou o levo comigo. Quando pergunto se posso lev\u00e1-lo e a pessoa diz n\u00e3o, por mais que o assunto seja do meu interesse, opto por n\u00e3o ir. Ainda estamos longe, de ser uma sociedade acolhedora. Que abrace as diferen\u00e7as e o diferente. Entretanto, quando alguma amiga se disp\u00f5e a levar Pedro na igreja, ou acompanh\u00e1-lo em prociss\u00f5es, aceito na hora. Pois significa ter alguns momentos de descanso preciosos.<\/p>\n\n\n\n<p>Um dia desses, deixei Pedro na casa de Vera para almo\u00e7ar e combinei de busc\u00e1-lo \u00e0 tarde. O cansa\u00e7o era tanto que acabei dormindo e perdi a hora. Ligaram v\u00e1rias vezes preocupados. Quando acordei, o sol j\u00e1 estava se pondo, e Pedro, ansioso, queria ir \u00e0 missa. Esse epis\u00f3dio me fez refletir sobre como muitas vezes ignoramos os sinais de que precisamos de ajuda at\u00e9 que nosso corpo ou situa\u00e7\u00f5es nos forcem a parar.<\/p>\n\n\n\n<p>Se voc\u00ea ao ler este texto, senti que a carga est\u00e1 pesada demais, talvez seja hora de refletir e perceber que este \u00e9 o momento de pedir ajuda?<\/p>\n\n\n\n<p>Como identificar que voc\u00ea precisa de ajuda?<\/p>\n\n\n\n<p>H\u00e1 v\u00e1rios sinais de alerta, por exemplo. Voc\u00ea sente que n\u00e3o tem tempo para si mesmo: Quando atividades simples, como tomar um banho com calma ou fazer uma refei\u00e7\u00e3o, se tornaram raras, \u00e9 um sinal de alerta.<\/p>\n\n\n\n<p>Observe seu corpo, ele d\u00e1 sinais como: Dores constantes, ins\u00f4nia, exaust\u00e3o e at\u00e9 mesmo doen\u00e7as recorrentes s\u00e3o formas de o corpo dizer que algo n\u00e3o est\u00e1 certo.<\/p>\n\n\n\n<p>Quando voc\u00ea se sente emocionalmente esgotado: Irritabilidade, tristeza constante e uma sensa\u00e7\u00e3o de isolamento s\u00e3o sinais claros de que o cuidado est\u00e1 pesando.<\/p>\n\n\n\n<p>No momento que voc\u00ea perde o prazer em atividades que antes amava: Quando o cuidado consome toda a sua energia, \u00e9 comum deixar hobbies e momentos de lazer de lado.<\/p>\n\n\n\n<p>Voc\u00ea sente que sua mente n\u00e3o desacelera: Preocupa\u00e7\u00f5es constantes sobre a pessoa cuidada, mesmo em momentos de descanso, indicam que voc\u00ea precisa de um respiro.<\/p>\n\n\n\n<p>Por que \u00e9 t\u00e3o dif\u00edcil pedir ajuda?<\/p>\n\n\n\n<p>Muitas vezes, acreditamos que pedir ajuda \u00e9 sinal de fraqueza ou falha. Pensamos que, ao carregar tudo sozinhos, estamos sendo mais fortes. Mas a verdade \u00e9 que ningu\u00e9m pode cuidar de algu\u00e9m sem, ao mesmo tempo, cuidar de si. Pedir ajuda \u00e9 um ato de coragem e sabedoria. Da mesma forma que cuidamos, tamb\u00e9m precisamos ser cuidados.<\/p>\n\n\n\n<p>Al\u00e9m disso, h\u00e1 a quest\u00e3o da percep\u00e7\u00e3o. As pessoas ao nosso redor nem sempre entendem a magnitude do que fazemos. Elas podem achar que \u201cvoc\u00ea est\u00e1 dando conta\u201d simplesmente porque n\u00e3o reclamou. \u00c9 a\u00ed que entra a import\u00e2ncia de falar.<\/p>\n\n\n\n<p>Como voc\u00ea deve pedir ajuda?<\/p>\n\n\n\n<p>Seja claro e espec\u00edfico: Em vez de dizer \u201cpreciso de ajuda\u201d, tente algo como \u201cVoc\u00ea poderia ficar com [a pessoa cuidada] por duas horas no s\u00e1bado para que eu possa descansar?\u201d<\/p>\n\n\n\n<p>Divida tarefas pr\u00e1ticas: Delegue pequenas atividades, como ir ao mercado, buscar rem\u00e9dios ou ajudar na limpeza.<\/p>\n\n\n\n<p>Explique sua necessidade: \u00c0s vezes, um simples \u201cEst\u00e1 sendo muito pesado para mim, e sua ajuda faria uma grande diferen\u00e7a\u201d pode abrir portas.<\/p>\n\n\n\n<p>Busque apoio em grupos: Existem grupos de apoio para cuidadores que podem oferecer tanto suporte emocional quanto pr\u00e1tico.<\/p>\n\n\n\n<p>Aceite o que vier: Nem sempre as pessoas v\u00e3o ajudar da forma que voc\u00ea espera, mas qualquer suporte j\u00e1 alivia a carga.<\/p>\n\n\n\n<p>Por que \u00e9 importante falar?<\/p>\n\n\n\n<p>Porque ningu\u00e9m \u00e9 adivinho. Quando voc\u00ea expressa sua necessidade, d\u00e1 aos outros a oportunidade de estar ao seu lado. Cuidar de algu\u00e9m n\u00e3o precisa ser um fardo solit\u00e1rio. Abrir-se ao di\u00e1logo pode transformar sua jornada e fortalecer suas conex\u00f5es.<\/p>\n\n\n\n<p>Seja gentil consigo mesmo. Reconhe\u00e7a seus limites e abrace o apoio que o cercar. Afinal, cuidar de si \u00e9 o primeiro passo para cuidar bem do outro. Juntos, podemos transformar o cuidado em algo mais humano e sustent\u00e1vel para todos.<\/p>\n","protected":false},"excerpt":{"rendered":"<p>Cuidar de algu\u00e9m \u00e9 um ato de amor e dedica\u00e7\u00e3o, mas tamb\u00e9m \u00e9 uma jornada que pode ser solit\u00e1ria e exaustiva. Muitas vezes, carregamos o peso em sil\u00eancio, esperando que os outros percebam o que precisamos. Mas, a verdade \u00e9 que, no ritmo corrido da vida, as pessoas nem sempre enxergam o que est\u00e1 al\u00e9m &hellip;<\/p>\n<p class=\"read-more\"> <a class=\"\" href=\"https:\/\/quemcuidadocuidador.com.br\/index.php\/2025\/01\/18\/pedir-ajuda-e-coragem-venca-o-silencio\/\"> <span class=\"screen-reader-text\">Pedir ajuda \u00e9 coragem: Ven\u00e7a o sil\u00eancio<\/span> Leia mais &raquo;<\/a><\/p>\n","protected":false},"author":2,"featured_media":887,"comment_status":"open","ping_status":"open","sticky":false,"template":"","format":"standard","meta":{"om_disable_all_campaigns":false,"_monsterinsights_skip_tracking":false,"_monsterinsights_sitenote_active":false,"_monsterinsights_sitenote_note":"","_monsterinsights_sitenote_category":0,"site-sidebar-layout":"","site-content-layout":"","ast-main-header-display":"","ast-hfb-above-header-display":"","ast-hfb-below-header-display":"","ast-hfb-mobile-header-display":"","site-post-title":"","ast-breadcrumbs-content":"","ast-featured-img":"","footer-sml-layout":"","theme-transparent-header-meta":"","adv-header-id-meta":"","stick-header-meta":"","header-above-stick-meta":"","header-main-stick-meta":"","header-below-stick-meta":""},"categories":[5],"tags":[],"uagb_featured_image_src":{"full":["https:\/\/quemcuidadocuidador.com.br\/wp-content\/uploads\/2025\/01\/WhatsApp-Image-2025-01-18-at-06.07.48.jpeg",1169,1600,false],"thumbnail":["https:\/\/quemcuidadocuidador.com.br\/wp-content\/uploads\/2025\/01\/WhatsApp-Image-2025-01-18-at-06.07.48-150x150.jpeg",150,150,true],"medium":["https:\/\/quemcuidadocuidador.com.br\/wp-content\/uploads\/2025\/01\/WhatsApp-Image-2025-01-18-at-06.07.48-219x300.jpeg",219,300,true],"medium_large":["https:\/\/quemcuidadocuidador.com.br\/wp-content\/uploads\/2025\/01\/WhatsApp-Image-2025-01-18-at-06.07.48-768x1051.jpeg",768,1051,true],"large":["https:\/\/quemcuidadocuidador.com.br\/wp-content\/uploads\/2025\/01\/WhatsApp-Image-2025-01-18-at-06.07.48-748x1024.jpeg",748,1024,true],"1536x1536":["https:\/\/quemcuidadocuidador.com.br\/wp-content\/uploads\/2025\/01\/WhatsApp-Image-2025-01-18-at-06.07.48-1122x1536.jpeg",1122,1536,true],"2048x2048":["https:\/\/quemcuidadocuidador.com.br\/wp-content\/uploads\/2025\/01\/WhatsApp-Image-2025-01-18-at-06.07.48.jpeg",1169,1600,false]},"uagb_author_info":{"display_name":"Cicera A Feitosa","author_link":"https:\/\/quemcuidadocuidador.com.br\/index.php\/author\/cicera\/"},"uagb_comment_info":2,"uagb_excerpt":"Cuidar de algu\u00e9m \u00e9 um ato de amor e dedica\u00e7\u00e3o, mas tamb\u00e9m \u00e9 uma jornada que pode ser solit\u00e1ria e exaustiva. Muitas vezes, carregamos o peso em sil\u00eancio, esperando que os outros percebam o que precisamos. Mas, a verdade \u00e9 que, no ritmo corrido da vida, as pessoas nem sempre enxergam o que est\u00e1 al\u00e9m&hellip;","_links":{"self":[{"href":"https:\/\/quemcuidadocuidador.com.br\/index.php\/wp-json\/wp\/v2\/posts\/886"}],"collection":[{"href":"https:\/\/quemcuidadocuidador.com.br\/index.php\/wp-json\/wp\/v2\/posts"}],"about":[{"href":"https:\/\/quemcuidadocuidador.com.br\/index.php\/wp-json\/wp\/v2\/types\/post"}],"author":[{"embeddable":true,"href":"https:\/\/quemcuidadocuidador.com.br\/index.php\/wp-json\/wp\/v2\/users\/2"}],"replies":[{"embeddable":true,"href":"https:\/\/quemcuidadocuidador.com.br\/index.php\/wp-json\/wp\/v2\/comments?post=886"}],"version-history":[{"count":2,"href":"https:\/\/quemcuidadocuidador.com.br\/index.php\/wp-json\/wp\/v2\/posts\/886\/revisions"}],"predecessor-version":[{"id":889,"href":"https:\/\/quemcuidadocuidador.com.br\/index.php\/wp-json\/wp\/v2\/posts\/886\/revisions\/889"}],"wp:featuredmedia":[{"embeddable":true,"href":"https:\/\/quemcuidadocuidador.com.br\/index.php\/wp-json\/wp\/v2\/media\/887"}],"wp:attachment":[{"href":"https:\/\/quemcuidadocuidador.com.br\/index.php\/wp-json\/wp\/v2\/media?parent=886"}],"wp:term":[{"taxonomy":"category","embeddable":true,"href":"https:\/\/quemcuidadocuidador.com.br\/index.php\/wp-json\/wp\/v2\/categories?post=886"},{"taxonomy":"post_tag","embeddable":true,"href":"https:\/\/quemcuidadocuidador.com.br\/index.php\/wp-json\/wp\/v2\/tags?post=886"}],"curies":[{"name":"wp","href":"https:\/\/api.w.org\/{rel}","templated":true}]}}