{"id":881,"date":"2025-01-11T07:16:52","date_gmt":"2025-01-11T11:16:52","guid":{"rendered":"https:\/\/quemcuidadocuidador.com.br\/?p=881"},"modified":"2025-01-11T07:45:31","modified_gmt":"2025-01-11T11:45:31","slug":"venca-o-medo-de-nao-ser-suficiente","status":"publish","type":"post","link":"https:\/\/quemcuidadocuidador.com.br\/index.php\/2025\/01\/11\/venca-o-medo-de-nao-ser-suficiente\/","title":{"rendered":"Ven\u00e7a o medo de n\u00e3o ser suficiente"},"content":{"rendered":"\n<p><strong>Ven\u00e7a o medo de n\u00e3o ser suficiente<\/strong><\/p>\n\n\n\n<p>Essa semana uma m\u00e3e do grupo de m\u00e3es com filhos no espectro autista, colocou l\u00e1 no WhatsApp \u201co medo de n\u00e3o ser suficiente\u201d. Ent\u00e3o passei um longo tempo a pensar como superar esse medo, que certamente n\u00f3s, m\u00e3es e pais at\u00edpicos, sentimos no nosso dia a dia.<\/p>\n\n\n\n<p>Como posso vencer o Medo de n\u00e3o ser suficiente para meu filho autista? Sentir-se inadequado ou insuficiente \u00e9 uma preocupa\u00e7\u00e3o comum para pais de crian\u00e7as autistas. Esse medo, embora natural, pode ser superado com reflex\u00f5es, estrat\u00e9gias pr\u00e1ticas e mudan\u00e7as na forma como nos enxergamos e o papel que desempenhamos na vida dos nossos filhos. Aqui est\u00e3o algumas sugest\u00f5es para termos coragem nessa jornada:<\/p>\n\n\n\n<p><strong>Entenda que o amor \u00e9 o primeiro passo<\/strong><\/p>\n\n\n\n<p>O simples fato de voc\u00ea estar preocupado em ser suficiente j\u00e1 demonstra o quanto voc\u00ea se importa. O amor que voc\u00ea sente pelo seu filho \u00e9 a base mais importante. Sempre que o medo surgir, lembre-se: seu filho precisa mais de sua presen\u00e7a, carinho e paci\u00eancia do que de perfei\u00e7\u00e3o.<\/p>\n\n\n\n<p><strong>Reconhe\u00e7a suas limita\u00e7\u00f5es e trabalhe com elas<\/strong><\/p>\n\n\n\n<p>Todos temos limita\u00e7\u00f5es, e isso \u00e9 normal. Voc\u00ea n\u00e3o precisa ser especialista em tudo. Aceitar que h\u00e1 coisas que voc\u00ea n\u00e3o pode controlar ou resolver sozinho \u00e9 libertador. Invista suas energias no que est\u00e1 ao seu alcance e busque ajuda profissional para os aspectos mais t\u00e9cnicos ou desafiadores.<\/p>\n\n\n\n<p><strong>Construa e confie em uma Rede de Apoio<\/strong><\/p>\n\n\n\n<p>Voc\u00ea n\u00e3o precisa enfrentar essa jornada sozinho. Busque apoio em familiares, amigos, outros pais de crian\u00e7as autistas e profissionais. Dividir responsabilidades e experi\u00eancias pode reduzir o peso do medo e ajud\u00e1-lo a perceber que cuidar \u00e9 um esfor\u00e7o coletivo. A uni\u00e3o faz a for\u00e7a \u2014 e tamb\u00e9m traz al\u00edvio.<\/p>\n\n\n\n<p><strong>Priorize o autocuidado<\/strong><\/p>\n\n\n\n<p>Superar o medo de n\u00e3o ser suficiente come\u00e7a com cuidar de si mesmo. Pais descansados e emocionalmente equilibrados est\u00e3o mais preparados para enfrentar desafios. Reserve momentos para descansar, fazer algo que voc\u00ea gosta e nutrir sua sa\u00fade mental e f\u00edsica. Lembre-se: um cora\u00e7\u00e3o pleno tem mais a oferecer.<\/p>\n\n\n\n<p><strong>Valorize as pequenas conquistas<\/strong><\/p>\n\n\n\n<p>Em vez de focar no que voc\u00ea n\u00e3o conseguiu fazer ou nos desafios que ainda existem, celebre os pequenos avan\u00e7os \u2014 tanto os do seu filho quanto os seus. Cada passo dado, por menor que pare\u00e7a, \u00e9 uma vit\u00f3ria. Esse reconhecimento fortalece sua confian\u00e7a e ajuda a aliviar o medo.<\/p>\n\n\n\n<p><strong>Eduque-se, mas com equil\u00edbrio<\/strong><\/p>\n\n\n\n<p>Buscar informa\u00e7\u00f5es sobre o autismo e estrat\u00e9gias de cuidado \u00e9 essencial, mas tome cuidado para n\u00e3o se sobrecarregar. Escolha fontes confi\u00e1veis e lembre-se de que o aprendizado \u00e9 um processo cont\u00ednuo. Voc\u00ea n\u00e3o precisa saber tudo de uma vez \u2014 aprender junto com seu filho \u00e9 parte da jornada.<\/p>\n\n\n\n<p><strong>Aceite que errar faz parte<\/strong><\/p>\n\n\n\n<p>Errar n\u00e3o faz de voc\u00ea um pai ou m\u00e3e insuficiente; faz de voc\u00ea humano. Cada erro \u00e9 uma oportunidade de aprendizado, tanto para voc\u00ea quanto para seu filho. Encare as dificuldades com leveza e resili\u00eancia, sabendo que o importante \u00e9 continuar tentando.<\/p>\n\n\n\n<p><strong>Foque no presente<\/strong><\/p>\n\n\n\n<p>O medo muitas vezes est\u00e1 ligado ao futuro \u2014 &#8220;E se eu n\u00e3o der conta?&#8221;, &#8220;E se eu n\u00e3o conseguir ajud\u00e1-lo a se desenvolver?&#8221;. Tente trazer sua aten\u00e7\u00e3o para o presente. O que voc\u00ea pode fazer por ele hoje, neste momento? Um passo de cada vez constr\u00f3i uma caminhada s\u00f3lida e cheia de amor.<\/p>\n\n\n\n<p><strong>E,<\/strong><\/p>\n\n\n\n<p>Vencer o medo de n\u00e3o ser suficiente para seu filho autista n\u00e3o \u00e9 sobre ser perfeito, mas sobre estar presente, buscar ajuda quando necess\u00e1rio e cuidar de si para cuidar dele. Confie no amor que voc\u00eas compartilham e saiba que, mesmo nas imperfei\u00e7\u00f5es, voc\u00ea est\u00e1 fazendo uma diferen\u00e7a incr\u00edvel na vida do seu filho.<\/p>\n","protected":false},"excerpt":{"rendered":"<p>Ven\u00e7a o medo de n\u00e3o ser suficiente Essa semana uma m\u00e3e do grupo de m\u00e3es com filhos no espectro autista, colocou l\u00e1 no WhatsApp \u201co medo de n\u00e3o ser suficiente\u201d. Ent\u00e3o passei um longo tempo a pensar como superar esse medo, que certamente n\u00f3s, m\u00e3es e pais at\u00edpicos, sentimos no nosso dia a dia. Como &hellip;<\/p>\n<p class=\"read-more\"> <a class=\"\" href=\"https:\/\/quemcuidadocuidador.com.br\/index.php\/2025\/01\/11\/venca-o-medo-de-nao-ser-suficiente\/\"> <span class=\"screen-reader-text\">Ven\u00e7a o medo de n\u00e3o ser suficiente<\/span> Leia mais &raquo;<\/a><\/p>\n","protected":false},"author":2,"featured_media":882,"comment_status":"open","ping_status":"open","sticky":false,"template":"","format":"standard","meta":{"om_disable_all_campaigns":false,"_monsterinsights_skip_tracking":false,"_monsterinsights_sitenote_active":false,"_monsterinsights_sitenote_note":"","_monsterinsights_sitenote_category":0,"site-sidebar-layout":"","site-content-layout":"","ast-main-header-display":"","ast-hfb-above-header-display":"","ast-hfb-below-header-display":"","ast-hfb-mobile-header-display":"","site-post-title":"","ast-breadcrumbs-content":"","ast-featured-img":"","footer-sml-layout":"","theme-transparent-header-meta":"","adv-header-id-meta":"","stick-header-meta":"","header-above-stick-meta":"","header-main-stick-meta":"","header-below-stick-meta":""},"categories":[5],"tags":[],"uagb_featured_image_src":{"full":["https:\/\/quemcuidadocuidador.com.br\/wp-content\/uploads\/2025\/01\/WhatsApp-Image-2025-01-11-at-06.43.07.jpeg",1209,1600,false],"thumbnail":["https:\/\/quemcuidadocuidador.com.br\/wp-content\/uploads\/2025\/01\/WhatsApp-Image-2025-01-11-at-06.43.07-150x150.jpeg",150,150,true],"medium":["https:\/\/quemcuidadocuidador.com.br\/wp-content\/uploads\/2025\/01\/WhatsApp-Image-2025-01-11-at-06.43.07-227x300.jpeg",227,300,true],"medium_large":["https:\/\/quemcuidadocuidador.com.br\/wp-content\/uploads\/2025\/01\/WhatsApp-Image-2025-01-11-at-06.43.07-768x1016.jpeg",768,1016,true],"large":["https:\/\/quemcuidadocuidador.com.br\/wp-content\/uploads\/2025\/01\/WhatsApp-Image-2025-01-11-at-06.43.07-774x1024.jpeg",774,1024,true],"1536x1536":["https:\/\/quemcuidadocuidador.com.br\/wp-content\/uploads\/2025\/01\/WhatsApp-Image-2025-01-11-at-06.43.07-1161x1536.jpeg",1161,1536,true],"2048x2048":["https:\/\/quemcuidadocuidador.com.br\/wp-content\/uploads\/2025\/01\/WhatsApp-Image-2025-01-11-at-06.43.07.jpeg",1209,1600,false]},"uagb_author_info":{"display_name":"Cicera A Feitosa","author_link":"https:\/\/quemcuidadocuidador.com.br\/index.php\/author\/cicera\/"},"uagb_comment_info":3,"uagb_excerpt":"Ven\u00e7a o medo de n\u00e3o ser suficiente Essa semana uma m\u00e3e do grupo de m\u00e3es com filhos no espectro autista, colocou l\u00e1 no WhatsApp \u201co medo de n\u00e3o ser suficiente\u201d. Ent\u00e3o passei um longo tempo a pensar como superar esse medo, que certamente n\u00f3s, m\u00e3es e pais at\u00edpicos, sentimos no nosso dia a dia. Como&hellip;","_links":{"self":[{"href":"https:\/\/quemcuidadocuidador.com.br\/index.php\/wp-json\/wp\/v2\/posts\/881"}],"collection":[{"href":"https:\/\/quemcuidadocuidador.com.br\/index.php\/wp-json\/wp\/v2\/posts"}],"about":[{"href":"https:\/\/quemcuidadocuidador.com.br\/index.php\/wp-json\/wp\/v2\/types\/post"}],"author":[{"embeddable":true,"href":"https:\/\/quemcuidadocuidador.com.br\/index.php\/wp-json\/wp\/v2\/users\/2"}],"replies":[{"embeddable":true,"href":"https:\/\/quemcuidadocuidador.com.br\/index.php\/wp-json\/wp\/v2\/comments?post=881"}],"version-history":[{"count":2,"href":"https:\/\/quemcuidadocuidador.com.br\/index.php\/wp-json\/wp\/v2\/posts\/881\/revisions"}],"predecessor-version":[{"id":884,"href":"https:\/\/quemcuidadocuidador.com.br\/index.php\/wp-json\/wp\/v2\/posts\/881\/revisions\/884"}],"wp:featuredmedia":[{"embeddable":true,"href":"https:\/\/quemcuidadocuidador.com.br\/index.php\/wp-json\/wp\/v2\/media\/882"}],"wp:attachment":[{"href":"https:\/\/quemcuidadocuidador.com.br\/index.php\/wp-json\/wp\/v2\/media?parent=881"}],"wp:term":[{"taxonomy":"category","embeddable":true,"href":"https:\/\/quemcuidadocuidador.com.br\/index.php\/wp-json\/wp\/v2\/categories?post=881"},{"taxonomy":"post_tag","embeddable":true,"href":"https:\/\/quemcuidadocuidador.com.br\/index.php\/wp-json\/wp\/v2\/tags?post=881"}],"curies":[{"name":"wp","href":"https:\/\/api.w.org\/{rel}","templated":true}]}}