{"id":877,"date":"2024-12-29T08:16:31","date_gmt":"2024-12-29T12:16:31","guid":{"rendered":"https:\/\/quemcuidadocuidador.com.br\/?p=877"},"modified":"2024-12-29T08:16:32","modified_gmt":"2024-12-29T12:16:32","slug":"olhar-de-esperanca","status":"publish","type":"post","link":"https:\/\/quemcuidadocuidador.com.br\/index.php\/2024\/12\/29\/olhar-de-esperanca\/","title":{"rendered":"Olhar de esperan\u00e7a"},"content":{"rendered":"\n<p>Hoje me peguei olhando para o c\u00e9u e cheia de esperan\u00e7a por dias melhores.<\/p>\n\n\n\n<p>2024 foi um ano de conquistas maravilhosas e tamb\u00e9m de despedidas. E temos por mania quando pensamos em coisas agrad\u00e1veis ou elevadas olhar para cima. Logo, a ideia de c\u00e9u e de Deus sempre nos faz olhar para cima e esta pr\u00e1tica me encanta pela oportunidade de apreciar as diferentes tonalidades de cor que o c\u00e9u nos oferece, de gra\u00e7a. A \u00fanica coisa que precisamos fazer \u00e9 apenas olhar.<\/p>\n\n\n\n<p>Final de ano a gente se pega fazendo um balan\u00e7o do ano. O que deu certo. O que n\u00e3o deu. Como resolver as dificuldades financeiras. E a grande maioria se pega a pensar como ter uma nova fonte de renda. Caso voc\u00ea j\u00e1 tenha passado dos 50 e n\u00e3o tenha qualifica\u00e7\u00e3o profissional, talvez a alternativa seja investir em algo pequeno. Fa\u00e7a uma an\u00e1lise daquilo que voc\u00ea sabe fazer e lhe traz alegria. Ou talvez seja o momento de um curso profissionalizante.<\/p>\n\n\n\n<p>Para voc\u00ea que j\u00e1 viveu meio s\u00e9culo. Muitas vezes, fazendo o que era poss\u00edvel de acordo com as necessidades. Agora se permita fazer algo que o fa\u00e7a feliz. Talvez tudo que voc\u00ea precisa \u00e9 de uma renda extra para complementar a aposentadoria. Que o novo ano lhe permita novas conquistas.<\/p>\n\n\n\n<p>Eu, como m\u00e3e de um jovem de quase 22 anos com S\u00edndrome Doose e Autismo e que n\u00e3o se encaixa em nossa sociedade, que n\u00e3o foi alfabetizado e, portanto, n\u00e3o est\u00e1 na faculdade e, tamb\u00e9m n\u00e3o est\u00e1 apto a trabalhar. &nbsp;E a \u00fanica atividade diferente \u00e9 ir no Paral\u00edmpico 2 vezes por semana.&nbsp; Espa\u00e7o em que percebo que todos se esfor\u00e7am para a inclus\u00e3o acontecer, na verdade sou muito grata por ter este espa\u00e7o aqui em C\u00e1ceres.<\/p>\n\n\n\n<p>Por outro lado, acredito que outros espa\u00e7os podem ser constru\u00eddos visando um ambiente que ofere\u00e7a atividades pr\u00e1ticas, culturais, e de lazer para estes jovens. At\u00e9 porque enquanto m\u00e3e, ao n\u00e3o poder pagar algu\u00e9m para lhe fazer companhia em casa, sou obrigada a ficar em casa. E esta \u00e9 a realidade de muitas m\u00e3es.<\/p>\n\n\n\n<p>Embora muitos n\u00e3o percebam, o cuidar constante nos deixa exauridos, sem contar aquelas situa\u00e7\u00f5es que, gra\u00e7as a Deus, nossos filhos n\u00e3o percebem que est\u00e3o sendo exclu\u00eddos e descartados, mas n\u00f3s sabemos e o sentir \u00e9 dolorido. E muitas vezes adoecemos. Est\u00e1 semana vivi uma experi\u00eancia assim, no meio da tarde, minha garganta come\u00e7ou a doer, fiquei rouca e quase sem voz. E nunca a frase \u201cquando voc\u00ea cala, o corpo fala\u201d fez tanto sentido.<\/p>\n\n\n\n<p>Ent\u00e3o, minha esperan\u00e7a para 2025 \u00e9 de que o acolher as pessoas com defici\u00eancia seja verdadeiro com amor e respeito, afinal na semana de natal, acredito eu que todos que celebraram o Natal receberam um revestimento de amor incondicional. Que este amor se estenda as a\u00e7\u00f5es de todos.<\/p>\n\n\n\n<p>Ah! Algo importante. Quando voc\u00ea se permitir conviver com o diferente, ter\u00e1 a oportunidade de ver o mundo sem filtros.<\/p>\n\n\n\n<p>Que 2025 chegue repleto de esperan\u00e7a, na realiza\u00e7\u00e3o de sonhos e projetos para transformar vidas.<\/p>\n","protected":false},"excerpt":{"rendered":"<p>Hoje me peguei olhando para o c\u00e9u e cheia de esperan\u00e7a por dias melhores. 2024 foi um ano de conquistas maravilhosas e tamb\u00e9m de despedidas. E temos por mania quando pensamos em coisas agrad\u00e1veis ou elevadas olhar para cima. Logo, a ideia de c\u00e9u e de Deus sempre nos faz olhar para cima e esta &hellip;<\/p>\n<p class=\"read-more\"> <a class=\"\" href=\"https:\/\/quemcuidadocuidador.com.br\/index.php\/2024\/12\/29\/olhar-de-esperanca\/\"> <span class=\"screen-reader-text\">Olhar de esperan\u00e7a<\/span> Leia mais &raquo;<\/a><\/p>\n","protected":false},"author":2,"featured_media":878,"comment_status":"open","ping_status":"open","sticky":false,"template":"","format":"standard","meta":{"om_disable_all_campaigns":false,"_monsterinsights_skip_tracking":false,"_monsterinsights_sitenote_active":false,"_monsterinsights_sitenote_note":"","_monsterinsights_sitenote_category":0,"site-sidebar-layout":"","site-content-layout":"","ast-main-header-display":"","ast-hfb-above-header-display":"","ast-hfb-below-header-display":"","ast-hfb-mobile-header-display":"","site-post-title":"","ast-breadcrumbs-content":"","ast-featured-img":"","footer-sml-layout":"","theme-transparent-header-meta":"","adv-header-id-meta":"","stick-header-meta":"","header-above-stick-meta":"","header-main-stick-meta":"","header-below-stick-meta":""},"categories":[5],"tags":[],"uagb_featured_image_src":{"full":["https:\/\/quemcuidadocuidador.com.br\/wp-content\/uploads\/2024\/12\/WhatsApp-Image-2024-12-29-at-07.20.47.jpeg",1106,1600,false],"thumbnail":["https:\/\/quemcuidadocuidador.com.br\/wp-content\/uploads\/2024\/12\/WhatsApp-Image-2024-12-29-at-07.20.47-150x150.jpeg",150,150,true],"medium":["https:\/\/quemcuidadocuidador.com.br\/wp-content\/uploads\/2024\/12\/WhatsApp-Image-2024-12-29-at-07.20.47-207x300.jpeg",207,300,true],"medium_large":["https:\/\/quemcuidadocuidador.com.br\/wp-content\/uploads\/2024\/12\/WhatsApp-Image-2024-12-29-at-07.20.47-768x1111.jpeg",768,1111,true],"large":["https:\/\/quemcuidadocuidador.com.br\/wp-content\/uploads\/2024\/12\/WhatsApp-Image-2024-12-29-at-07.20.47-708x1024.jpeg",708,1024,true],"1536x1536":["https:\/\/quemcuidadocuidador.com.br\/wp-content\/uploads\/2024\/12\/WhatsApp-Image-2024-12-29-at-07.20.47-1062x1536.jpeg",1062,1536,true],"2048x2048":["https:\/\/quemcuidadocuidador.com.br\/wp-content\/uploads\/2024\/12\/WhatsApp-Image-2024-12-29-at-07.20.47.jpeg",1106,1600,false]},"uagb_author_info":{"display_name":"Cicera A Feitosa","author_link":"https:\/\/quemcuidadocuidador.com.br\/index.php\/author\/cicera\/"},"uagb_comment_info":0,"uagb_excerpt":"Hoje me peguei olhando para o c\u00e9u e cheia de esperan\u00e7a por dias melhores. 2024 foi um ano de conquistas maravilhosas e tamb\u00e9m de despedidas. E temos por mania quando pensamos em coisas agrad\u00e1veis ou elevadas olhar para cima. Logo, a ideia de c\u00e9u e de Deus sempre nos faz olhar para cima e esta&hellip;","_links":{"self":[{"href":"https:\/\/quemcuidadocuidador.com.br\/index.php\/wp-json\/wp\/v2\/posts\/877"}],"collection":[{"href":"https:\/\/quemcuidadocuidador.com.br\/index.php\/wp-json\/wp\/v2\/posts"}],"about":[{"href":"https:\/\/quemcuidadocuidador.com.br\/index.php\/wp-json\/wp\/v2\/types\/post"}],"author":[{"embeddable":true,"href":"https:\/\/quemcuidadocuidador.com.br\/index.php\/wp-json\/wp\/v2\/users\/2"}],"replies":[{"embeddable":true,"href":"https:\/\/quemcuidadocuidador.com.br\/index.php\/wp-json\/wp\/v2\/comments?post=877"}],"version-history":[{"count":1,"href":"https:\/\/quemcuidadocuidador.com.br\/index.php\/wp-json\/wp\/v2\/posts\/877\/revisions"}],"predecessor-version":[{"id":879,"href":"https:\/\/quemcuidadocuidador.com.br\/index.php\/wp-json\/wp\/v2\/posts\/877\/revisions\/879"}],"wp:featuredmedia":[{"embeddable":true,"href":"https:\/\/quemcuidadocuidador.com.br\/index.php\/wp-json\/wp\/v2\/media\/878"}],"wp:attachment":[{"href":"https:\/\/quemcuidadocuidador.com.br\/index.php\/wp-json\/wp\/v2\/media?parent=877"}],"wp:term":[{"taxonomy":"category","embeddable":true,"href":"https:\/\/quemcuidadocuidador.com.br\/index.php\/wp-json\/wp\/v2\/categories?post=877"},{"taxonomy":"post_tag","embeddable":true,"href":"https:\/\/quemcuidadocuidador.com.br\/index.php\/wp-json\/wp\/v2\/tags?post=877"}],"curies":[{"name":"wp","href":"https:\/\/api.w.org\/{rel}","templated":true}]}}