{"id":857,"date":"2024-11-23T07:46:22","date_gmt":"2024-11-23T11:46:22","guid":{"rendered":"https:\/\/quemcuidadocuidador.com.br\/?p=857"},"modified":"2024-11-23T07:46:23","modified_gmt":"2024-11-23T11:46:23","slug":"bencaos-disfarcadas","status":"publish","type":"post","link":"https:\/\/quemcuidadocuidador.com.br\/index.php\/2024\/11\/23\/bencaos-disfarcadas\/","title":{"rendered":"B\u00ean\u00e7\u00e3os disfar\u00e7adas"},"content":{"rendered":"\n<p><strong>B\u00ean\u00e7\u00e3os disfar\u00e7adas&nbsp;<\/strong><\/p>\n\n\n\n<p>H\u00e1 dois meses e meio<\/p>\n\n\n\n<p>meu pai faleceu.<\/p>\n\n\n\n<p>Percebo agora o quanto<\/p>\n\n\n\n<p>seu mau humor e agressividade<\/p>\n\n\n\n<p>&nbsp;foram importantes<\/p>\n\n\n\n<p>nos \u00faltimos dias de vida.<\/p>\n\n\n\n<p>Sem o cansa\u00e7o e,<\/p>\n\n\n\n<p>a sensa\u00e7\u00e3o de n\u00e3o aguento mais,<\/p>\n\n\n\n<p>vou enlouquecer tamb\u00e9m!<\/p>\n\n\n\n<p>Como despedir de quem amamos?<\/p>\n\n\n\n<p>A quem nos trouxe ao mundo e,<\/p>\n\n\n\n<p>proporcionou as condi\u00e7\u00f5es necess\u00e1rias<\/p>\n\n\n\n<p>para nossa sobreviv\u00eancia.<\/p>\n\n\n\n<p>Guardo na mem\u00f3ria<\/p>\n\n\n\n<p>Um gesto carinhoso<\/p>\n\n\n\n<p>de meu pai.<\/p>\n\n\n\n<p>Foi muito dif\u00edcil receb\u00ea-lo,<\/p>\n\n\n\n<p>pois quando ele levantou a m\u00e3o<\/p>\n\n\n\n<p>achei que ele ia me bater.<\/p>\n\n\n\n<p>Meu corpo inteiro ficou tenso.<\/p>\n\n\n\n<p>Ent\u00e3o, ele acariciou meu rosto.<\/p>\n\n\n\n<p>Um carinho suave e delicado<\/p>\n\n\n\n<p>pois a pele de sua m\u00e3o estava fininha,<\/p>\n\n\n\n<p>sem nenhuma calosidade.<\/p>\n\n\n\n<p>h\u00e1 uma sabedoria infinita<\/p>\n\n\n\n<p>na agressividade da velhice.<\/p>\n\n\n\n<p>Que nos prepara para a despedida.<\/p>\n\n\n\n<p>Pois, ao passar muito tempo, cuidando,<\/p>\n\n\n\n<p>&nbsp;podemos perder, ou abrir m\u00e3o<\/p>\n\n\n\n<p>de alguns projetos de vida.<\/p>\n\n\n\n<p>Necess\u00e1rios na recomposi\u00e7\u00e3o da exist\u00eancia.<\/p>\n\n\n\n<p>Caso durante a fase do cuidado<\/p>\n\n\n\n<p>N\u00e3o saibamos tirar um tempo para:<\/p>\n\n\n\n<p>estar com os amigos,<\/p>\n\n\n\n<p>descansar e repor as baterias,<\/p>\n\n\n\n<p>construir sonhos,<\/p>\n\n\n\n<p>projetos e metas.<\/p>\n\n\n\n<p>Que nos permitam,<\/p>\n\n\n\n<p>seguir em frente.<\/p>\n\n\n\n<p>Com alegria no cora\u00e7\u00e3o<\/p>\n\n\n\n<p>A a\u00e7\u00e3o de cuidar do outro,<\/p>\n\n\n\n<p>\u00c9 pratica, que impregna a alma.<\/p>\n\n\n\n<p>Quando isso acontece,<\/p>\n\n\n\n<p>&nbsp;o preconceito pode diminuir.<\/p>\n\n\n\n<p>O respeito aflorar.<\/p>\n\n\n\n<p>O amor se espalhar,<\/p>\n\n\n\n<p>como a luz do sol<\/p>\n\n\n\n<p>&nbsp;nas montanhas, campos e vales.<\/p>\n\n\n\n<p>Nos pequenos gestos de cuidado,<\/p>\n\n\n\n<p>&nbsp;abra\u00e7amos o diferente e as diferen\u00e7as e,<\/p>\n\n\n\n<p>o c\u00e9u pode ser, aqui.<\/p>\n\n\n\n<p>18 de novembro de 2024.<\/p>\n\n\n\n<p>Feliz anivers\u00e1rio Pai.<\/p>\n\n\n\n<p>Que voc\u00ea esteja a passear por um<\/p>\n\n\n\n<p>campo florido, a ouvir o canto dos p\u00e1ssaros,<\/p>\n\n\n\n<p>as margens, de um belo riacho.<\/p>\n","protected":false},"excerpt":{"rendered":"<p>B\u00ean\u00e7\u00e3os disfar\u00e7adas&nbsp; H\u00e1 dois meses e meio meu pai faleceu. Percebo agora o quanto seu mau humor e agressividade &nbsp;foram importantes nos \u00faltimos dias de vida. Sem o cansa\u00e7o e, a sensa\u00e7\u00e3o de n\u00e3o aguento mais, vou enlouquecer tamb\u00e9m! Como despedir de quem amamos? A quem nos trouxe ao mundo e, proporcionou as condi\u00e7\u00f5es necess\u00e1rias &hellip;<\/p>\n<p class=\"read-more\"> <a class=\"\" href=\"https:\/\/quemcuidadocuidador.com.br\/index.php\/2024\/11\/23\/bencaos-disfarcadas\/\"> <span class=\"screen-reader-text\">B\u00ean\u00e7\u00e3os disfar\u00e7adas<\/span> Leia mais &raquo;<\/a><\/p>\n","protected":false},"author":2,"featured_media":858,"comment_status":"open","ping_status":"open","sticky":false,"template":"","format":"standard","meta":{"om_disable_all_campaigns":false,"_monsterinsights_skip_tracking":false,"_monsterinsights_sitenote_active":false,"_monsterinsights_sitenote_note":"","_monsterinsights_sitenote_category":0,"site-sidebar-layout":"","site-content-layout":"","ast-main-header-display":"","ast-hfb-above-header-display":"","ast-hfb-below-header-display":"","ast-hfb-mobile-header-display":"","site-post-title":"","ast-breadcrumbs-content":"","ast-featured-img":"","footer-sml-layout":"","theme-transparent-header-meta":"","adv-header-id-meta":"","stick-header-meta":"","header-above-stick-meta":"","header-main-stick-meta":"","header-below-stick-meta":""},"categories":[5],"tags":[],"uagb_featured_image_src":{"full":["https:\/\/quemcuidadocuidador.com.br\/wp-content\/uploads\/2024\/11\/WhatsApp-Image-2024-11-23-at-07.10.58.jpeg",1200,1600,false],"thumbnail":["https:\/\/quemcuidadocuidador.com.br\/wp-content\/uploads\/2024\/11\/WhatsApp-Image-2024-11-23-at-07.10.58-150x150.jpeg",150,150,true],"medium":["https:\/\/quemcuidadocuidador.com.br\/wp-content\/uploads\/2024\/11\/WhatsApp-Image-2024-11-23-at-07.10.58-225x300.jpeg",225,300,true],"medium_large":["https:\/\/quemcuidadocuidador.com.br\/wp-content\/uploads\/2024\/11\/WhatsApp-Image-2024-11-23-at-07.10.58-768x1024.jpeg",768,1024,true],"large":["https:\/\/quemcuidadocuidador.com.br\/wp-content\/uploads\/2024\/11\/WhatsApp-Image-2024-11-23-at-07.10.58-768x1024.jpeg",768,1024,true],"1536x1536":["https:\/\/quemcuidadocuidador.com.br\/wp-content\/uploads\/2024\/11\/WhatsApp-Image-2024-11-23-at-07.10.58-1152x1536.jpeg",1152,1536,true],"2048x2048":["https:\/\/quemcuidadocuidador.com.br\/wp-content\/uploads\/2024\/11\/WhatsApp-Image-2024-11-23-at-07.10.58.jpeg",1200,1600,false]},"uagb_author_info":{"display_name":"Cicera A Feitosa","author_link":"https:\/\/quemcuidadocuidador.com.br\/index.php\/author\/cicera\/"},"uagb_comment_info":2,"uagb_excerpt":"B\u00ean\u00e7\u00e3os disfar\u00e7adas&nbsp; H\u00e1 dois meses e meio meu pai faleceu. Percebo agora o quanto seu mau humor e agressividade &nbsp;foram importantes nos \u00faltimos dias de vida. Sem o cansa\u00e7o e, a sensa\u00e7\u00e3o de n\u00e3o aguento mais, vou enlouquecer tamb\u00e9m! Como despedir de quem amamos? A quem nos trouxe ao mundo e, proporcionou as condi\u00e7\u00f5es necess\u00e1rias&hellip;","_links":{"self":[{"href":"https:\/\/quemcuidadocuidador.com.br\/index.php\/wp-json\/wp\/v2\/posts\/857"}],"collection":[{"href":"https:\/\/quemcuidadocuidador.com.br\/index.php\/wp-json\/wp\/v2\/posts"}],"about":[{"href":"https:\/\/quemcuidadocuidador.com.br\/index.php\/wp-json\/wp\/v2\/types\/post"}],"author":[{"embeddable":true,"href":"https:\/\/quemcuidadocuidador.com.br\/index.php\/wp-json\/wp\/v2\/users\/2"}],"replies":[{"embeddable":true,"href":"https:\/\/quemcuidadocuidador.com.br\/index.php\/wp-json\/wp\/v2\/comments?post=857"}],"version-history":[{"count":1,"href":"https:\/\/quemcuidadocuidador.com.br\/index.php\/wp-json\/wp\/v2\/posts\/857\/revisions"}],"predecessor-version":[{"id":859,"href":"https:\/\/quemcuidadocuidador.com.br\/index.php\/wp-json\/wp\/v2\/posts\/857\/revisions\/859"}],"wp:featuredmedia":[{"embeddable":true,"href":"https:\/\/quemcuidadocuidador.com.br\/index.php\/wp-json\/wp\/v2\/media\/858"}],"wp:attachment":[{"href":"https:\/\/quemcuidadocuidador.com.br\/index.php\/wp-json\/wp\/v2\/media?parent=857"}],"wp:term":[{"taxonomy":"category","embeddable":true,"href":"https:\/\/quemcuidadocuidador.com.br\/index.php\/wp-json\/wp\/v2\/categories?post=857"},{"taxonomy":"post_tag","embeddable":true,"href":"https:\/\/quemcuidadocuidador.com.br\/index.php\/wp-json\/wp\/v2\/tags?post=857"}],"curies":[{"name":"wp","href":"https:\/\/api.w.org\/{rel}","templated":true}]}}