{"id":854,"date":"2024-11-16T05:46:38","date_gmt":"2024-11-16T09:46:38","guid":{"rendered":"https:\/\/quemcuidadocuidador.com.br\/?p=854"},"modified":"2024-11-16T05:46:39","modified_gmt":"2024-11-16T09:46:39","slug":"alegria-acalanto-e-precedenteno-lancamento","status":"publish","type":"post","link":"https:\/\/quemcuidadocuidador.com.br\/index.php\/2024\/11\/16\/alegria-acalanto-e-precedenteno-lancamento\/","title":{"rendered":"Alegria, acalanto e (precedente)no lan\u00e7amento"},"content":{"rendered":"\n<p>Queria um lan\u00e7amento de livro humanizado, algo complicado, se nosso objetivo principal \u00e9 vender livros. Ent\u00e3o como agregar valor? E o agregar valor aconteceu aos poucos. Primeiro a professora Katiane do projeto Paral\u00edmpico sugeriu que eu fizesse o lan\u00e7amento l\u00e1, para que as m\u00e3es que tem filhos no projeto pudessem participar.&nbsp; No momento achei a ideia interessante, mas se fosse para as m\u00e3es pensei que precisava ser algo que valesse muito a pena. Afinal conhe\u00e7o a dificuldade de muitas delas para sa\u00edrem de casa.<\/p>\n\n\n\n<p>Entre um pensamento e outro lembrei-me da Ta\u00eds, j\u00e1 conhecia sua hist\u00f3ria de vida. Ent\u00e3o pensei: &#8211; o livro conta hist\u00f3rias de mulheres fortes e inspiradoras, de diferentes partes do Brasil e algumas que moram em outros Pa\u00edses&#8230; Ent\u00e3o para o lan\u00e7amento algu\u00e9m que tivesse uma hist\u00f3ria de vida impactante era essencial.<\/p>\n\n\n\n<p>A hist\u00f3ria dela acalanta os cora\u00e7\u00f5es de m\u00e3es que se afligem ao pensar o futuro dos filhos. E n\u00e3o \u00e9 porque estamos a almejar o mesmo cargo atual dela. Mas sim porque quando ouvimos todos os desafios que ela e a m\u00e3e passaram ao vencer os desafios da caminhada, ap\u00f3s ter poliomielite aos dois anos de idade, tornar-se deficiente, e superar todos os preconceitos impostos pela condi\u00e7\u00e3o de deficiente, de ser mulher e negra. E agora estar ocupando o cargo de Superintende Estadual das Pol\u00edticas p\u00fablicas da Pessoa com Defici\u00eancia de Mato Grosso.<\/p>\n\n\n\n<p>Convite feito, convite aceito, ent\u00e3o fui falar com Emanoel, coordenador do Paral\u00edmpico. Se \u00edamos ofertar algo especial para as m\u00e3es, o que poder\u00edamos fazer para as crian\u00e7as?! Pois qualquer m\u00e3e at\u00edpica por n\u00e3o ter com quem deixar o filho ou a filha, acaba n\u00e3o participando de muitos eventos, por mais que tenha interesse.&nbsp; Emanoel sugeriu que durante o evento o pessoal do Paral\u00edmpico ofereceria atividades para as crian\u00e7as. A ideia parecia perfeita.<\/p>\n\n\n\n<p>Assim, o lan\u00e7amento do livro no qual participo como coautora, produziu frutos incr\u00edveis. Contei com a presen\u00e7a de amigos de longa data desde a inf\u00e2ncia, algumas amizades constru\u00eddas em ambiente de trabalho, minha irm\u00e3 e minha afilhada, a \u00faltima minha maquiadora oficial.&nbsp; E aqueles que a vida foi me presenteando ao longo da caminhada.&nbsp;<\/p>\n\n\n\n<p>Fomos agraciados com a presen\u00e7a de dona Nem\u00e9zia que recebeu o t\u00edtulo de Doutora Honoris Causa, pelos relevantes trabalhos prestados \u00e0 cultura de Vila Bela da Sant\u00edssima Trindade, primeira capital de Mato Grosso.<\/p>\n\n\n\n<p>Gratid\u00e3o a todos que contribu\u00edram na organiza\u00e7\u00e3o e nas doa\u00e7\u00f5es.<\/p>\n\n\n\n<p>Camila, Eliandra e eu fomos a ASSELC em a\u00e7\u00e3o.<\/p>\n\n\n\n<p>Por\u00e9m meu agradecimento especial \u00e9 para as alunas volunt\u00e1rias do curso de Educa\u00e7\u00e3o F\u00edsica: Juliana Pires e Fernanda Almeida. Pois elas constru\u00edram o precedente de que \u00e9 poss\u00edvel ao mesmo tempo que nos m\u00e3es at\u00edpicas estamos participando de um evento nossos filhos estejam em outro espa\u00e7o da forma mais agrad\u00e1vel poss\u00edvel com brincadeiras. Eles apareciam no audit\u00f3rio para descansar um pouquinho e beber \u00e1gua, suados, cabelos molhados e sorridentes.<\/p>\n\n\n\n<p>Logo, inclu\u00edrem os nossos filhos nas atividades, \u00e9 poss\u00edvel. Precisamos de mais lugares com acessibilidade. Em tempo agrade\u00e7o ao espa\u00e7o do Audit\u00f3rio para o lan\u00e7amento do livro e da quadra para as atividades com as crian\u00e7as, da Escola Municipal Dom M\u00e1ximo Bienn\u00e9s.<\/p>\n\n\n\n<p>Aos professores Emanoel e Riller pela coragem de embarcar em sonhos imposs\u00edveis de prever o resultado. Eles sabem viver a caminhada.<\/p>\n\n\n\n<p>Ao concluir convido voc\u00ea, leitor, para embarcar na leitura do livro: Fortes e inspiradoras \u2013 hist\u00f3rias de mulheres que transformaram desafios em inspira\u00e7\u00e3o, no qual sou coautora de um capitulo. Que a leitura das hist\u00f3rias seja inspiracional. E aqueles que quiserem comprar o livro \u00e9 s\u00f3 me procurar.<\/p>\n\n\n\n<p>Gratid\u00e3o a todos.<\/p>\n","protected":false},"excerpt":{"rendered":"<p>Queria um lan\u00e7amento de livro humanizado, algo complicado, se nosso objetivo principal \u00e9 vender livros. Ent\u00e3o como agregar valor? E o agregar valor aconteceu aos poucos. Primeiro a professora Katiane do projeto Paral\u00edmpico sugeriu que eu fizesse o lan\u00e7amento l\u00e1, para que as m\u00e3es que tem filhos no projeto pudessem participar.&nbsp; No momento achei a &hellip;<\/p>\n<p class=\"read-more\"> <a class=\"\" href=\"https:\/\/quemcuidadocuidador.com.br\/index.php\/2024\/11\/16\/alegria-acalanto-e-precedenteno-lancamento\/\"> <span class=\"screen-reader-text\">Alegria, acalanto e (precedente)no lan\u00e7amento<\/span> Leia mais &raquo;<\/a><\/p>\n","protected":false},"author":2,"featured_media":855,"comment_status":"open","ping_status":"open","sticky":false,"template":"","format":"standard","meta":{"om_disable_all_campaigns":false,"_monsterinsights_skip_tracking":false,"_monsterinsights_sitenote_active":false,"_monsterinsights_sitenote_note":"","_monsterinsights_sitenote_category":0,"site-sidebar-layout":"","site-content-layout":"","ast-main-header-display":"","ast-hfb-above-header-display":"","ast-hfb-below-header-display":"","ast-hfb-mobile-header-display":"","site-post-title":"","ast-breadcrumbs-content":"","ast-featured-img":"","footer-sml-layout":"","theme-transparent-header-meta":"","adv-header-id-meta":"","stick-header-meta":"","header-above-stick-meta":"","header-main-stick-meta":"","header-below-stick-meta":""},"categories":[5],"tags":[],"uagb_featured_image_src":{"full":["https:\/\/quemcuidadocuidador.com.br\/wp-content\/uploads\/2024\/11\/WhatsApp-Image-2024-11-16-at-05.28.37.jpeg",747,1600,false],"thumbnail":["https:\/\/quemcuidadocuidador.com.br\/wp-content\/uploads\/2024\/11\/WhatsApp-Image-2024-11-16-at-05.28.37-150x150.jpeg",150,150,true],"medium":["https:\/\/quemcuidadocuidador.com.br\/wp-content\/uploads\/2024\/11\/WhatsApp-Image-2024-11-16-at-05.28.37-140x300.jpeg",140,300,true],"medium_large":["https:\/\/quemcuidadocuidador.com.br\/wp-content\/uploads\/2024\/11\/WhatsApp-Image-2024-11-16-at-05.28.37.jpeg",747,1600,false],"large":["https:\/\/quemcuidadocuidador.com.br\/wp-content\/uploads\/2024\/11\/WhatsApp-Image-2024-11-16-at-05.28.37-478x1024.jpeg",478,1024,true],"1536x1536":["https:\/\/quemcuidadocuidador.com.br\/wp-content\/uploads\/2024\/11\/WhatsApp-Image-2024-11-16-at-05.28.37-717x1536.jpeg",717,1536,true],"2048x2048":["https:\/\/quemcuidadocuidador.com.br\/wp-content\/uploads\/2024\/11\/WhatsApp-Image-2024-11-16-at-05.28.37.jpeg",747,1600,false]},"uagb_author_info":{"display_name":"Cicera A Feitosa","author_link":"https:\/\/quemcuidadocuidador.com.br\/index.php\/author\/cicera\/"},"uagb_comment_info":3,"uagb_excerpt":"Queria um lan\u00e7amento de livro humanizado, algo complicado, se nosso objetivo principal \u00e9 vender livros. Ent\u00e3o como agregar valor? E o agregar valor aconteceu aos poucos. Primeiro a professora Katiane do projeto Paral\u00edmpico sugeriu que eu fizesse o lan\u00e7amento l\u00e1, para que as m\u00e3es que tem filhos no projeto pudessem participar.&nbsp; No momento achei a&hellip;","_links":{"self":[{"href":"https:\/\/quemcuidadocuidador.com.br\/index.php\/wp-json\/wp\/v2\/posts\/854"}],"collection":[{"href":"https:\/\/quemcuidadocuidador.com.br\/index.php\/wp-json\/wp\/v2\/posts"}],"about":[{"href":"https:\/\/quemcuidadocuidador.com.br\/index.php\/wp-json\/wp\/v2\/types\/post"}],"author":[{"embeddable":true,"href":"https:\/\/quemcuidadocuidador.com.br\/index.php\/wp-json\/wp\/v2\/users\/2"}],"replies":[{"embeddable":true,"href":"https:\/\/quemcuidadocuidador.com.br\/index.php\/wp-json\/wp\/v2\/comments?post=854"}],"version-history":[{"count":1,"href":"https:\/\/quemcuidadocuidador.com.br\/index.php\/wp-json\/wp\/v2\/posts\/854\/revisions"}],"predecessor-version":[{"id":856,"href":"https:\/\/quemcuidadocuidador.com.br\/index.php\/wp-json\/wp\/v2\/posts\/854\/revisions\/856"}],"wp:featuredmedia":[{"embeddable":true,"href":"https:\/\/quemcuidadocuidador.com.br\/index.php\/wp-json\/wp\/v2\/media\/855"}],"wp:attachment":[{"href":"https:\/\/quemcuidadocuidador.com.br\/index.php\/wp-json\/wp\/v2\/media?parent=854"}],"wp:term":[{"taxonomy":"category","embeddable":true,"href":"https:\/\/quemcuidadocuidador.com.br\/index.php\/wp-json\/wp\/v2\/categories?post=854"},{"taxonomy":"post_tag","embeddable":true,"href":"https:\/\/quemcuidadocuidador.com.br\/index.php\/wp-json\/wp\/v2\/tags?post=854"}],"curies":[{"name":"wp","href":"https:\/\/api.w.org\/{rel}","templated":true}]}}