{"id":845,"date":"2024-10-26T06:38:37","date_gmt":"2024-10-26T10:38:37","guid":{"rendered":"https:\/\/quemcuidadocuidador.com.br\/?p=845"},"modified":"2024-10-26T06:38:38","modified_gmt":"2024-10-26T10:38:38","slug":"elogios-em-meio-a-um-temporal","status":"publish","type":"post","link":"https:\/\/quemcuidadocuidador.com.br\/index.php\/2024\/10\/26\/elogios-em-meio-a-um-temporal\/","title":{"rendered":"Elogios em meio a um temporal"},"content":{"rendered":"\n<p>No geral, nosso tempo \u00e9 t\u00e3o limitado, enquanto cuidadores, que nos privamos de uma s\u00e9rie de a\u00e7\u00f5es que tornariam nossa vida mais f\u00e1cil. H\u00e1 anos tento construir essa facilidade e leveza, necess\u00e1rias para viver com equil\u00edbrio todas as fases do cuidado. Por\u00e9m, h\u00e1 experi\u00eancias que nos deixam fragilizadas.<\/p>\n\n\n\n<p>E, quando pensei que estava a remar um barquinho por \u00e1guas tranquilas com Pedro, e que podia atracar em qualquer praia mundo afora e viver uma vida sem atropelos, cheguei a ver a praia, apreciar a areia branca, olhei os p\u00e1ssaros a voar no c\u00e9u e senti o cheiro da brisa.<\/p>\n\n\n\n<p>Ent\u00e3o sobreveio um temporal, e meu barquinho, que estava prestes a alcan\u00e7ar a praia, de repente se viu no olho de um furac\u00e3o, chamado convuls\u00e3o, seguido de desmaio. Cuidamos de nossos filhos, mas quando eles est\u00e3o em perigo e nos falta for\u00e7a f\u00edsica para amenizar a situa\u00e7\u00e3o, nos sentimos impotentes, incapazes e sem saber qual a melhor forma de agir.<\/p>\n\n\n\n<p>Eu queria chorar, por\u00e9m sabia que n\u00e3o era o momento, tive vontade de gritar, mas n\u00e3o resolveria nada. Pensei tamb\u00e9m em ligar para os bombeiros ou chamar o vizinho. Entretanto, n\u00e3o conseguia me afastar de Pedro.&nbsp; Ent\u00e3o o mantive de lado e observei sua l\u00edngua. As \u00fanicas coisas que sabia ser essenciais naquele momento.<\/p>\n\n\n\n<p>Quando ele saiu da crise, eu o levei para o pronto socorro, as \u00fanicas coisas que indicavam que ele n\u00e3o estava bem eram o des\u00e2nimo e a palidez, sintomas sem import\u00e2ncia numa Unidade de Pronto Atendimento, onde na maioria das vezes as pessoas chegam quebradas, enfartando ou carregadas por outra pessoa.<\/p>\n\n\n\n<p>A m\u00e9dica que o atendeu deu um encaminhamento com urg\u00eancia para o neuro, o que n\u00e3o fez muita diferen\u00e7a, pois no dia seguinte ap\u00f3s pagar pelos exames de sangue para agilizar qual era o motivo da crise, fui informada na secretaria da sa\u00fade, que n\u00e3o tinha vaga.<\/p>\n\n\n\n<p>Ent\u00e3o uma das orienta\u00e7\u00f5es que deixo aqui para as m\u00e3es \u00e9 a de quando seu filho convulsionar, desmaiar ou tiver alguma quebradura chame os bombeiros. Com um pouco de sorte, eles o levam direto para o hospital.<\/p>\n\n\n\n<p>Entre um acontecimento e outro, tamb\u00e9m descobri que n\u00e3o sei receber elogios.<\/p>\n\n\n\n<p>Porque quando peguei o resultado dos exames de sangue e consegui um encaixe no PSF do bairro, o m\u00e9dico perguntou quando tinha sido sua \u00faltima crise e eu informei que foi em 29 de outubro de 2020, fui parabenizada por Pedro Henrique ter passado todo esse tempo sem crise.<\/p>\n\n\n\n<p>Eu recusei o elogio, pois na minha cabe\u00e7a naquele momento, se estou cuidando e dando a medica\u00e7\u00e3o conforme a prescri\u00e7\u00e3o do neuro, n\u00e3o era para ter nenhuma crise.<\/p>\n\n\n\n<p>Depois em casa, fiz as contas e compreendi que 3 anos e 357 dias \u00e9 um longo per\u00edodo. \u00c9 o reflexo que meu filho \u00e9 bem cuidado.<\/p>\n\n\n\n<p>Finalmente entendi, que a rotina do cuidado me deixou com um grau de exig\u00eancia t\u00e3o elevado, que me tornei insens\u00edvel a receber elogios.<\/p>\n\n\n\n<p>Ent\u00e3o, neste momento, agrade\u00e7o ao m\u00e9dico por seu gentil e reconhecer o meu esfor\u00e7o na caminhada.<\/p>\n\n\n\n<p>E para todos que adoram dizer para uma m\u00e3e at\u00edpica que ela \u00e9 \u201cguerreira\u201d ou que \u201cDeus d\u00e1 a l\u00e3 conforme o carneiro\u201d, informo que: quando temos um filho diferente, precisamos ter Pol\u00edticas P\u00fablicas que atendam \u00e0s necessidades de nossos filhos e, como m\u00e3es at\u00edpicas tamb\u00e9m precisamos ser cuidadas.<\/p>\n\n\n\n<p>\u00c9 preciso estar atento ao fato de que em situa\u00e7\u00f5es assim, m\u00e3es at\u00edpicas se desestabilizam e tamb\u00e9m adoecem.<\/p>\n\n\n\n<p>Com o agravante que na maioria das vezes ela n\u00e3o tem com quem deixar o filho, para cuidar da sua pr\u00f3pria sa\u00fade.<\/p>\n","protected":false},"excerpt":{"rendered":"<p>No geral, nosso tempo \u00e9 t\u00e3o limitado, enquanto cuidadores, que nos privamos de uma s\u00e9rie de a\u00e7\u00f5es que tornariam nossa vida mais f\u00e1cil. H\u00e1 anos tento construir essa facilidade e leveza, necess\u00e1rias para viver com equil\u00edbrio todas as fases do cuidado. Por\u00e9m, h\u00e1 experi\u00eancias que nos deixam fragilizadas. E, quando pensei que estava a remar &hellip;<\/p>\n<p class=\"read-more\"> <a class=\"\" href=\"https:\/\/quemcuidadocuidador.com.br\/index.php\/2024\/10\/26\/elogios-em-meio-a-um-temporal\/\"> <span class=\"screen-reader-text\">Elogios em meio a um temporal<\/span> Leia mais &raquo;<\/a><\/p>\n","protected":false},"author":2,"featured_media":846,"comment_status":"open","ping_status":"open","sticky":false,"template":"","format":"standard","meta":{"om_disable_all_campaigns":false,"_monsterinsights_skip_tracking":false,"_monsterinsights_sitenote_active":false,"_monsterinsights_sitenote_note":"","_monsterinsights_sitenote_category":0,"site-sidebar-layout":"","site-content-layout":"","ast-main-header-display":"","ast-hfb-above-header-display":"","ast-hfb-below-header-display":"","ast-hfb-mobile-header-display":"","site-post-title":"","ast-breadcrumbs-content":"","ast-featured-img":"","footer-sml-layout":"","theme-transparent-header-meta":"","adv-header-id-meta":"","stick-header-meta":"","header-above-stick-meta":"","header-main-stick-meta":"","header-below-stick-meta":""},"categories":[5],"tags":[],"uagb_featured_image_src":{"full":["https:\/\/quemcuidadocuidador.com.br\/wp-content\/uploads\/2024\/10\/WhatsApp-Image-2024-10-26-at-06.29.57.jpeg",912,1368,false],"thumbnail":["https:\/\/quemcuidadocuidador.com.br\/wp-content\/uploads\/2024\/10\/WhatsApp-Image-2024-10-26-at-06.29.57-150x150.jpeg",150,150,true],"medium":["https:\/\/quemcuidadocuidador.com.br\/wp-content\/uploads\/2024\/10\/WhatsApp-Image-2024-10-26-at-06.29.57-200x300.jpeg",200,300,true],"medium_large":["https:\/\/quemcuidadocuidador.com.br\/wp-content\/uploads\/2024\/10\/WhatsApp-Image-2024-10-26-at-06.29.57-768x1152.jpeg",768,1152,true],"large":["https:\/\/quemcuidadocuidador.com.br\/wp-content\/uploads\/2024\/10\/WhatsApp-Image-2024-10-26-at-06.29.57-683x1024.jpeg",683,1024,true],"1536x1536":["https:\/\/quemcuidadocuidador.com.br\/wp-content\/uploads\/2024\/10\/WhatsApp-Image-2024-10-26-at-06.29.57.jpeg",912,1368,false],"2048x2048":["https:\/\/quemcuidadocuidador.com.br\/wp-content\/uploads\/2024\/10\/WhatsApp-Image-2024-10-26-at-06.29.57.jpeg",912,1368,false]},"uagb_author_info":{"display_name":"Cicera A Feitosa","author_link":"https:\/\/quemcuidadocuidador.com.br\/index.php\/author\/cicera\/"},"uagb_comment_info":2,"uagb_excerpt":"No geral, nosso tempo \u00e9 t\u00e3o limitado, enquanto cuidadores, que nos privamos de uma s\u00e9rie de a\u00e7\u00f5es que tornariam nossa vida mais f\u00e1cil. H\u00e1 anos tento construir essa facilidade e leveza, necess\u00e1rias para viver com equil\u00edbrio todas as fases do cuidado. Por\u00e9m, h\u00e1 experi\u00eancias que nos deixam fragilizadas. E, quando pensei que estava a remar&hellip;","_links":{"self":[{"href":"https:\/\/quemcuidadocuidador.com.br\/index.php\/wp-json\/wp\/v2\/posts\/845"}],"collection":[{"href":"https:\/\/quemcuidadocuidador.com.br\/index.php\/wp-json\/wp\/v2\/posts"}],"about":[{"href":"https:\/\/quemcuidadocuidador.com.br\/index.php\/wp-json\/wp\/v2\/types\/post"}],"author":[{"embeddable":true,"href":"https:\/\/quemcuidadocuidador.com.br\/index.php\/wp-json\/wp\/v2\/users\/2"}],"replies":[{"embeddable":true,"href":"https:\/\/quemcuidadocuidador.com.br\/index.php\/wp-json\/wp\/v2\/comments?post=845"}],"version-history":[{"count":1,"href":"https:\/\/quemcuidadocuidador.com.br\/index.php\/wp-json\/wp\/v2\/posts\/845\/revisions"}],"predecessor-version":[{"id":847,"href":"https:\/\/quemcuidadocuidador.com.br\/index.php\/wp-json\/wp\/v2\/posts\/845\/revisions\/847"}],"wp:featuredmedia":[{"embeddable":true,"href":"https:\/\/quemcuidadocuidador.com.br\/index.php\/wp-json\/wp\/v2\/media\/846"}],"wp:attachment":[{"href":"https:\/\/quemcuidadocuidador.com.br\/index.php\/wp-json\/wp\/v2\/media?parent=845"}],"wp:term":[{"taxonomy":"category","embeddable":true,"href":"https:\/\/quemcuidadocuidador.com.br\/index.php\/wp-json\/wp\/v2\/categories?post=845"},{"taxonomy":"post_tag","embeddable":true,"href":"https:\/\/quemcuidadocuidador.com.br\/index.php\/wp-json\/wp\/v2\/tags?post=845"}],"curies":[{"name":"wp","href":"https:\/\/api.w.org\/{rel}","templated":true}]}}