{"id":833,"date":"2024-09-28T06:39:16","date_gmt":"2024-09-28T10:39:16","guid":{"rendered":"https:\/\/quemcuidadocuidador.com.br\/?p=833"},"modified":"2024-09-28T06:39:17","modified_gmt":"2024-09-28T10:39:17","slug":"escritora-a-pedir-ajuda","status":"publish","type":"post","link":"https:\/\/quemcuidadocuidador.com.br\/index.php\/2024\/09\/28\/escritora-a-pedir-ajuda\/","title":{"rendered":"Escritora a pedir ajuda"},"content":{"rendered":"\n<p>Fui para S\u00e3o Paulo, onde aconteceria o lan\u00e7amento do livro \u201cFortes e inspiradoras\u201d e  participar da Bienal. cheguei na sexta-feira \u00e0 tarde, 13 de setembro de 2024. Tive tempo para uma caminhada na Avenida Paulista. No outro dia, tantas coisas para fazer e de repente, j\u00e1 era a hora do almo\u00e7o; comecei a pesquisar e ligar nos sal\u00f5es de beleza pr\u00f3ximos do local onde eu estava e n\u00e3o conseguia vaga para fazer a maquiagem; ent\u00e3o virei para a mesa ao lado onde uma mo\u00e7a almo\u00e7ava com a fam\u00edlia e pedi ajuda.<\/p>\n\n\n\n<p>Ela conseguiu que uma amiga me maquiasse entre o hor\u00e1rio do almo\u00e7o e a pr\u00f3xima cliente. Foi um corre-corre, acabei perdendo a sess\u00e3o de fotos com as outras escritoras. Eu, que tenho mania de ser pontual, cheguei na \u00faltima hora para o lan\u00e7amento do livro.<\/p>\n\n\n\n<p>A acolhida foi maravilhosa, mas ainda assim me senti s\u00f3. Contei com a companhia de duas amigas queridas: Bernardete Aparecida Ribeiro e Fernanda Almeida. Mas naquele momento queria que Pedro Henrique estivesse l\u00e1, afinal ele ama eventos. Embora eu saiba que ele n\u00e3o teria paci\u00eancia para ouvir todas as escritoras se apresentarem. Tamb\u00e9m pensei em meu pai, pois ao voltar pra casa j\u00e1 n\u00e3o seria poss\u00edvel mostrar a ele o livro publicado, realiza\u00e7\u00e3o de um sonho acalantado por muito tempo&#8230;<\/p>\n\n\n\n<p>O incr\u00edvel do evento foi conhecer outras mulheres com hist\u00f3rias fant\u00e1sticas de supera\u00e7\u00e3o e empoderamento. Portanto o livro \u201cFortes e inspiradoras \u201c\u00e9 surpreendente e re\u00fane hist\u00f3rias de mulheres de diferentes partes do Brasil.<\/p>\n\n\n\n<p>&nbsp;Todas elas viveram a experi\u00eancia da alquimia de transformar l\u00e1grimas e dor em for\u00e7a e coragem para superarem desafios, que muitas vezes quando os estamos a vivenci\u00e1-los, por vezes duvidamos da nossa for\u00e7a, coragem e f\u00e9. S\u00e3o hist\u00f3rias que nos permitem acompanhar diferentes experiencias e aprender com elas.<\/p>\n\n\n\n<p>Ent\u00e3o, convido voc\u00ea leitor a ler este livro, s\u00e3o 26 cap\u00edtulos, logo voc\u00ea tem 26 hist\u00f3rias para lhe tocar o cora\u00e7\u00e3o, como inspira\u00e7\u00e3o, ou acalanto. Pois, ao sabermos que uma pessoa fez algo que parecia imposs\u00edvel, a gente tem certeza que tamb\u00e9m pode.<\/p>\n\n\n\n<p>Minha gratid\u00e3o, a toda a equipe da editora Legado, pela organiza\u00e7\u00e3o do evento e pela beleza da capa do livro. A todas as escritoras presentes no evento, que a gente volte a se encontrar em outras bienais.<\/p>\n\n\n\n<p>Alegria! E uma imensa honra, participar da Bienal pela primeira vez como escritora.<\/p>\n\n\n\n<p>Ah! E lembre-se sempre, quando tiver em apuros, pe\u00e7a ajuda. O outro s\u00f3 poder\u00e1 te ajudar se voc\u00ea disser o que est\u00e1 precisando.<\/p>\n","protected":false},"excerpt":{"rendered":"<p>Fui para S\u00e3o Paulo, onde aconteceria o lan\u00e7amento do livro \u201cFortes e inspiradoras\u201d e participar da Bienal. cheguei na sexta-feira \u00e0 tarde, 13 de setembro de 2024. Tive tempo para uma caminhada na Avenida Paulista. No outro dia, tantas coisas para fazer e de repente, j\u00e1 era a hora do almo\u00e7o; comecei a pesquisar e &hellip;<\/p>\n<p class=\"read-more\"> <a class=\"\" href=\"https:\/\/quemcuidadocuidador.com.br\/index.php\/2024\/09\/28\/escritora-a-pedir-ajuda\/\"> <span class=\"screen-reader-text\">Escritora a pedir ajuda<\/span> Leia mais &raquo;<\/a><\/p>\n","protected":false},"author":2,"featured_media":834,"comment_status":"open","ping_status":"open","sticky":false,"template":"","format":"standard","meta":{"om_disable_all_campaigns":false,"_monsterinsights_skip_tracking":false,"_monsterinsights_sitenote_active":false,"_monsterinsights_sitenote_note":"","_monsterinsights_sitenote_category":0,"site-sidebar-layout":"","site-content-layout":"","ast-main-header-display":"","ast-hfb-above-header-display":"","ast-hfb-below-header-display":"","ast-hfb-mobile-header-display":"","site-post-title":"","ast-breadcrumbs-content":"","ast-featured-img":"","footer-sml-layout":"","theme-transparent-header-meta":"","adv-header-id-meta":"","stick-header-meta":"","header-above-stick-meta":"","header-main-stick-meta":"","header-below-stick-meta":""},"categories":[5],"tags":[],"uagb_featured_image_src":{"full":["https:\/\/quemcuidadocuidador.com.br\/wp-content\/uploads\/2024\/09\/foto-lancamento.jpg",600,400,false],"thumbnail":["https:\/\/quemcuidadocuidador.com.br\/wp-content\/uploads\/2024\/09\/foto-lancamento-150x150.jpg",150,150,true],"medium":["https:\/\/quemcuidadocuidador.com.br\/wp-content\/uploads\/2024\/09\/foto-lancamento-300x200.jpg",300,200,true],"medium_large":["https:\/\/quemcuidadocuidador.com.br\/wp-content\/uploads\/2024\/09\/foto-lancamento.jpg",600,400,false],"large":["https:\/\/quemcuidadocuidador.com.br\/wp-content\/uploads\/2024\/09\/foto-lancamento.jpg",600,400,false],"1536x1536":["https:\/\/quemcuidadocuidador.com.br\/wp-content\/uploads\/2024\/09\/foto-lancamento.jpg",600,400,false],"2048x2048":["https:\/\/quemcuidadocuidador.com.br\/wp-content\/uploads\/2024\/09\/foto-lancamento.jpg",600,400,false]},"uagb_author_info":{"display_name":"Cicera A Feitosa","author_link":"https:\/\/quemcuidadocuidador.com.br\/index.php\/author\/cicera\/"},"uagb_comment_info":6,"uagb_excerpt":"Fui para S\u00e3o Paulo, onde aconteceria o lan\u00e7amento do livro \u201cFortes e inspiradoras\u201d e participar da Bienal. cheguei na sexta-feira \u00e0 tarde, 13 de setembro de 2024. Tive tempo para uma caminhada na Avenida Paulista. No outro dia, tantas coisas para fazer e de repente, j\u00e1 era a hora do almo\u00e7o; comecei a pesquisar e&hellip;","_links":{"self":[{"href":"https:\/\/quemcuidadocuidador.com.br\/index.php\/wp-json\/wp\/v2\/posts\/833"}],"collection":[{"href":"https:\/\/quemcuidadocuidador.com.br\/index.php\/wp-json\/wp\/v2\/posts"}],"about":[{"href":"https:\/\/quemcuidadocuidador.com.br\/index.php\/wp-json\/wp\/v2\/types\/post"}],"author":[{"embeddable":true,"href":"https:\/\/quemcuidadocuidador.com.br\/index.php\/wp-json\/wp\/v2\/users\/2"}],"replies":[{"embeddable":true,"href":"https:\/\/quemcuidadocuidador.com.br\/index.php\/wp-json\/wp\/v2\/comments?post=833"}],"version-history":[{"count":1,"href":"https:\/\/quemcuidadocuidador.com.br\/index.php\/wp-json\/wp\/v2\/posts\/833\/revisions"}],"predecessor-version":[{"id":835,"href":"https:\/\/quemcuidadocuidador.com.br\/index.php\/wp-json\/wp\/v2\/posts\/833\/revisions\/835"}],"wp:featuredmedia":[{"embeddable":true,"href":"https:\/\/quemcuidadocuidador.com.br\/index.php\/wp-json\/wp\/v2\/media\/834"}],"wp:attachment":[{"href":"https:\/\/quemcuidadocuidador.com.br\/index.php\/wp-json\/wp\/v2\/media?parent=833"}],"wp:term":[{"taxonomy":"category","embeddable":true,"href":"https:\/\/quemcuidadocuidador.com.br\/index.php\/wp-json\/wp\/v2\/categories?post=833"},{"taxonomy":"post_tag","embeddable":true,"href":"https:\/\/quemcuidadocuidador.com.br\/index.php\/wp-json\/wp\/v2\/tags?post=833"}],"curies":[{"name":"wp","href":"https:\/\/api.w.org\/{rel}","templated":true}]}}