{"id":828,"date":"2024-09-07T07:14:36","date_gmt":"2024-09-07T11:14:36","guid":{"rendered":"https:\/\/quemcuidadocuidador.com.br\/?p=828"},"modified":"2024-09-07T07:14:37","modified_gmt":"2024-09-07T11:14:37","slug":"carta-para-te-contar-os-ultimos-acontecimentos","status":"publish","type":"post","link":"https:\/\/quemcuidadocuidador.com.br\/index.php\/2024\/09\/07\/carta-para-te-contar-os-ultimos-acontecimentos\/","title":{"rendered":"Carta para te contar os \u00faltimos acontecimentos"},"content":{"rendered":"\n<p>Oi pai,<\/p>\n\n\n\n<p>Por aqui foi uma semana at\u00edpica, levei seu neto Pedro Henrique apenas no final do seu vel\u00f3rio e talvez a \u00fanica coisa que ele n\u00e3o v\u00e1 me perdoar \u00e9 por n\u00e3o ter realizado uma missa de corpo presente. Confesso que n\u00e3o consegui pensar no assunto em tempo. Mas estou tranquila em rela\u00e7\u00e3o a isto, afinal o senhor nunca foi muito chegado a ir em nenhuma igreja, quando tinha total controle sobre todos os seus atos e a\u00e7\u00f5es.<\/p>\n\n\n\n<p>Ent\u00e3o n\u00e3o era no final da sua vida, quando o senhor n\u00e3o podia escolher, que eu iria lhe impor qualquer religi\u00e3o. Talvez, ter convivido ao longo da vida todos os seus SER\u00c1, tenha contribu\u00eddo para o meu ceticismo. Mas Pedro Henrique quando chegou em nossas vidas h\u00e1 21 anos, trazia dentro de si a igreja cat\u00f3lica, todos os seus dogmas e santos. E uma pitada de f\u00e9, que at\u00e9 ent\u00e3o, nenhum membro da fam\u00edlia tenha vivenciado.<\/p>\n\n\n\n<p>Na segunda-feira de manh\u00e3 fomos a catedral para marcar uma missa de s\u00e9timo dia. E Pedro deixou claro a necessidade de uma lembrancinha para entregar no final da missa. E sua bisneta Larissa ficou encarregada de providenciar.<\/p>\n\n\n\n<p>Durante a semana, doei os seus pertences que poderiam ser \u00fateis para outras pessoas, ao separar os objetos encontrei um apito, impregnado de mem\u00f3rias da minha inf\u00e2ncia.<\/p>\n\n\n\n<p>E chegou quinta-feira o dia da missa. Fui e o \u00fanico pensamento que me ocorreu aquele era o meu \u00faltimo compromisso com o senhor, al\u00e9m \u00e9 claro de estar atendendo as exig\u00eancias de seu neto. Portanto n\u00e3o tinha nenhuma expectativa. Mas neste momento que escrevo, meu agradecimento se estende desde o pessoal da limpeza, a equipe respons\u00e1vel pela celebra\u00e7\u00e3o do dia e ao padre.<\/p>\n\n\n\n<p>Quando a missa come\u00e7ou, a voz do mo\u00e7o que estava cantando era acolhedora e aconchegante, havia um altar com o ostens\u00f3rio e, de cada lado a imagem de um anjo e flores amarelas que traziam alegria e harmonia. Era belo de se ver. Claro que quando o dirigente leu errado o seu nome, meu primeiro impulso era de corrigi-lo. Ainda bem que o padre pronunciou seu nome corretamente.<\/p>\n\n\n\n<p>Gostei da hom\u00edlia, algo raro de acontecer. E nesse mar de emo\u00e7\u00f5es confusas e rela\u00e7\u00f5es l\u00edquidas de que falou o Padre, acredito que voc\u00ea pai pegou a prancha certa e est\u00e1 a\u00ed no c\u00e9u surfando ondas incr\u00edveis, junto a familiares e amigos que j\u00e1 tinham partido. E falando muito, lembrando as travessuras da inf\u00e2ncia.<\/p>\n\n\n\n<p>&nbsp;Afinal depois de 28 anos sem falar, h\u00e1 tantas hist\u00f3rias a ser contadas. Ou talvez o senhor, tenha aprendido a import\u00e2ncia do sil\u00eancio e agora esteja a deslizar em sua prancha por ondas tranquilas, apenas ouvindo o som do mar e o canto dos p\u00e1ssaros.<\/p>\n\n\n\n<p>No dia 30\/08\/2024, uma sexta-feira \u00e0 tarde, o senhor partiu em um mar calmo e tranquilo, com surfistas alados a lhe fazer companhia. Pois suas \u00faltimas respira\u00e7\u00f5es foram tranquilas, sem nenhum grito ou gemido. Mergulhastes para a nova etapa de sua vida com coragem e harmonia..<\/p>\n\n\n\n<p>E at\u00e9 n\u00f3s encontrarmos de novo, algo que vai demorar muito, pois pretendo passar um longo tempo aqui com Pedro, afinal ele tamb\u00e9m precisa de cuidados. Que Jesus ilumine seus passos e seja sua fortaleza.<\/p>\n","protected":false},"excerpt":{"rendered":"<p>Oi pai, Por aqui foi uma semana at\u00edpica, levei seu neto Pedro Henrique apenas no final do seu vel\u00f3rio e talvez a \u00fanica coisa que ele n\u00e3o v\u00e1 me perdoar \u00e9 por n\u00e3o ter realizado uma missa de corpo presente. Confesso que n\u00e3o consegui pensar no assunto em tempo. Mas estou tranquila em rela\u00e7\u00e3o a &hellip;<\/p>\n<p class=\"read-more\"> <a class=\"\" href=\"https:\/\/quemcuidadocuidador.com.br\/index.php\/2024\/09\/07\/carta-para-te-contar-os-ultimos-acontecimentos\/\"> <span class=\"screen-reader-text\">Carta para te contar os \u00faltimos acontecimentos<\/span> Leia mais &raquo;<\/a><\/p>\n","protected":false},"author":2,"featured_media":829,"comment_status":"open","ping_status":"open","sticky":false,"template":"","format":"standard","meta":{"om_disable_all_campaigns":false,"_monsterinsights_skip_tracking":false,"_monsterinsights_sitenote_active":false,"_monsterinsights_sitenote_note":"","_monsterinsights_sitenote_category":0,"site-sidebar-layout":"","site-content-layout":"","ast-main-header-display":"","ast-hfb-above-header-display":"","ast-hfb-below-header-display":"","ast-hfb-mobile-header-display":"","site-post-title":"","ast-breadcrumbs-content":"","ast-featured-img":"","footer-sml-layout":"","theme-transparent-header-meta":"","adv-header-id-meta":"","stick-header-meta":"","header-above-stick-meta":"","header-main-stick-meta":"","header-below-stick-meta":""},"categories":[5],"tags":[],"uagb_featured_image_src":{"full":["https:\/\/quemcuidadocuidador.com.br\/wp-content\/uploads\/2024\/09\/WhatsApp-Image-2024-09-07-at-05.24.24.jpeg",1600,1502,false],"thumbnail":["https:\/\/quemcuidadocuidador.com.br\/wp-content\/uploads\/2024\/09\/WhatsApp-Image-2024-09-07-at-05.24.24-150x150.jpeg",150,150,true],"medium":["https:\/\/quemcuidadocuidador.com.br\/wp-content\/uploads\/2024\/09\/WhatsApp-Image-2024-09-07-at-05.24.24-300x282.jpeg",300,282,true],"medium_large":["https:\/\/quemcuidadocuidador.com.br\/wp-content\/uploads\/2024\/09\/WhatsApp-Image-2024-09-07-at-05.24.24-768x721.jpeg",768,721,true],"large":["https:\/\/quemcuidadocuidador.com.br\/wp-content\/uploads\/2024\/09\/WhatsApp-Image-2024-09-07-at-05.24.24-1024x961.jpeg",1024,961,true],"1536x1536":["https:\/\/quemcuidadocuidador.com.br\/wp-content\/uploads\/2024\/09\/WhatsApp-Image-2024-09-07-at-05.24.24-1536x1442.jpeg",1536,1442,true],"2048x2048":["https:\/\/quemcuidadocuidador.com.br\/wp-content\/uploads\/2024\/09\/WhatsApp-Image-2024-09-07-at-05.24.24.jpeg",1600,1502,false]},"uagb_author_info":{"display_name":"Cicera A Feitosa","author_link":"https:\/\/quemcuidadocuidador.com.br\/index.php\/author\/cicera\/"},"uagb_comment_info":6,"uagb_excerpt":"Oi pai, Por aqui foi uma semana at\u00edpica, levei seu neto Pedro Henrique apenas no final do seu vel\u00f3rio e talvez a \u00fanica coisa que ele n\u00e3o v\u00e1 me perdoar \u00e9 por n\u00e3o ter realizado uma missa de corpo presente. Confesso que n\u00e3o consegui pensar no assunto em tempo. Mas estou tranquila em rela\u00e7\u00e3o a&hellip;","_links":{"self":[{"href":"https:\/\/quemcuidadocuidador.com.br\/index.php\/wp-json\/wp\/v2\/posts\/828"}],"collection":[{"href":"https:\/\/quemcuidadocuidador.com.br\/index.php\/wp-json\/wp\/v2\/posts"}],"about":[{"href":"https:\/\/quemcuidadocuidador.com.br\/index.php\/wp-json\/wp\/v2\/types\/post"}],"author":[{"embeddable":true,"href":"https:\/\/quemcuidadocuidador.com.br\/index.php\/wp-json\/wp\/v2\/users\/2"}],"replies":[{"embeddable":true,"href":"https:\/\/quemcuidadocuidador.com.br\/index.php\/wp-json\/wp\/v2\/comments?post=828"}],"version-history":[{"count":1,"href":"https:\/\/quemcuidadocuidador.com.br\/index.php\/wp-json\/wp\/v2\/posts\/828\/revisions"}],"predecessor-version":[{"id":830,"href":"https:\/\/quemcuidadocuidador.com.br\/index.php\/wp-json\/wp\/v2\/posts\/828\/revisions\/830"}],"wp:featuredmedia":[{"embeddable":true,"href":"https:\/\/quemcuidadocuidador.com.br\/index.php\/wp-json\/wp\/v2\/media\/829"}],"wp:attachment":[{"href":"https:\/\/quemcuidadocuidador.com.br\/index.php\/wp-json\/wp\/v2\/media?parent=828"}],"wp:term":[{"taxonomy":"category","embeddable":true,"href":"https:\/\/quemcuidadocuidador.com.br\/index.php\/wp-json\/wp\/v2\/categories?post=828"},{"taxonomy":"post_tag","embeddable":true,"href":"https:\/\/quemcuidadocuidador.com.br\/index.php\/wp-json\/wp\/v2\/tags?post=828"}],"curies":[{"name":"wp","href":"https:\/\/api.w.org\/{rel}","templated":true}]}}