{"id":822,"date":"2024-08-25T06:54:08","date_gmt":"2024-08-25T10:54:08","guid":{"rendered":"https:\/\/quemcuidadocuidador.com.br\/?p=822"},"modified":"2024-08-25T06:54:09","modified_gmt":"2024-08-25T10:54:09","slug":"cuidar-ato-de-amor-e-dor-alegria-e-coragem","status":"publish","type":"post","link":"https:\/\/quemcuidadocuidador.com.br\/index.php\/2024\/08\/25\/cuidar-ato-de-amor-e-dor-alegria-e-coragem\/","title":{"rendered":"Cuidar &#8211; ato de amor e dor, alegria e coragem"},"content":{"rendered":"\n<p>Eis um tema que h\u00e1 tempos queria falar, mas devido a sua imensa delicadeza, evitava, at\u00e9 que ao come\u00e7ar a ler o livro \u201cA casa que n\u00e3o pode cair\u201d deparei-me com as palavras de J\u00falia Jalbut falando de nossas emo\u00e7\u00f5es quando estamos a cuidar. &nbsp;\u2018O que est\u00e1 debaixo do tapete vem \u00e0 tona e o que est\u00e1 dentro \u2013 luz e sombra \u2013 vaza pelos nossos poros\u2019.&nbsp; Li e reli a \u00faltima frase, pois \u00e9 de uma profunda beleza para com as nossas fragilidades humanas. Esta \u00e9 uma frase que requer coragem para ser dita.<\/p>\n\n\n\n<p>Quando cuidamos, passamos por momentos t\u00e3o delicados; a pessoa que cuidamos, por mais que a amemos, de vez em quando cria situa\u00e7\u00f5es t\u00e3o insanas que nos desequilibram; quando isso acontece aquelas emo\u00e7\u00f5es e sentimentos escondidos, at\u00e9 de n\u00f3s mesmos, escapam de seus esconderijos e vazam por nossos poros sem a gente perceber ou consiga conter.<\/p>\n\n\n\n<p>Qual o lado bom destes momentos? Percebemos que continuamos humanos. \u00c9 o nosso pior que est\u00e1 vindo \u00e0 tona? Sim. Afinal, a pessoa cuidada ao estar doente, tamb\u00e9m perde o seu verniz de civilidade \u00e0s vezes cultivado ao longo dos anos, e voc\u00ea se assusta com palavras e gestos, os quais voc\u00ea nunca tinha presenciado antes, naquela pessoa.<\/p>\n\n\n\n<p>Portanto, a a\u00e7\u00e3o de cuidar tamb\u00e9m oferece essa oportunidade \u00fanica de nos conhecermos por dentro. E essa viagem para dentro nem sempre \u00e9 f\u00e1cil. Pode ser assustadora, exige da gente a constru\u00e7\u00e3o de novos h\u00e1bitos e a elimina\u00e7\u00e3o de muitos outros, que nem sab\u00edamos o quanto poderia ser danoso no nosso dia a dia. Para n\u00f3s e para o outro que convive com a gente.<\/p>\n\n\n\n<p>Enquanto voc\u00ea cuida, aprenda a n\u00e3o abrir m\u00e3o de seus projetos de vida, pois n\u00e3o \u00e9 f\u00e1cil conciliar. Mas \u00e9 bem mais dif\u00edcil se voc\u00ea abrir m\u00e3o de tudo. Porque quando voc\u00ea decidir retomar, todos a sua volta v\u00e3o te achar ego\u00edsta. Porque no momento em que voltamos a pensar em nossos projetos de vida a pessoa que cuidamos pode estar em momentos j\u00e1 bem debilitados.<\/p>\n\n\n\n<p>Para n\u00f3s que cuidamos, pode ser aquele momento de epifania. Quando damos conta da finitude da vida da pessoa que cuidamos e da nossa tamb\u00e9m. Ent\u00e3o precisamos nos perguntar: quando essa pessoa partir, como vou preencher meus dias? As horas da madrugada, que j\u00e1 virou um h\u00e1bito, o hor\u00e1rio do banho da manh\u00e3, do caf\u00e9, a hora do lanche, o tempo de adivinhar o que fazer para o almo\u00e7o, embora seja apenas uma sopa pastosa, batida no liquidificador e peneirada. \u00c9 preciso ter sabor! Ent\u00e3o, quais ingredientes usar?<\/p>\n\n\n\n<p>Somos engolidos pela rotina do cuidar \u00e0s 24 horas do dia. Uma rotina que \u00e9 invis\u00edvel para quem est\u00e1 longe, e n\u00e3o v\u00ea e nem quer ver. Pois esta a\u00e7\u00e3o exige mudan\u00e7a de atitude e comprometimento.<\/p>\n\n\n\n<p>Construa momentos de voc\u00ea com voc\u00ea, para saber como criar e manter o equil\u00edbrio necess\u00e1rio em todas as \u00e1reas de sua vida e o momento de pedir socorro. Uma rede de apoio \u00e9 essencial. Pois se n\u00e3o fazemos isso, adoecemos. Quando doentes n\u00e3o somos capazes de cuidar nem de n\u00f3s mesmos, ent\u00e3o imagina como vai ficar a pessoa que precisa de nossos cuidados?&#8230;<\/p>\n\n\n\n<p>Entre dores na coluna, enxaquecas e excesso de peso, lembrei dos sonhos que acalantei desde crian\u00e7a e de antes de come\u00e7ar a cuidar.&nbsp; H\u00e1 sonhos que depois de 20 anos jamais o retomaremos com a mesma roupagem. J\u00e1 estamos a viver um outro momento. Talvez at\u00e9 possa ser o mesmo sonho, mas atendendo \u00e0s demandas atuais.<\/p>\n\n\n\n<p>Aos 30 anos tinha certeza que iria escrever sobre contadores de hist\u00f3ria e criar uma escola para formar contadores de hist\u00f3ria, para revitalizar essa arte, que tinha iluminado a minha inf\u00e2ncia e quando adulta percebia que era um h\u00e1bito que estava se perdendo. Afinal nos finais de tarde as fam\u00edlias e vizinhos j\u00e1 n\u00e3o se reuniam para ouvir e contar hist\u00f3rias. Elas se reuniam para assistir TV.<\/p>\n\n\n\n<p>Hoje se ensina a contar hist\u00f3rias, para os mais variados fins. Fiz um curso de Storytelling, continuo apaixonada por contadores de hist\u00f3rias. Mas, a hist\u00f3ria que tenho para contar agora \u00e9 sobre cuidadores, pois \u00e9 a a\u00e7\u00e3o que estou a realizar com total inteireza. Claro que luz e sombra vazam por meus poros como t\u00e3o bem descreveu a Julia.<\/p>\n\n\n\n<p>Portanto cuidar \u00e9 uma pr\u00e1tica necess\u00e1ria e pouco comentada. Na qual mergulhamos, sem experi\u00eancia, treino ou est\u00e1gio. Voc\u00ea \u00e9 jogada no palco da vida e come\u00e7a a desempenhar o papel de cuidadora, na integralidade de dor, amor e alegria.<\/p>\n","protected":false},"excerpt":{"rendered":"<p>Eis um tema que h\u00e1 tempos queria falar, mas devido a sua imensa delicadeza, evitava, at\u00e9 que ao come\u00e7ar a ler o livro \u201cA casa que n\u00e3o pode cair\u201d deparei-me com as palavras de J\u00falia Jalbut falando de nossas emo\u00e7\u00f5es quando estamos a cuidar. &nbsp;\u2018O que est\u00e1 debaixo do tapete vem \u00e0 tona e o &hellip;<\/p>\n<p class=\"read-more\"> <a class=\"\" href=\"https:\/\/quemcuidadocuidador.com.br\/index.php\/2024\/08\/25\/cuidar-ato-de-amor-e-dor-alegria-e-coragem\/\"> <span class=\"screen-reader-text\">Cuidar &#8211; ato de amor e dor, alegria e coragem<\/span> Leia mais &raquo;<\/a><\/p>\n","protected":false},"author":2,"featured_media":823,"comment_status":"open","ping_status":"open","sticky":false,"template":"","format":"standard","meta":{"om_disable_all_campaigns":false,"_monsterinsights_skip_tracking":false,"_monsterinsights_sitenote_active":false,"_monsterinsights_sitenote_note":"","_monsterinsights_sitenote_category":0,"site-sidebar-layout":"","site-content-layout":"","ast-main-header-display":"","ast-hfb-above-header-display":"","ast-hfb-below-header-display":"","ast-hfb-mobile-header-display":"","site-post-title":"","ast-breadcrumbs-content":"","ast-featured-img":"","footer-sml-layout":"","theme-transparent-header-meta":"","adv-header-id-meta":"","stick-header-meta":"","header-above-stick-meta":"","header-main-stick-meta":"","header-below-stick-meta":""},"categories":[5],"tags":[],"uagb_featured_image_src":{"full":["https:\/\/quemcuidadocuidador.com.br\/wp-content\/uploads\/2024\/08\/WhatsApp-Image-2024-08-25-at-05.52.02.jpeg",1441,1482,false],"thumbnail":["https:\/\/quemcuidadocuidador.com.br\/wp-content\/uploads\/2024\/08\/WhatsApp-Image-2024-08-25-at-05.52.02-150x150.jpeg",150,150,true],"medium":["https:\/\/quemcuidadocuidador.com.br\/wp-content\/uploads\/2024\/08\/WhatsApp-Image-2024-08-25-at-05.52.02-292x300.jpeg",292,300,true],"medium_large":["https:\/\/quemcuidadocuidador.com.br\/wp-content\/uploads\/2024\/08\/WhatsApp-Image-2024-08-25-at-05.52.02-768x790.jpeg",768,790,true],"large":["https:\/\/quemcuidadocuidador.com.br\/wp-content\/uploads\/2024\/08\/WhatsApp-Image-2024-08-25-at-05.52.02-996x1024.jpeg",996,1024,true],"1536x1536":["https:\/\/quemcuidadocuidador.com.br\/wp-content\/uploads\/2024\/08\/WhatsApp-Image-2024-08-25-at-05.52.02.jpeg",1441,1482,false],"2048x2048":["https:\/\/quemcuidadocuidador.com.br\/wp-content\/uploads\/2024\/08\/WhatsApp-Image-2024-08-25-at-05.52.02.jpeg",1441,1482,false]},"uagb_author_info":{"display_name":"Cicera A Feitosa","author_link":"https:\/\/quemcuidadocuidador.com.br\/index.php\/author\/cicera\/"},"uagb_comment_info":3,"uagb_excerpt":"Eis um tema que h\u00e1 tempos queria falar, mas devido a sua imensa delicadeza, evitava, at\u00e9 que ao come\u00e7ar a ler o livro \u201cA casa que n\u00e3o pode cair\u201d deparei-me com as palavras de J\u00falia Jalbut falando de nossas emo\u00e7\u00f5es quando estamos a cuidar. &nbsp;\u2018O que est\u00e1 debaixo do tapete vem \u00e0 tona e o&hellip;","_links":{"self":[{"href":"https:\/\/quemcuidadocuidador.com.br\/index.php\/wp-json\/wp\/v2\/posts\/822"}],"collection":[{"href":"https:\/\/quemcuidadocuidador.com.br\/index.php\/wp-json\/wp\/v2\/posts"}],"about":[{"href":"https:\/\/quemcuidadocuidador.com.br\/index.php\/wp-json\/wp\/v2\/types\/post"}],"author":[{"embeddable":true,"href":"https:\/\/quemcuidadocuidador.com.br\/index.php\/wp-json\/wp\/v2\/users\/2"}],"replies":[{"embeddable":true,"href":"https:\/\/quemcuidadocuidador.com.br\/index.php\/wp-json\/wp\/v2\/comments?post=822"}],"version-history":[{"count":1,"href":"https:\/\/quemcuidadocuidador.com.br\/index.php\/wp-json\/wp\/v2\/posts\/822\/revisions"}],"predecessor-version":[{"id":824,"href":"https:\/\/quemcuidadocuidador.com.br\/index.php\/wp-json\/wp\/v2\/posts\/822\/revisions\/824"}],"wp:featuredmedia":[{"embeddable":true,"href":"https:\/\/quemcuidadocuidador.com.br\/index.php\/wp-json\/wp\/v2\/media\/823"}],"wp:attachment":[{"href":"https:\/\/quemcuidadocuidador.com.br\/index.php\/wp-json\/wp\/v2\/media?parent=822"}],"wp:term":[{"taxonomy":"category","embeddable":true,"href":"https:\/\/quemcuidadocuidador.com.br\/index.php\/wp-json\/wp\/v2\/categories?post=822"},{"taxonomy":"post_tag","embeddable":true,"href":"https:\/\/quemcuidadocuidador.com.br\/index.php\/wp-json\/wp\/v2\/tags?post=822"}],"curies":[{"name":"wp","href":"https:\/\/api.w.org\/{rel}","templated":true}]}}