{"id":797,"date":"2024-07-06T04:26:04","date_gmt":"2024-07-06T08:26:04","guid":{"rendered":"https:\/\/quemcuidadocuidador.com.br\/?p=797"},"modified":"2024-07-06T04:26:05","modified_gmt":"2024-07-06T08:26:05","slug":"pescaria-magica","status":"publish","type":"post","link":"https:\/\/quemcuidadocuidador.com.br\/index.php\/2024\/07\/06\/pescaria-magica\/","title":{"rendered":"Pescaria M\u00e1gica"},"content":{"rendered":"\n<p>Pedro era s\u00f3 ansiedade<\/p>\n\n\n\n<p>para o dia da pescaria.<\/p>\n\n\n\n<p>Ao chegarmos a Sicmatur<\/p>\n\n\n\n<p>a camiseta e bon\u00e9 pegar<\/p>\n\n\n\n<p>transbordava alegria.<\/p>\n\n\n\n<p>A todos cumprimentava.<\/p>\n\n\n\n<p>Na hora de tirar uma foto<\/p>\n\n\n\n<p>ganhei um abra\u00e7o que<\/p>\n\n\n\n<p>quase me levou ao ch\u00e3o.<\/p>\n\n\n\n<p>De vara e isca na m\u00e3o<\/p>\n\n\n\n<p>&nbsp;a beira do rio buscou<\/p>\n\n\n\n<p>o anzol na \u00e1gua jogou.<\/p>\n\n\n\n<p>Esperou, esperou e esperou<\/p>\n\n\n\n<p>ent\u00e3o come\u00e7ou a jogar<\/p>\n\n\n\n<p>&nbsp;o anzol muitas vezes.<\/p>\n\n\n\n<p>Bater a vara na \u00e1gua<\/p>\n\n\n\n<p>e, nada de peixinho<\/p>\n\n\n\n<p>para balan\u00e7ar a linha.<\/p>\n\n\n\n<p>O som um pouco alto<\/p>\n\n\n\n<p>deve t\u00ea-los assustado<\/p>\n\n\n\n<p>quando o juramento foi<\/p>\n\n\n\n<p>proferido e a pesca liberada<\/p>\n\n\n\n<p>Pedro Pescador, sua vara de<\/p>\n\n\n\n<p>pesca abandonou, preferiu<\/p>\n\n\n\n<p>pescar conversas, aqui e ali.<\/p>\n\n\n\n<p>Mas queria a medalha.<\/p>\n\n\n\n<p>E por l\u00e1 ficou, riu, passeou.<\/p>\n\n\n\n<p>Eu em uma sombra me sentei.<\/p>\n\n\n\n<p>Guardi\u00e3 da Vara de Pescaria,<\/p>\n\n\n\n<p>e para esquecer as tarefas<\/p>\n\n\n\n<p>e compromissos do dia.<\/p>\n\n\n\n<p>Enquanto com outra m\u00e3e<\/p>\n\n\n\n<p>conversava sobre a rotina<\/p>\n\n\n\n<p>de nossos filhos, ent\u00e3o<\/p>\n\n\n\n<p>a varinha de anzol com isca<\/p>\n\n\n\n<p>e linha na areia plantei.<\/p>\n\n\n\n<p>Com o intuito de ver l\u00e1<\/p>\n\n\n\n<p>uma bela \u00e1rvore nascer<\/p>\n\n\n\n<p>E ao crescer oferecer<\/p>\n\n\n\n<p>a pescadores como<\/p>\n\n\n\n<p>ele, frutos- isca encantados.<\/p>\n\n\n\n<p>T\u00e3o especiais e saborosos,<\/p>\n\n\n\n<p>&nbsp;que os peixinhos do rio<\/p>\n\n\n\n<p>encontre protetores de ouvidos<\/p>\n\n\n\n<p>e asas, com as cores do arco-\u00edris<\/p>\n\n\n\n<p>&nbsp;que os cubram do sol<\/p>\n\n\n\n<p>para num voo incr\u00edvel<\/p>\n\n\n\n<p>as iscas virem pegar e,<\/p>\n\n\n\n<p>&nbsp;na frondosa sombra<\/p>\n\n\n\n<p>as crian\u00e7as PCDs e eles brincarem<\/p>\n\n\n\n<p>com harmonia e alegria.<\/p>\n\n\n\n<p>Um belo evento de inclus\u00e3o,<\/p>\n\n\n\n<p>em que cada a\u00e7\u00e3o, recebeu<\/p>\n\n\n\n<p>A m\u00e1gica da adequa\u00e7\u00e3o.<\/p>\n\n\n\n<p>Parab\u00e9ns a todos os envolvidos no belo evento de participa\u00e7\u00e3o, das pessoas com defici\u00eancia no 41\u00ba Festival Internacional de Pesca.<\/p>\n","protected":false},"excerpt":{"rendered":"<p>Pedro era s\u00f3 ansiedade para o dia da pescaria. Ao chegarmos a Sicmatur a camiseta e bon\u00e9 pegar transbordava alegria. A todos cumprimentava. Na hora de tirar uma foto ganhei um abra\u00e7o que quase me levou ao ch\u00e3o. De vara e isca na m\u00e3o &nbsp;a beira do rio buscou o anzol na \u00e1gua jogou. Esperou, &hellip;<\/p>\n<p class=\"read-more\"> <a class=\"\" href=\"https:\/\/quemcuidadocuidador.com.br\/index.php\/2024\/07\/06\/pescaria-magica\/\"> <span class=\"screen-reader-text\">Pescaria M\u00e1gica<\/span> Leia mais &raquo;<\/a><\/p>\n","protected":false},"author":2,"featured_media":798,"comment_status":"open","ping_status":"open","sticky":false,"template":"","format":"standard","meta":{"om_disable_all_campaigns":false,"_monsterinsights_skip_tracking":false,"_monsterinsights_sitenote_active":false,"_monsterinsights_sitenote_note":"","_monsterinsights_sitenote_category":0,"site-sidebar-layout":"","site-content-layout":"","ast-main-header-display":"","ast-hfb-above-header-display":"","ast-hfb-below-header-display":"","ast-hfb-mobile-header-display":"","site-post-title":"","ast-breadcrumbs-content":"","ast-featured-img":"","footer-sml-layout":"","theme-transparent-header-meta":"","adv-header-id-meta":"","stick-header-meta":"","header-above-stick-meta":"","header-main-stick-meta":"","header-below-stick-meta":""},"categories":[5],"tags":[],"uagb_featured_image_src":{"full":["https:\/\/quemcuidadocuidador.com.br\/wp-content\/uploads\/2024\/07\/WhatsApp-Image-2024-07-05-at-13.39.32.jpeg",720,1280,false],"thumbnail":["https:\/\/quemcuidadocuidador.com.br\/wp-content\/uploads\/2024\/07\/WhatsApp-Image-2024-07-05-at-13.39.32-150x150.jpeg",150,150,true],"medium":["https:\/\/quemcuidadocuidador.com.br\/wp-content\/uploads\/2024\/07\/WhatsApp-Image-2024-07-05-at-13.39.32-169x300.jpeg",169,300,true],"medium_large":["https:\/\/quemcuidadocuidador.com.br\/wp-content\/uploads\/2024\/07\/WhatsApp-Image-2024-07-05-at-13.39.32.jpeg",720,1280,false],"large":["https:\/\/quemcuidadocuidador.com.br\/wp-content\/uploads\/2024\/07\/WhatsApp-Image-2024-07-05-at-13.39.32-576x1024.jpeg",576,1024,true],"1536x1536":["https:\/\/quemcuidadocuidador.com.br\/wp-content\/uploads\/2024\/07\/WhatsApp-Image-2024-07-05-at-13.39.32.jpeg",720,1280,false],"2048x2048":["https:\/\/quemcuidadocuidador.com.br\/wp-content\/uploads\/2024\/07\/WhatsApp-Image-2024-07-05-at-13.39.32.jpeg",720,1280,false]},"uagb_author_info":{"display_name":"Cicera A Feitosa","author_link":"https:\/\/quemcuidadocuidador.com.br\/index.php\/author\/cicera\/"},"uagb_comment_info":3,"uagb_excerpt":"Pedro era s\u00f3 ansiedade para o dia da pescaria. Ao chegarmos a Sicmatur a camiseta e bon\u00e9 pegar transbordava alegria. A todos cumprimentava. Na hora de tirar uma foto ganhei um abra\u00e7o que quase me levou ao ch\u00e3o. De vara e isca na m\u00e3o &nbsp;a beira do rio buscou o anzol na \u00e1gua jogou. Esperou,&hellip;","_links":{"self":[{"href":"https:\/\/quemcuidadocuidador.com.br\/index.php\/wp-json\/wp\/v2\/posts\/797"}],"collection":[{"href":"https:\/\/quemcuidadocuidador.com.br\/index.php\/wp-json\/wp\/v2\/posts"}],"about":[{"href":"https:\/\/quemcuidadocuidador.com.br\/index.php\/wp-json\/wp\/v2\/types\/post"}],"author":[{"embeddable":true,"href":"https:\/\/quemcuidadocuidador.com.br\/index.php\/wp-json\/wp\/v2\/users\/2"}],"replies":[{"embeddable":true,"href":"https:\/\/quemcuidadocuidador.com.br\/index.php\/wp-json\/wp\/v2\/comments?post=797"}],"version-history":[{"count":1,"href":"https:\/\/quemcuidadocuidador.com.br\/index.php\/wp-json\/wp\/v2\/posts\/797\/revisions"}],"predecessor-version":[{"id":799,"href":"https:\/\/quemcuidadocuidador.com.br\/index.php\/wp-json\/wp\/v2\/posts\/797\/revisions\/799"}],"wp:featuredmedia":[{"embeddable":true,"href":"https:\/\/quemcuidadocuidador.com.br\/index.php\/wp-json\/wp\/v2\/media\/798"}],"wp:attachment":[{"href":"https:\/\/quemcuidadocuidador.com.br\/index.php\/wp-json\/wp\/v2\/media?parent=797"}],"wp:term":[{"taxonomy":"category","embeddable":true,"href":"https:\/\/quemcuidadocuidador.com.br\/index.php\/wp-json\/wp\/v2\/categories?post=797"},{"taxonomy":"post_tag","embeddable":true,"href":"https:\/\/quemcuidadocuidador.com.br\/index.php\/wp-json\/wp\/v2\/tags?post=797"}],"curies":[{"name":"wp","href":"https:\/\/api.w.org\/{rel}","templated":true}]}}