{"id":794,"date":"2024-06-29T08:20:09","date_gmt":"2024-06-29T12:20:09","guid":{"rendered":"https:\/\/quemcuidadocuidador.com.br\/?p=794"},"modified":"2024-06-29T08:20:10","modified_gmt":"2024-06-29T12:20:10","slug":"sabedoria-para-que","status":"publish","type":"post","link":"https:\/\/quemcuidadocuidador.com.br\/index.php\/2024\/06\/29\/sabedoria-para-que\/","title":{"rendered":"Sabedoria para qu\u00ea"},"content":{"rendered":"\n<p>Talvez para ter percep\u00e7\u00e3o<\/p>\n\n\n\n<p>da necessidade do irm\u00e3o.<\/p>\n\n\n\n<p>Talvez para ter percep\u00e7\u00e3o<\/p>\n\n\n\n<p>da nossa principal fun\u00e7\u00e3o.<\/p>\n\n\n\n<p>Aqui na terra.<\/p>\n\n\n\n<p>Servir,<\/p>\n\n\n\n<p>a todos os abandonados.<\/p>\n\n\n\n<p>N\u00e3o precisamos<\/p>\n\n\n\n<p>juntar fortunas.<\/p>\n\n\n\n<p>O suficiente para nos manter,<\/p>\n\n\n\n<p>basta.<\/p>\n\n\n\n<p>Pois quando daqui<\/p>\n\n\n\n<p>partirmos, nada levaremos.<\/p>\n\n\n\n<p>Com um pouco de sorte<\/p>\n\n\n\n<p>nossas a\u00e7\u00f5es far\u00e3o parte<\/p>\n\n\n\n<p>da mem\u00f3ria, daqueles que<\/p>\n\n\n\n<p>se sentiram envoltos no<\/p>\n\n\n\n<p>amor de nossos gestos.<\/p>\n\n\n\n<p>No cora\u00e7\u00e3o destes talvez<\/p>\n\n\n\n<p>em um minuto de saudades,<\/p>\n\n\n\n<p>sejamos lembrados.<\/p>\n\n\n\n<p>Sabedoria para qu\u00ea?<\/p>\n\n\n\n<p>Para nossa humaniza\u00e7\u00e3o<\/p>\n\n\n\n<p>ter a oportunidade<\/p>\n\n\n\n<p>de florescer,<\/p>\n\n\n\n<p>em nossos cora\u00e7\u00f5es.<\/p>\n\n\n\n<p>Assim o perfume da<\/p>\n\n\n\n<p>bondade e da gentileza<\/p>\n\n\n\n<p>talvez pudesse impregnar,<\/p>\n\n\n\n<p>outras m\u00e3os.<\/p>\n\n\n\n<p>Que acolhessem mais irm\u00e3os<\/p>\n\n\n\n<p>necessitados de um peda\u00e7o de p\u00e3o,<\/p>\n\n\n\n<p>um agasalho e gestos gentis.<\/p>\n\n\n\n<p>Assim, o c\u00e9u talvez,<\/p>\n\n\n\n<p>possa ser aqui.<\/p>\n\n\n\n<p>Sabedoria para qu\u00ea<\/p>\n\n\n\n<p>para suas m\u00e3os ouvir<\/p>\n\n\n\n<p>o comando do cora\u00e7\u00e3o.<\/p>\n\n\n\n<p>E come\u00e7ar a agir.<\/p>\n","protected":false},"excerpt":{"rendered":"<p>Talvez para ter percep\u00e7\u00e3o da necessidade do irm\u00e3o. Talvez para ter percep\u00e7\u00e3o da nossa principal fun\u00e7\u00e3o. Aqui na terra. Servir, a todos os abandonados. N\u00e3o precisamos juntar fortunas. O suficiente para nos manter, basta. Pois quando daqui partirmos, nada levaremos. Com um pouco de sorte nossas a\u00e7\u00f5es far\u00e3o parte da mem\u00f3ria, daqueles que se sentiram &hellip;<\/p>\n<p class=\"read-more\"> <a class=\"\" href=\"https:\/\/quemcuidadocuidador.com.br\/index.php\/2024\/06\/29\/sabedoria-para-que\/\"> <span class=\"screen-reader-text\">Sabedoria para qu\u00ea<\/span> Leia mais &raquo;<\/a><\/p>\n","protected":false},"author":2,"featured_media":795,"comment_status":"open","ping_status":"open","sticky":false,"template":"","format":"standard","meta":{"om_disable_all_campaigns":false,"_monsterinsights_skip_tracking":false,"_monsterinsights_sitenote_active":false,"_monsterinsights_sitenote_note":"","_monsterinsights_sitenote_category":0,"site-sidebar-layout":"","site-content-layout":"","ast-main-header-display":"","ast-hfb-above-header-display":"","ast-hfb-below-header-display":"","ast-hfb-mobile-header-display":"","site-post-title":"","ast-breadcrumbs-content":"","ast-featured-img":"","footer-sml-layout":"","theme-transparent-header-meta":"","adv-header-id-meta":"","stick-header-meta":"","header-above-stick-meta":"","header-main-stick-meta":"","header-below-stick-meta":""},"categories":[5],"tags":[],"uagb_featured_image_src":{"full":["https:\/\/quemcuidadocuidador.com.br\/wp-content\/uploads\/2024\/06\/WhatsApp-Image-2024-06-29-at-07.48.57.jpeg",1142,1479,false],"thumbnail":["https:\/\/quemcuidadocuidador.com.br\/wp-content\/uploads\/2024\/06\/WhatsApp-Image-2024-06-29-at-07.48.57-150x150.jpeg",150,150,true],"medium":["https:\/\/quemcuidadocuidador.com.br\/wp-content\/uploads\/2024\/06\/WhatsApp-Image-2024-06-29-at-07.48.57-232x300.jpeg",232,300,true],"medium_large":["https:\/\/quemcuidadocuidador.com.br\/wp-content\/uploads\/2024\/06\/WhatsApp-Image-2024-06-29-at-07.48.57-768x995.jpeg",768,995,true],"large":["https:\/\/quemcuidadocuidador.com.br\/wp-content\/uploads\/2024\/06\/WhatsApp-Image-2024-06-29-at-07.48.57-791x1024.jpeg",791,1024,true],"1536x1536":["https:\/\/quemcuidadocuidador.com.br\/wp-content\/uploads\/2024\/06\/WhatsApp-Image-2024-06-29-at-07.48.57.jpeg",1142,1479,false],"2048x2048":["https:\/\/quemcuidadocuidador.com.br\/wp-content\/uploads\/2024\/06\/WhatsApp-Image-2024-06-29-at-07.48.57.jpeg",1142,1479,false]},"uagb_author_info":{"display_name":"Cicera A Feitosa","author_link":"https:\/\/quemcuidadocuidador.com.br\/index.php\/author\/cicera\/"},"uagb_comment_info":2,"uagb_excerpt":"Talvez para ter percep\u00e7\u00e3o da necessidade do irm\u00e3o. Talvez para ter percep\u00e7\u00e3o da nossa principal fun\u00e7\u00e3o. Aqui na terra. Servir, a todos os abandonados. N\u00e3o precisamos juntar fortunas. O suficiente para nos manter, basta. Pois quando daqui partirmos, nada levaremos. Com um pouco de sorte nossas a\u00e7\u00f5es far\u00e3o parte da mem\u00f3ria, daqueles que se sentiram&hellip;","_links":{"self":[{"href":"https:\/\/quemcuidadocuidador.com.br\/index.php\/wp-json\/wp\/v2\/posts\/794"}],"collection":[{"href":"https:\/\/quemcuidadocuidador.com.br\/index.php\/wp-json\/wp\/v2\/posts"}],"about":[{"href":"https:\/\/quemcuidadocuidador.com.br\/index.php\/wp-json\/wp\/v2\/types\/post"}],"author":[{"embeddable":true,"href":"https:\/\/quemcuidadocuidador.com.br\/index.php\/wp-json\/wp\/v2\/users\/2"}],"replies":[{"embeddable":true,"href":"https:\/\/quemcuidadocuidador.com.br\/index.php\/wp-json\/wp\/v2\/comments?post=794"}],"version-history":[{"count":1,"href":"https:\/\/quemcuidadocuidador.com.br\/index.php\/wp-json\/wp\/v2\/posts\/794\/revisions"}],"predecessor-version":[{"id":796,"href":"https:\/\/quemcuidadocuidador.com.br\/index.php\/wp-json\/wp\/v2\/posts\/794\/revisions\/796"}],"wp:featuredmedia":[{"embeddable":true,"href":"https:\/\/quemcuidadocuidador.com.br\/index.php\/wp-json\/wp\/v2\/media\/795"}],"wp:attachment":[{"href":"https:\/\/quemcuidadocuidador.com.br\/index.php\/wp-json\/wp\/v2\/media?parent=794"}],"wp:term":[{"taxonomy":"category","embeddable":true,"href":"https:\/\/quemcuidadocuidador.com.br\/index.php\/wp-json\/wp\/v2\/categories?post=794"},{"taxonomy":"post_tag","embeddable":true,"href":"https:\/\/quemcuidadocuidador.com.br\/index.php\/wp-json\/wp\/v2\/tags?post=794"}],"curies":[{"name":"wp","href":"https:\/\/api.w.org\/{rel}","templated":true}]}}