{"id":790,"date":"2024-06-22T06:59:08","date_gmt":"2024-06-22T10:59:08","guid":{"rendered":"https:\/\/quemcuidadocuidador.com.br\/?p=790"},"modified":"2024-06-22T06:59:09","modified_gmt":"2024-06-22T10:59:09","slug":"uma-luz-acolhedora-no-olhar","status":"publish","type":"post","link":"https:\/\/quemcuidadocuidador.com.br\/index.php\/2024\/06\/22\/uma-luz-acolhedora-no-olhar\/","title":{"rendered":"Uma luz acolhedora no olhar"},"content":{"rendered":"\n<p>Quero sabedoria<\/p>\n\n\n\n<p>para perceber a fina linha<\/p>\n\n\n\n<p>que separa noite e dia.<\/p>\n\n\n\n<p>Quero sabedoria<\/p>\n\n\n\n<p>para transformar a dor,<\/p>\n\n\n\n<p>em li\u00e7\u00e3o de amor.<\/p>\n\n\n\n<p>Quero sabedoria<\/p>\n\n\n\n<p>para compreender os limites<\/p>\n\n\n\n<p>do pr\u00f3prio corpo<\/p>\n\n\n\n<p>e respeit\u00e1-lo.<\/p>\n\n\n\n<p>Com alimenta\u00e7\u00e3o saud\u00e1vel,<\/p>\n\n\n\n<p>atividade f\u00edsica e can\u00e7\u00f5es,<\/p>\n\n\n\n<p>para acalantar a alma.<\/p>\n\n\n\n<p>Quero sabedoria<\/p>\n\n\n\n<p>para no tempo veloz, do dia a dia<\/p>\n\n\n\n<p>ter tempo de:<\/p>\n\n\n\n<p>fazer dinheiro,<\/p>\n\n\n\n<p>cultivar os amigos,<\/p>\n\n\n\n<p>apreciar um c\u00e9u estrelado<\/p>\n\n\n\n<p>amar os filhos e,<\/p>\n\n\n\n<p>dar sentido \u00e0 vida.<\/p>\n\n\n\n<p>Quero sabedoria<\/p>\n\n\n\n<p>para olhar dentro e,<\/p>\n\n\n\n<p>fazer faxina de todos<\/p>\n\n\n\n<p>os sentimentos ruins<\/p>\n\n\n\n<p>acumulados.<\/p>\n\n\n\n<p>Para a vida fruir com leveza.<\/p>\n\n\n\n<p>Quero sabedoria<\/p>\n\n\n\n<p>para no futuro,<\/p>\n\n\n\n<p>caso seja um Ser Centen\u00e1rio,<\/p>\n\n\n\n<p>ter um sorriso que se espraia<\/p>\n\n\n\n<p>pelas rugas do rosto,<\/p>\n\n\n\n<p>Uma luz acolhedora no olhar e,<\/p>\n\n\n\n<p>m\u00e3os calejadas e com vincos<\/p>\n\n\n\n<p>mas que saibam abra\u00e7ar e aben\u00e7oar.<\/p>\n\n\n\n<p>Quero sabedoria<\/p>\n\n\n\n<p>para ouvir o sil\u00eancio<\/p>\n\n\n\n<p>e dele tirar a calma<\/p>\n\n\n\n<p>que equilibra cora\u00e7\u00e3o aflito e,<\/p>\n\n\n\n<p>humaniza minhas a\u00e7\u00f5es.<\/p>\n","protected":false},"excerpt":{"rendered":"<p>Quero sabedoria para perceber a fina linha que separa noite e dia. Quero sabedoria para transformar a dor, em li\u00e7\u00e3o de amor. Quero sabedoria para compreender os limites do pr\u00f3prio corpo e respeit\u00e1-lo. Com alimenta\u00e7\u00e3o saud\u00e1vel, atividade f\u00edsica e can\u00e7\u00f5es, para acalantar a alma. Quero sabedoria para no tempo veloz, do dia a dia ter &hellip;<\/p>\n<p class=\"read-more\"> <a class=\"\" href=\"https:\/\/quemcuidadocuidador.com.br\/index.php\/2024\/06\/22\/uma-luz-acolhedora-no-olhar\/\"> <span class=\"screen-reader-text\">Uma luz acolhedora no olhar<\/span> Leia mais &raquo;<\/a><\/p>\n","protected":false},"author":2,"featured_media":791,"comment_status":"open","ping_status":"open","sticky":false,"template":"","format":"standard","meta":{"om_disable_all_campaigns":false,"_monsterinsights_skip_tracking":false,"_monsterinsights_sitenote_active":false,"_monsterinsights_sitenote_note":"","_monsterinsights_sitenote_category":0,"site-sidebar-layout":"","site-content-layout":"","ast-main-header-display":"","ast-hfb-above-header-display":"","ast-hfb-below-header-display":"","ast-hfb-mobile-header-display":"","site-post-title":"","ast-breadcrumbs-content":"","ast-featured-img":"","footer-sml-layout":"","theme-transparent-header-meta":"","adv-header-id-meta":"","stick-header-meta":"","header-above-stick-meta":"","header-main-stick-meta":"","header-below-stick-meta":""},"categories":[5],"tags":[],"uagb_featured_image_src":{"full":["https:\/\/quemcuidadocuidador.com.br\/wp-content\/uploads\/2024\/06\/WhatsApp-Image-2024-06-22-at-06.42.22.jpeg",1200,1600,false],"thumbnail":["https:\/\/quemcuidadocuidador.com.br\/wp-content\/uploads\/2024\/06\/WhatsApp-Image-2024-06-22-at-06.42.22-150x150.jpeg",150,150,true],"medium":["https:\/\/quemcuidadocuidador.com.br\/wp-content\/uploads\/2024\/06\/WhatsApp-Image-2024-06-22-at-06.42.22-225x300.jpeg",225,300,true],"medium_large":["https:\/\/quemcuidadocuidador.com.br\/wp-content\/uploads\/2024\/06\/WhatsApp-Image-2024-06-22-at-06.42.22-768x1024.jpeg",768,1024,true],"large":["https:\/\/quemcuidadocuidador.com.br\/wp-content\/uploads\/2024\/06\/WhatsApp-Image-2024-06-22-at-06.42.22-768x1024.jpeg",768,1024,true],"1536x1536":["https:\/\/quemcuidadocuidador.com.br\/wp-content\/uploads\/2024\/06\/WhatsApp-Image-2024-06-22-at-06.42.22-1152x1536.jpeg",1152,1536,true],"2048x2048":["https:\/\/quemcuidadocuidador.com.br\/wp-content\/uploads\/2024\/06\/WhatsApp-Image-2024-06-22-at-06.42.22.jpeg",1200,1600,false]},"uagb_author_info":{"display_name":"Cicera A Feitosa","author_link":"https:\/\/quemcuidadocuidador.com.br\/index.php\/author\/cicera\/"},"uagb_comment_info":2,"uagb_excerpt":"Quero sabedoria para perceber a fina linha que separa noite e dia. Quero sabedoria para transformar a dor, em li\u00e7\u00e3o de amor. Quero sabedoria para compreender os limites do pr\u00f3prio corpo e respeit\u00e1-lo. Com alimenta\u00e7\u00e3o saud\u00e1vel, atividade f\u00edsica e can\u00e7\u00f5es, para acalantar a alma. Quero sabedoria para no tempo veloz, do dia a dia ter&hellip;","_links":{"self":[{"href":"https:\/\/quemcuidadocuidador.com.br\/index.php\/wp-json\/wp\/v2\/posts\/790"}],"collection":[{"href":"https:\/\/quemcuidadocuidador.com.br\/index.php\/wp-json\/wp\/v2\/posts"}],"about":[{"href":"https:\/\/quemcuidadocuidador.com.br\/index.php\/wp-json\/wp\/v2\/types\/post"}],"author":[{"embeddable":true,"href":"https:\/\/quemcuidadocuidador.com.br\/index.php\/wp-json\/wp\/v2\/users\/2"}],"replies":[{"embeddable":true,"href":"https:\/\/quemcuidadocuidador.com.br\/index.php\/wp-json\/wp\/v2\/comments?post=790"}],"version-history":[{"count":1,"href":"https:\/\/quemcuidadocuidador.com.br\/index.php\/wp-json\/wp\/v2\/posts\/790\/revisions"}],"predecessor-version":[{"id":792,"href":"https:\/\/quemcuidadocuidador.com.br\/index.php\/wp-json\/wp\/v2\/posts\/790\/revisions\/792"}],"wp:featuredmedia":[{"embeddable":true,"href":"https:\/\/quemcuidadocuidador.com.br\/index.php\/wp-json\/wp\/v2\/media\/791"}],"wp:attachment":[{"href":"https:\/\/quemcuidadocuidador.com.br\/index.php\/wp-json\/wp\/v2\/media?parent=790"}],"wp:term":[{"taxonomy":"category","embeddable":true,"href":"https:\/\/quemcuidadocuidador.com.br\/index.php\/wp-json\/wp\/v2\/categories?post=790"},{"taxonomy":"post_tag","embeddable":true,"href":"https:\/\/quemcuidadocuidador.com.br\/index.php\/wp-json\/wp\/v2\/tags?post=790"}],"curies":[{"name":"wp","href":"https:\/\/api.w.org\/{rel}","templated":true}]}}