{"id":785,"date":"2024-06-08T07:23:58","date_gmt":"2024-06-08T11:23:58","guid":{"rendered":"https:\/\/quemcuidadocuidador.com.br\/?p=785"},"modified":"2024-06-08T07:24:00","modified_gmt":"2024-06-08T11:24:00","slug":"coletividade-e-sociedade-humanizada","status":"publish","type":"post","link":"https:\/\/quemcuidadocuidador.com.br\/index.php\/2024\/06\/08\/coletividade-e-sociedade-humanizada\/","title":{"rendered":"Coletividade e sociedade humanizada"},"content":{"rendered":"\n<p>O trabalho coletivo ainda \u00e9 um sonho.&nbsp; Por que um sonho? Porque muitas vezes ainda n\u00e3o sabemos em conjunto com pr\u00f3ximo criar. &nbsp;Aparando as arestas, ouvindo o outro, eliminando o excesso de ideias, ficando apenas o essencial. Com argumentos convincentes, que permitam a todos juntos entrar num consenso de qual a melhor alternativa para um problema.<\/p>\n\n\n\n<p>Nesses \u00faltimos meses, tenho observado como em meu munic\u00edpio ainda \u00e9 preciso ser desenvolvido esse olhar coletivo. Principalmente por nossos representantes pol\u00edticos.<\/p>\n\n\n\n<p>Poderia elencar v\u00e1rias situa\u00e7\u00f5es, mas vou ficar apenas com o que tem aparecido no grupo de m\u00e3es de filhos com espectro autista.<\/p>\n\n\n\n<p>Durante muito tempo, meu filho tinha apenas o diagn\u00f3stico de S\u00edndrome Doose, eu era a mais solit\u00e1ria das m\u00e3es, em virtude da raridade desta s\u00edndrome, O diagnostico do autismo veio tardio. Passei a fazer parte deste grupo no per\u00edodo da Pandemia da Covid19, mas tenho conhecimento das in\u00fameras vezes que estas m\u00e3es se uniram, em demandas por atendimento de qualidade e humanizado para os filhos.<\/p>\n\n\n\n<p>E, h\u00e1 um bom tempo estamos a participar de reuni\u00f5es na c\u00e2mara e prefeitura com o intuito de termos uma Rede de Apoio que ofere\u00e7a os m\u00e9dicos adequados e as fisioterapias necess\u00e1rias, para que o desenvolvimento de nossos filhos seja pleno e eles tenham uma vida normal. Pois uma das dificuldades mais vis\u00edveis \u00e9 a do conv\u00edvio social.<\/p>\n\n\n\n<p>Motivo pelo qual muitas vezes, por falta de conhecimento da maioria da sociedade, s\u00e3o tachados de sem educa\u00e7\u00e3o.<\/p>\n\n\n\n<p>Quando na verdade eles s\u00e3o mais sens\u00edveis, que a gente. E acabam sendo punidos por serem verdadeiros. J\u00e1 pensou se todos n\u00f3s diss\u00e9ssemos ao outro, o que pensamos sem o filtro da complac\u00eancia?<\/p>\n\n\n\n<p>A Rede de Apoio ficou na fal\u00e1cia. Mas saiu na M\u00eddia a mensagem que iludiu as m\u00e3es e a popula\u00e7\u00e3o em geral. Como a constru\u00e7\u00e3o de um ambulat\u00f3rio para atender as crian\u00e7as autistas. E agora a cada dia chega uma mensagem de texto ou v\u00eddeo no grupo que algum vereador ou deputado fez pelos autistas.<\/p>\n\n\n\n<p>Quanto ao mutir\u00e3o do autismo deste final de semana. \u00c9 maravilhoso, teremos n\u00fameros. Ir\u00e1 dobrar os casos de crian\u00e7as no espectro autista, em C\u00e1ceres. N\u00famero \u00e9 a linguagem, que os pol\u00edticos compreendem. Minha pergunta \u00e9:<\/p>\n\n\n\n<p>O que far\u00e3o depois?<\/p>\n\n\n\n<p>Afinal, o diagnostico \u00e9 o primeiro passo para come\u00e7ar o tratamento.<\/p>\n\n\n\n<p>Voc\u00eas precisam esquecer as siglas partid\u00e1rias, e aprenderem a trabalhar de forma coletiva, para atender a popula\u00e7\u00e3o e n\u00e3o, aos interesses individuais.<\/p>\n\n\n\n<p>Com estes n\u00fameros, vamos poder ir ao Minist\u00e9rio P\u00fablico e cobrarmos projetos que foram aprovados pela C\u00e2mara em nome das crian\u00e7as que est\u00e3o no espectro autista, como o de Equoterapia e de Arte terapia e n\u00e3o est\u00e3o sendo executados.<\/p>\n\n\n\n<p>E o ambulat\u00f3rio?<\/p>\n\n\n\n<p>&nbsp;E a fila de espera de atendimento no CER, por que continua t\u00e3o grande?<\/p>\n\n\n\n<p>Senhores vereadores, fa\u00e7am um exame de consci\u00eancia. Trabalharam em prol da popula\u00e7\u00e3o? Merecem ser reeleitos?<\/p>\n\n\n\n<p>Falar sobre sa\u00fade, educa\u00e7\u00e3o e cuidados s\u00e3o excelentes palavras de engajamento de campanha eleitoral. Mas efetiv\u00e1-las na pratica requer compromisso, boa vontade e trabalho coletivo.<\/p>\n\n\n\n<p>Parem de desperdi\u00e7ar o tempo em pequenas coisas, s\u00f3 pra provarem que fizeram algo. Foquem no trabalho coletivo.<\/p>\n\n\n\n<p>Como mun\u00edcipes, pagamos por vossos trabalhos duas vezes. Quando pagamos nossos impostos e quando lhes damos nosso voto, em um ato de f\u00e9.<\/p>\n\n\n\n<p>Portanto se esforcem, para mantermos a confian\u00e7a, a esperan\u00e7a e o sonho.<\/p>\n\n\n\n<p>No coletivo, somos mais fortes, para construir uma sociedade humanizada.<\/p>\n","protected":false},"excerpt":{"rendered":"<p>O trabalho coletivo ainda \u00e9 um sonho.&nbsp; Por que um sonho? Porque muitas vezes ainda n\u00e3o sabemos em conjunto com pr\u00f3ximo criar. &nbsp;Aparando as arestas, ouvindo o outro, eliminando o excesso de ideias, ficando apenas o essencial. Com argumentos convincentes, que permitam a todos juntos entrar num consenso de qual a melhor alternativa para um &hellip;<\/p>\n<p class=\"read-more\"> <a class=\"\" href=\"https:\/\/quemcuidadocuidador.com.br\/index.php\/2024\/06\/08\/coletividade-e-sociedade-humanizada\/\"> <span class=\"screen-reader-text\">Coletividade e sociedade humanizada<\/span> Leia mais &raquo;<\/a><\/p>\n","protected":false},"author":2,"featured_media":786,"comment_status":"open","ping_status":"open","sticky":false,"template":"","format":"standard","meta":{"om_disable_all_campaigns":false,"_monsterinsights_skip_tracking":false,"_monsterinsights_sitenote_active":false,"_monsterinsights_sitenote_note":"","_monsterinsights_sitenote_category":0,"site-sidebar-layout":"","site-content-layout":"","ast-main-header-display":"","ast-hfb-above-header-display":"","ast-hfb-below-header-display":"","ast-hfb-mobile-header-display":"","site-post-title":"","ast-breadcrumbs-content":"","ast-featured-img":"","footer-sml-layout":"","theme-transparent-header-meta":"","adv-header-id-meta":"","stick-header-meta":"","header-above-stick-meta":"","header-main-stick-meta":"","header-below-stick-meta":""},"categories":[5],"tags":[],"uagb_featured_image_src":{"full":["https:\/\/quemcuidadocuidador.com.br\/wp-content\/uploads\/2024\/06\/WhatsApp-Image-2024-06-08-at-06.13.50.jpeg",1200,1600,false],"thumbnail":["https:\/\/quemcuidadocuidador.com.br\/wp-content\/uploads\/2024\/06\/WhatsApp-Image-2024-06-08-at-06.13.50-150x150.jpeg",150,150,true],"medium":["https:\/\/quemcuidadocuidador.com.br\/wp-content\/uploads\/2024\/06\/WhatsApp-Image-2024-06-08-at-06.13.50-225x300.jpeg",225,300,true],"medium_large":["https:\/\/quemcuidadocuidador.com.br\/wp-content\/uploads\/2024\/06\/WhatsApp-Image-2024-06-08-at-06.13.50-768x1024.jpeg",768,1024,true],"large":["https:\/\/quemcuidadocuidador.com.br\/wp-content\/uploads\/2024\/06\/WhatsApp-Image-2024-06-08-at-06.13.50-768x1024.jpeg",768,1024,true],"1536x1536":["https:\/\/quemcuidadocuidador.com.br\/wp-content\/uploads\/2024\/06\/WhatsApp-Image-2024-06-08-at-06.13.50-1152x1536.jpeg",1152,1536,true],"2048x2048":["https:\/\/quemcuidadocuidador.com.br\/wp-content\/uploads\/2024\/06\/WhatsApp-Image-2024-06-08-at-06.13.50.jpeg",1200,1600,false]},"uagb_author_info":{"display_name":"Cicera A Feitosa","author_link":"https:\/\/quemcuidadocuidador.com.br\/index.php\/author\/cicera\/"},"uagb_comment_info":3,"uagb_excerpt":"O trabalho coletivo ainda \u00e9 um sonho.&nbsp; Por que um sonho? Porque muitas vezes ainda n\u00e3o sabemos em conjunto com pr\u00f3ximo criar. &nbsp;Aparando as arestas, ouvindo o outro, eliminando o excesso de ideias, ficando apenas o essencial. Com argumentos convincentes, que permitam a todos juntos entrar num consenso de qual a melhor alternativa para um&hellip;","_links":{"self":[{"href":"https:\/\/quemcuidadocuidador.com.br\/index.php\/wp-json\/wp\/v2\/posts\/785"}],"collection":[{"href":"https:\/\/quemcuidadocuidador.com.br\/index.php\/wp-json\/wp\/v2\/posts"}],"about":[{"href":"https:\/\/quemcuidadocuidador.com.br\/index.php\/wp-json\/wp\/v2\/types\/post"}],"author":[{"embeddable":true,"href":"https:\/\/quemcuidadocuidador.com.br\/index.php\/wp-json\/wp\/v2\/users\/2"}],"replies":[{"embeddable":true,"href":"https:\/\/quemcuidadocuidador.com.br\/index.php\/wp-json\/wp\/v2\/comments?post=785"}],"version-history":[{"count":1,"href":"https:\/\/quemcuidadocuidador.com.br\/index.php\/wp-json\/wp\/v2\/posts\/785\/revisions"}],"predecessor-version":[{"id":787,"href":"https:\/\/quemcuidadocuidador.com.br\/index.php\/wp-json\/wp\/v2\/posts\/785\/revisions\/787"}],"wp:featuredmedia":[{"embeddable":true,"href":"https:\/\/quemcuidadocuidador.com.br\/index.php\/wp-json\/wp\/v2\/media\/786"}],"wp:attachment":[{"href":"https:\/\/quemcuidadocuidador.com.br\/index.php\/wp-json\/wp\/v2\/media?parent=785"}],"wp:term":[{"taxonomy":"category","embeddable":true,"href":"https:\/\/quemcuidadocuidador.com.br\/index.php\/wp-json\/wp\/v2\/categories?post=785"},{"taxonomy":"post_tag","embeddable":true,"href":"https:\/\/quemcuidadocuidador.com.br\/index.php\/wp-json\/wp\/v2\/tags?post=785"}],"curies":[{"name":"wp","href":"https:\/\/api.w.org\/{rel}","templated":true}]}}