{"id":781,"date":"2024-06-01T06:27:53","date_gmt":"2024-06-01T10:27:53","guid":{"rendered":"https:\/\/quemcuidadocuidador.com.br\/?p=781"},"modified":"2024-06-01T06:27:54","modified_gmt":"2024-06-01T10:27:54","slug":"quero-uma-fe-transcendental","status":"publish","type":"post","link":"https:\/\/quemcuidadocuidador.com.br\/index.php\/2024\/06\/01\/quero-uma-fe-transcendental\/","title":{"rendered":"Quero uma f\u00e9 transcendental"},"content":{"rendered":"\n<p>Ontem fiquei surpresa na missa quando o Padre disse: irm\u00e3os e irm\u00e3s, se enxerg\u00e1ssemos com os olhos espirituais, na hora da comunh\u00e3o ver\u00edamos muitos anjos ao redor do altar. Confesso que gostei muito de ouvir. Mas penso que nos dias de hoje, as pessoas ainda t\u00eam medo dessa vis\u00e3o mais ampliada. Porque ainda h\u00e1 poucos dias, pessoas eram queimadas na fogueira, por qualquer habilidade, al\u00e9m dos cinco sentidos.<\/p>\n\n\n\n<p>Por coincid\u00eancia, ontem tamb\u00e9m, era o dia de Santa Joana D\u2019Arc, ela foi queimada na fogueira, em 30 de maio de 1431, na Fran\u00e7a. Seu grande pecado foi ouvir vozes de santos que a incentivavam a ir lutar na guerra para libertar a Fran\u00e7a da Inglaterra. Ap\u00f3s unificar os soldados com sua coragem exemplar e vencerem a guerra, foi condenada. Por motivos vis e, abandonada pelo rei que ela tinha ajudado a chegar no trono, foi entregue \u00e0 pr\u00f3pria sorte.<\/p>\n\n\n\n<p>Jovem corajosa, n\u00e3o se retratou, manteve-se firme na f\u00e9 e no que acreditava como verdade. Todos que foram v\u00ea-la na fogueira queimar, de seus l\u00e1bios uma \u00fanica palavra de cinco letras ouviu: \u201cJ E S U S\u201d!!!<\/p>\n\n\n\n<p>N\u00e3o teve direito a um t\u00famulo, seu corpo foi queimado por longo tempo, para que n\u00e3o sobrasse nada. Por\u00e9m milagrosamente, seu cora\u00e7\u00e3o ficou intacto.<\/p>\n\n\n\n<p>Em 1455, a igreja revisou o processo de condena\u00e7\u00e3o dela, todos as acusa\u00e7\u00f5es foram retiradas e Joana D\u2019Arc, uma jovem camponesa, simples e analfabeta, de f\u00e9 inabal\u00e1vel, em santa foi transformada.<\/p>\n\n\n\n<p>O desfecho final parece lindo.<\/p>\n\n\n\n<p>Mas me pego a pensar na dor da fam\u00edlia ao ver a filha na fogueira ser queimada. Ela tinha apenas dezenove anos, t\u00e3o jovem.&nbsp;<\/p>\n\n\n\n<p>Quando nossos filhos se machucam, se pud\u00e9ssemos sent\u00edamos a dor no lugar deles. O tempo todo, queremos cuidar, proteger e am\u00e1-los..<\/p>\n\n\n\n<p>Ent\u00e3o nesse final do m\u00eas de maio, m\u00eas das M\u00e3es, meu carinho e respeito vai para a m\u00e3e de Joana D\u2019Arc.<\/p>\n\n\n\n<p>Ah! Como gostaria de ver com os olhos espirituais, mas toda vez que lembro de Joana D\u2019arc, sinto medo. Talvez por isso esteja aterrada nos cinco sentidos, e tenha um medo incomensur\u00e1vel de transcender na f\u00e9.<\/p>\n\n\n\n<p>E, h\u00e1 mais de vinte anos, sonho, almejo e espero por um milagre&#8230;<\/p>\n","protected":false},"excerpt":{"rendered":"<p>Ontem fiquei surpresa na missa quando o Padre disse: irm\u00e3os e irm\u00e3s, se enxerg\u00e1ssemos com os olhos espirituais, na hora da comunh\u00e3o ver\u00edamos muitos anjos ao redor do altar. Confesso que gostei muito de ouvir. Mas penso que nos dias de hoje, as pessoas ainda t\u00eam medo dessa vis\u00e3o mais ampliada. Porque ainda h\u00e1 poucos &hellip;<\/p>\n<p class=\"read-more\"> <a class=\"\" href=\"https:\/\/quemcuidadocuidador.com.br\/index.php\/2024\/06\/01\/quero-uma-fe-transcendental\/\"> <span class=\"screen-reader-text\">Quero uma f\u00e9 transcendental<\/span> Leia mais &raquo;<\/a><\/p>\n","protected":false},"author":2,"featured_media":782,"comment_status":"open","ping_status":"open","sticky":false,"template":"","format":"standard","meta":{"om_disable_all_campaigns":false,"_monsterinsights_skip_tracking":false,"_monsterinsights_sitenote_active":false,"_monsterinsights_sitenote_note":"","_monsterinsights_sitenote_category":0,"site-sidebar-layout":"","site-content-layout":"","ast-main-header-display":"","ast-hfb-above-header-display":"","ast-hfb-below-header-display":"","ast-hfb-mobile-header-display":"","site-post-title":"","ast-breadcrumbs-content":"","ast-featured-img":"","footer-sml-layout":"","theme-transparent-header-meta":"","adv-header-id-meta":"","stick-header-meta":"","header-above-stick-meta":"","header-main-stick-meta":"","header-below-stick-meta":""},"categories":[5],"tags":[],"uagb_featured_image_src":{"full":["https:\/\/quemcuidadocuidador.com.br\/wp-content\/uploads\/2024\/06\/WhatsApp-Image-2024-05-22-at-10.26.03.jpeg",1200,1600,false],"thumbnail":["https:\/\/quemcuidadocuidador.com.br\/wp-content\/uploads\/2024\/06\/WhatsApp-Image-2024-05-22-at-10.26.03-150x150.jpeg",150,150,true],"medium":["https:\/\/quemcuidadocuidador.com.br\/wp-content\/uploads\/2024\/06\/WhatsApp-Image-2024-05-22-at-10.26.03-225x300.jpeg",225,300,true],"medium_large":["https:\/\/quemcuidadocuidador.com.br\/wp-content\/uploads\/2024\/06\/WhatsApp-Image-2024-05-22-at-10.26.03-768x1024.jpeg",768,1024,true],"large":["https:\/\/quemcuidadocuidador.com.br\/wp-content\/uploads\/2024\/06\/WhatsApp-Image-2024-05-22-at-10.26.03-768x1024.jpeg",768,1024,true],"1536x1536":["https:\/\/quemcuidadocuidador.com.br\/wp-content\/uploads\/2024\/06\/WhatsApp-Image-2024-05-22-at-10.26.03-1152x1536.jpeg",1152,1536,true],"2048x2048":["https:\/\/quemcuidadocuidador.com.br\/wp-content\/uploads\/2024\/06\/WhatsApp-Image-2024-05-22-at-10.26.03.jpeg",1200,1600,false]},"uagb_author_info":{"display_name":"Cicera A Feitosa","author_link":"https:\/\/quemcuidadocuidador.com.br\/index.php\/author\/cicera\/"},"uagb_comment_info":3,"uagb_excerpt":"Ontem fiquei surpresa na missa quando o Padre disse: irm\u00e3os e irm\u00e3s, se enxerg\u00e1ssemos com os olhos espirituais, na hora da comunh\u00e3o ver\u00edamos muitos anjos ao redor do altar. Confesso que gostei muito de ouvir. Mas penso que nos dias de hoje, as pessoas ainda t\u00eam medo dessa vis\u00e3o mais ampliada. Porque ainda h\u00e1 poucos&hellip;","_links":{"self":[{"href":"https:\/\/quemcuidadocuidador.com.br\/index.php\/wp-json\/wp\/v2\/posts\/781"}],"collection":[{"href":"https:\/\/quemcuidadocuidador.com.br\/index.php\/wp-json\/wp\/v2\/posts"}],"about":[{"href":"https:\/\/quemcuidadocuidador.com.br\/index.php\/wp-json\/wp\/v2\/types\/post"}],"author":[{"embeddable":true,"href":"https:\/\/quemcuidadocuidador.com.br\/index.php\/wp-json\/wp\/v2\/users\/2"}],"replies":[{"embeddable":true,"href":"https:\/\/quemcuidadocuidador.com.br\/index.php\/wp-json\/wp\/v2\/comments?post=781"}],"version-history":[{"count":1,"href":"https:\/\/quemcuidadocuidador.com.br\/index.php\/wp-json\/wp\/v2\/posts\/781\/revisions"}],"predecessor-version":[{"id":783,"href":"https:\/\/quemcuidadocuidador.com.br\/index.php\/wp-json\/wp\/v2\/posts\/781\/revisions\/783"}],"wp:featuredmedia":[{"embeddable":true,"href":"https:\/\/quemcuidadocuidador.com.br\/index.php\/wp-json\/wp\/v2\/media\/782"}],"wp:attachment":[{"href":"https:\/\/quemcuidadocuidador.com.br\/index.php\/wp-json\/wp\/v2\/media?parent=781"}],"wp:term":[{"taxonomy":"category","embeddable":true,"href":"https:\/\/quemcuidadocuidador.com.br\/index.php\/wp-json\/wp\/v2\/categories?post=781"},{"taxonomy":"post_tag","embeddable":true,"href":"https:\/\/quemcuidadocuidador.com.br\/index.php\/wp-json\/wp\/v2\/tags?post=781"}],"curies":[{"name":"wp","href":"https:\/\/api.w.org\/{rel}","templated":true}]}}