{"id":777,"date":"2024-05-25T05:25:11","date_gmt":"2024-05-25T09:25:11","guid":{"rendered":"https:\/\/quemcuidadocuidador.com.br\/?p=777"},"modified":"2024-05-25T05:25:12","modified_gmt":"2024-05-25T09:25:12","slug":"e-possivel-o-paraiso-na-terra","status":"publish","type":"post","link":"https:\/\/quemcuidadocuidador.com.br\/index.php\/2024\/05\/25\/e-possivel-o-paraiso-na-terra\/","title":{"rendered":"\u00c9 poss\u00edvel o para\u00edso na terra?"},"content":{"rendered":"\n<p>Sim,<\/p>\n\n\n\n<p>quando o constru\u00edmos.<\/p>\n\n\n\n<p>Esta semana<\/p>\n\n\n\n<p>Estou num lugar assim<\/p>\n\n\n\n<p>lapidado por m\u00e3os humanas<\/p>\n\n\n\n<p>Liberdade, confian\u00e7a e amizade.<\/p>\n\n\n\n<p>Ser amigo e servir,<\/p>\n\n\n\n<p>s\u00e3o bens preciosos, aqui,<\/p>\n\n\n\n<p>Cuida-se do ambiente,<\/p>\n\n\n\n<p>Com a alma e o corpo contente.<\/p>\n\n\n\n<p>\u2018Meninos eu vi!\u2019<\/p>\n\n\n\n<p>Sem copos,<\/p>\n\n\n\n<p>&nbsp;tampas de garrafas,<\/p>\n\n\n\n<p>ou bitucas de cigarro,<\/p>\n\n\n\n<p>&nbsp;pelo ch\u00e3o.<\/p>\n\n\n\n<p>Acho at\u00e9 que ouvi a voz de S\u00e3o Francisco.<\/p>\n\n\n\n<p>Bom dia amigo!<\/p>\n\n\n\n<p>Sa\u00fade irm\u00e3o!<\/p>\n\n\n\n<p>.<\/p>\n\n\n\n<p>N\u00e3o somos mais as mesmas pessoas, &nbsp;<\/p>\n\n\n\n<p>Fomos transformados.<\/p>\n\n\n\n<p>Envolvidos num manto de energia.<\/p>\n\n\n\n<p>Vinda das \u00e1rvores, dos lagos,<\/p>\n\n\n\n<p>do canto dos p\u00e1ssaros,<\/p>\n\n\n\n<p>do colorido das borboletas,<\/p>\n\n\n\n<p>do brilho das estrelas,<\/p>\n\n\n\n<p>&nbsp;o bater de asas dos beija-flores.<\/p>\n\n\n\n<p>O perfume de mil flores.<\/p>\n\n\n\n<p>Inundando nossos olhos de beleza.<\/p>\n\n\n\n<p>E, nossos cora\u00e7\u00f5es pulsando<\/p>\n\n\n\n<p>&nbsp;na frequ\u00eancia da natureza.<\/p>\n\n\n\n<p>Com o riso a correr frouxo<\/p>\n\n\n\n<p>para despertar a alegria<\/p>\n\n\n\n<p>esquecida, abandonada<\/p>\n\n\n\n<p>nos altos e baixos da vida,<\/p>\n\n\n\n<p>Na arte do conv\u00edvio,<\/p>\n\n\n\n<p>encontramos tanta delicadeza<\/p>\n\n\n\n<p>Que ao voltarmos para casa,<\/p>\n\n\n\n<p>a gente seja<\/p>\n\n\n\n<p>amor e gentileza.<\/p>\n","protected":false},"excerpt":{"rendered":"<p>Sim, quando o constru\u00edmos. Esta semana Estou num lugar assim lapidado por m\u00e3os humanas Liberdade, confian\u00e7a e amizade. Ser amigo e servir, s\u00e3o bens preciosos, aqui, Cuida-se do ambiente, Com a alma e o corpo contente. \u2018Meninos eu vi!\u2019 Sem copos, &nbsp;tampas de garrafas, ou bitucas de cigarro, &nbsp;pelo ch\u00e3o. Acho at\u00e9 que ouvi a &hellip;<\/p>\n<p class=\"read-more\"> <a class=\"\" href=\"https:\/\/quemcuidadocuidador.com.br\/index.php\/2024\/05\/25\/e-possivel-o-paraiso-na-terra\/\"> <span class=\"screen-reader-text\">\u00c9 poss\u00edvel o para\u00edso na terra?<\/span> Leia mais &raquo;<\/a><\/p>\n","protected":false},"author":2,"featured_media":778,"comment_status":"open","ping_status":"open","sticky":false,"template":"","format":"standard","meta":{"om_disable_all_campaigns":false,"_monsterinsights_skip_tracking":false,"_monsterinsights_sitenote_active":false,"_monsterinsights_sitenote_note":"","_monsterinsights_sitenote_category":0,"site-sidebar-layout":"","site-content-layout":"","ast-main-header-display":"","ast-hfb-above-header-display":"","ast-hfb-below-header-display":"","ast-hfb-mobile-header-display":"","site-post-title":"","ast-breadcrumbs-content":"","ast-featured-img":"","footer-sml-layout":"","theme-transparent-header-meta":"","adv-header-id-meta":"","stick-header-meta":"","header-above-stick-meta":"","header-main-stick-meta":"","header-below-stick-meta":""},"categories":[5],"tags":[],"uagb_featured_image_src":{"full":["https:\/\/quemcuidadocuidador.com.br\/wp-content\/uploads\/2024\/05\/WhatsApp-Image-2024-05-22-at-10.51.48-scaled.jpeg",1920,2560,false],"thumbnail":["https:\/\/quemcuidadocuidador.com.br\/wp-content\/uploads\/2024\/05\/WhatsApp-Image-2024-05-22-at-10.51.48-150x150.jpeg",150,150,true],"medium":["https:\/\/quemcuidadocuidador.com.br\/wp-content\/uploads\/2024\/05\/WhatsApp-Image-2024-05-22-at-10.51.48-225x300.jpeg",225,300,true],"medium_large":["https:\/\/quemcuidadocuidador.com.br\/wp-content\/uploads\/2024\/05\/WhatsApp-Image-2024-05-22-at-10.51.48-768x1024.jpeg",768,1024,true],"large":["https:\/\/quemcuidadocuidador.com.br\/wp-content\/uploads\/2024\/05\/WhatsApp-Image-2024-05-22-at-10.51.48-768x1024.jpeg",768,1024,true],"1536x1536":["https:\/\/quemcuidadocuidador.com.br\/wp-content\/uploads\/2024\/05\/WhatsApp-Image-2024-05-22-at-10.51.48-1152x1536.jpeg",1152,1536,true],"2048x2048":["https:\/\/quemcuidadocuidador.com.br\/wp-content\/uploads\/2024\/05\/WhatsApp-Image-2024-05-22-at-10.51.48-1536x2048.jpeg",1536,2048,true]},"uagb_author_info":{"display_name":"Cicera A Feitosa","author_link":"https:\/\/quemcuidadocuidador.com.br\/index.php\/author\/cicera\/"},"uagb_comment_info":1,"uagb_excerpt":"Sim, quando o constru\u00edmos. Esta semana Estou num lugar assim lapidado por m\u00e3os humanas Liberdade, confian\u00e7a e amizade. Ser amigo e servir, s\u00e3o bens preciosos, aqui, Cuida-se do ambiente, Com a alma e o corpo contente. \u2018Meninos eu vi!\u2019 Sem copos, &nbsp;tampas de garrafas, ou bitucas de cigarro, &nbsp;pelo ch\u00e3o. Acho at\u00e9 que ouvi a&hellip;","_links":{"self":[{"href":"https:\/\/quemcuidadocuidador.com.br\/index.php\/wp-json\/wp\/v2\/posts\/777"}],"collection":[{"href":"https:\/\/quemcuidadocuidador.com.br\/index.php\/wp-json\/wp\/v2\/posts"}],"about":[{"href":"https:\/\/quemcuidadocuidador.com.br\/index.php\/wp-json\/wp\/v2\/types\/post"}],"author":[{"embeddable":true,"href":"https:\/\/quemcuidadocuidador.com.br\/index.php\/wp-json\/wp\/v2\/users\/2"}],"replies":[{"embeddable":true,"href":"https:\/\/quemcuidadocuidador.com.br\/index.php\/wp-json\/wp\/v2\/comments?post=777"}],"version-history":[{"count":1,"href":"https:\/\/quemcuidadocuidador.com.br\/index.php\/wp-json\/wp\/v2\/posts\/777\/revisions"}],"predecessor-version":[{"id":779,"href":"https:\/\/quemcuidadocuidador.com.br\/index.php\/wp-json\/wp\/v2\/posts\/777\/revisions\/779"}],"wp:featuredmedia":[{"embeddable":true,"href":"https:\/\/quemcuidadocuidador.com.br\/index.php\/wp-json\/wp\/v2\/media\/778"}],"wp:attachment":[{"href":"https:\/\/quemcuidadocuidador.com.br\/index.php\/wp-json\/wp\/v2\/media?parent=777"}],"wp:term":[{"taxonomy":"category","embeddable":true,"href":"https:\/\/quemcuidadocuidador.com.br\/index.php\/wp-json\/wp\/v2\/categories?post=777"},{"taxonomy":"post_tag","embeddable":true,"href":"https:\/\/quemcuidadocuidador.com.br\/index.php\/wp-json\/wp\/v2\/tags?post=777"}],"curies":[{"name":"wp","href":"https:\/\/api.w.org\/{rel}","templated":true}]}}