{"id":766,"date":"2024-05-04T06:30:14","date_gmt":"2024-05-04T10:30:14","guid":{"rendered":"https:\/\/quemcuidadocuidador.com.br\/?p=766"},"modified":"2024-05-04T06:30:15","modified_gmt":"2024-05-04T10:30:15","slug":"pedro-pedra-e-gentileza","status":"publish","type":"post","link":"https:\/\/quemcuidadocuidador.com.br\/index.php\/2024\/05\/04\/pedro-pedra-e-gentileza\/","title":{"rendered":"Pedro, pedra e gentileza"},"content":{"rendered":"\n<p>Semana tumultuada<\/p>\n\n\n\n<p>na ter\u00e7a-feira \u00e0 noite<\/p>\n\n\n\n<p>Pedro de dor no ombro, reclamou.<\/p>\n\n\n\n<p>Quarta-feira de manh\u00e3, mancava do p\u00e9 direito,<\/p>\n\n\n\n<p>hora do almo\u00e7o, febre alta e dor na barriga.<\/p>\n\n\n\n<p>No per\u00edodo da tarde deixei meu pai<\/p>\n\n\n\n<p>&nbsp;na casa da minha irm\u00e3<\/p>\n\n\n\n<p>e come\u00e7ou a romaria.<\/p>\n\n\n\n<p>UPA, na triagem<\/p>\n\n\n\n<p>sintoma de dengue,<\/p>\n\n\n\n<p>encaminha-se para o CEM.<\/p>\n\n\n\n<p>Ap\u00f3s consulta<\/p>\n\n\n\n<p>uma inje\u00e7\u00e3o para conter a febre<\/p>\n\n\n\n<p>pedidos de exame de sangue,<\/p>\n\n\n\n<p>receita e a recomenda\u00e7\u00e3o.<\/p>\n\n\n\n<p>Muito liquido e soro.<\/p>\n\n\n\n<p>N\u00e3o o deixe se desidratar.<\/p>\n\n\n\n<p>Medicamento de epilepsia:<\/p>\n\n\n\n<p>PARAR.<\/p>\n\n\n\n<p>No outro dia, muita febre.<\/p>\n\n\n\n<p>&nbsp;exame, resultado e consulta.<\/p>\n\n\n\n<p>Ainda bem que o m\u00e9dico<\/p>\n\n\n\n<p>sua garganta olhou,<\/p>\n\n\n\n<p>tarefa complicada.<\/p>\n\n\n\n<p>Novos pedidos de exames,<\/p>\n\n\n\n<p>sangue coletado,<\/p>\n\n\n\n<p>mais uma inje\u00e7\u00e3o.<\/p>\n\n\n\n<p>Sexta-feira<\/p>\n\n\n\n<p>resultados de exames,<\/p>\n\n\n\n<p>algumas altera\u00e7\u00f5es.<\/p>\n\n\n\n<p>Um soro.<\/p>\n\n\n\n<p>Um Pedro abatido,<\/p>\n\n\n\n<p>mas sendo pedra<\/p>\n\n\n\n<p>e de nada reclamando.<\/p>\n\n\n\n<p>E Pedro gentileza,<\/p>\n\n\n\n<p>&nbsp;a enfermeira que a veia lhe pegou,<\/p>\n\n\n\n<p>&nbsp;\u2018voc\u00ea tem m\u00e3o boa,<\/p>\n\n\n\n<p>n\u00e3o doeu\u2019.<\/p>\n\n\n\n<p>E ela retribuiu a gentileza<\/p>\n\n\n\n<p>com um belo sorriso.<\/p>\n\n\n\n<p>Enquanto seu soro tomava<\/p>\n\n\n\n<p>repetia \u2018Estou na Para\u00edba<\/p>\n\n\n\n<p>tomando \u00e1gua de coco\u2019.<\/p>\n\n\n\n<p>E nesses tr\u00eas dias<\/p>\n\n\n\n<p>Prostrado na cama<\/p>\n\n\n\n<p>&nbsp;ficou.<\/p>\n\n\n\n<p>Sua caixinha de som<\/p>\n\n\n\n<p>silenciou,<\/p>\n\n\n\n<p>percebi que a alegria da casa<\/p>\n\n\n\n<p>&nbsp;\u00e9 ele pra l\u00e1 e pra c\u00e1, na \u00e1rea.<\/p>\n\n\n\n<p>&nbsp;a caixinha de som<\/p>\n\n\n\n<p>colado ao ouvido,<\/p>\n\n\n\n<p>no \u00faltimo volume.<\/p>\n\n\n\n<p>O sil\u00eancio anunciou<\/p>\n\n\n\n<p>que havia algo a acontecer,<\/p>\n\n\n\n<p>&nbsp;a vizinha veio se informar.<\/p>\n\n\n\n<p>Como \u00e9 bom algu\u00e9m se importar!!!<\/p>\n","protected":false},"excerpt":{"rendered":"<p>Semana tumultuada na ter\u00e7a-feira \u00e0 noite Pedro de dor no ombro, reclamou. Quarta-feira de manh\u00e3, mancava do p\u00e9 direito, hora do almo\u00e7o, febre alta e dor na barriga. No per\u00edodo da tarde deixei meu pai &nbsp;na casa da minha irm\u00e3 e come\u00e7ou a romaria. UPA, na triagem sintoma de dengue, encaminha-se para o CEM. Ap\u00f3s &hellip;<\/p>\n<p class=\"read-more\"> <a class=\"\" href=\"https:\/\/quemcuidadocuidador.com.br\/index.php\/2024\/05\/04\/pedro-pedra-e-gentileza\/\"> <span class=\"screen-reader-text\">Pedro, pedra e gentileza<\/span> Leia mais &raquo;<\/a><\/p>\n","protected":false},"author":2,"featured_media":767,"comment_status":"open","ping_status":"open","sticky":false,"template":"","format":"standard","meta":{"om_disable_all_campaigns":false,"_monsterinsights_skip_tracking":false,"_monsterinsights_sitenote_active":false,"_monsterinsights_sitenote_note":"","_monsterinsights_sitenote_category":0,"site-sidebar-layout":"","site-content-layout":"","ast-main-header-display":"","ast-hfb-above-header-display":"","ast-hfb-below-header-display":"","ast-hfb-mobile-header-display":"","site-post-title":"","ast-breadcrumbs-content":"","ast-featured-img":"","footer-sml-layout":"","theme-transparent-header-meta":"","adv-header-id-meta":"","stick-header-meta":"","header-above-stick-meta":"","header-main-stick-meta":"","header-below-stick-meta":""},"categories":[5],"tags":[],"uagb_featured_image_src":{"full":["https:\/\/quemcuidadocuidador.com.br\/wp-content\/uploads\/2024\/05\/WhatsApp-Image-2024-05-04-at-06.06.02.jpeg",1263,1600,false],"thumbnail":["https:\/\/quemcuidadocuidador.com.br\/wp-content\/uploads\/2024\/05\/WhatsApp-Image-2024-05-04-at-06.06.02-150x150.jpeg",150,150,true],"medium":["https:\/\/quemcuidadocuidador.com.br\/wp-content\/uploads\/2024\/05\/WhatsApp-Image-2024-05-04-at-06.06.02-237x300.jpeg",237,300,true],"medium_large":["https:\/\/quemcuidadocuidador.com.br\/wp-content\/uploads\/2024\/05\/WhatsApp-Image-2024-05-04-at-06.06.02-768x973.jpeg",768,973,true],"large":["https:\/\/quemcuidadocuidador.com.br\/wp-content\/uploads\/2024\/05\/WhatsApp-Image-2024-05-04-at-06.06.02-808x1024.jpeg",808,1024,true],"1536x1536":["https:\/\/quemcuidadocuidador.com.br\/wp-content\/uploads\/2024\/05\/WhatsApp-Image-2024-05-04-at-06.06.02-1212x1536.jpeg",1212,1536,true],"2048x2048":["https:\/\/quemcuidadocuidador.com.br\/wp-content\/uploads\/2024\/05\/WhatsApp-Image-2024-05-04-at-06.06.02.jpeg",1263,1600,false]},"uagb_author_info":{"display_name":"Cicera A Feitosa","author_link":"https:\/\/quemcuidadocuidador.com.br\/index.php\/author\/cicera\/"},"uagb_comment_info":2,"uagb_excerpt":"Semana tumultuada na ter\u00e7a-feira \u00e0 noite Pedro de dor no ombro, reclamou. Quarta-feira de manh\u00e3, mancava do p\u00e9 direito, hora do almo\u00e7o, febre alta e dor na barriga. No per\u00edodo da tarde deixei meu pai &nbsp;na casa da minha irm\u00e3 e come\u00e7ou a romaria. UPA, na triagem sintoma de dengue, encaminha-se para o CEM. Ap\u00f3s&hellip;","_links":{"self":[{"href":"https:\/\/quemcuidadocuidador.com.br\/index.php\/wp-json\/wp\/v2\/posts\/766"}],"collection":[{"href":"https:\/\/quemcuidadocuidador.com.br\/index.php\/wp-json\/wp\/v2\/posts"}],"about":[{"href":"https:\/\/quemcuidadocuidador.com.br\/index.php\/wp-json\/wp\/v2\/types\/post"}],"author":[{"embeddable":true,"href":"https:\/\/quemcuidadocuidador.com.br\/index.php\/wp-json\/wp\/v2\/users\/2"}],"replies":[{"embeddable":true,"href":"https:\/\/quemcuidadocuidador.com.br\/index.php\/wp-json\/wp\/v2\/comments?post=766"}],"version-history":[{"count":1,"href":"https:\/\/quemcuidadocuidador.com.br\/index.php\/wp-json\/wp\/v2\/posts\/766\/revisions"}],"predecessor-version":[{"id":768,"href":"https:\/\/quemcuidadocuidador.com.br\/index.php\/wp-json\/wp\/v2\/posts\/766\/revisions\/768"}],"wp:featuredmedia":[{"embeddable":true,"href":"https:\/\/quemcuidadocuidador.com.br\/index.php\/wp-json\/wp\/v2\/media\/767"}],"wp:attachment":[{"href":"https:\/\/quemcuidadocuidador.com.br\/index.php\/wp-json\/wp\/v2\/media?parent=766"}],"wp:term":[{"taxonomy":"category","embeddable":true,"href":"https:\/\/quemcuidadocuidador.com.br\/index.php\/wp-json\/wp\/v2\/categories?post=766"},{"taxonomy":"post_tag","embeddable":true,"href":"https:\/\/quemcuidadocuidador.com.br\/index.php\/wp-json\/wp\/v2\/tags?post=766"}],"curies":[{"name":"wp","href":"https:\/\/api.w.org\/{rel}","templated":true}]}}