{"id":761,"date":"2024-04-27T05:53:49","date_gmt":"2024-04-27T09:53:49","guid":{"rendered":"https:\/\/quemcuidadocuidador.com.br\/?p=761"},"modified":"2024-04-27T05:53:50","modified_gmt":"2024-04-27T09:53:50","slug":"como-se-amar","status":"publish","type":"post","link":"https:\/\/quemcuidadocuidador.com.br\/index.php\/2024\/04\/27\/como-se-amar\/","title":{"rendered":"Como se amar"},"content":{"rendered":"\n<p>\u00c9 t\u00e3o f\u00e1cil amar<\/p>\n\n\n\n<p>E cuidar do outro<\/p>\n\n\n\n<p>Mas, como est\u00e1<\/p>\n\n\n\n<p>O seu amor, por voc\u00ea?<\/p>\n\n\n\n<p>Sei que amo.<\/p>\n\n\n\n<p>Meu filho, meu pai<\/p>\n\n\n\n<p>e minhas plantas&#8230;<\/p>\n\n\n\n<p>Mas, ser\u00e1 que<\/p>\n\n\n\n<p>eu me amo?<\/p>\n\n\n\n<p>N\u00e3o sei!<\/p>\n\n\n\n<p>Na lista de prioridades<\/p>\n\n\n\n<p>Estou no \u00faltimo lugar.<\/p>\n\n\n\n<p>\u00c9 hora: do banho,<\/p>\n\n\n\n<p>do caf\u00e9 e do mingau.<\/p>\n\n\n\n<p>do rem\u00e9dio<\/p>\n\n\n\n<p>do suco,<\/p>\n\n\n\n<p>do banho de sol.<\/p>\n\n\n\n<p>do almo\u00e7o<\/p>\n\n\n\n<p>do lanche.<\/p>\n\n\n\n<p>hora de colocar ele no sof\u00e1<\/p>\n\n\n\n<p>para ver televis\u00e3o.<\/p>\n\n\n\n<p>Da janta e do banho.<\/p>\n\n\n\n<p>E nesse vai e vem<\/p>\n\n\n\n<p>\u00c0 noite, chega.<\/p>\n\n\n\n<p>A madrugada pode ser, hora:<\/p>\n\n\n\n<p>de banho, de havia,<\/p>\n\n\n\n<p>de logo e de HEI!<\/p>\n\n\n\n<p>De lavar banheiro<\/p>\n\n\n\n<p>de passar pano no ch\u00e3o,<\/p>\n\n\n\n<p>aos trope\u00e7os, volto a cama.<\/p>\n\n\n\n<p>E, \u00e0s vezes, o sono da tchau.<\/p>\n\n\n\n<p>De repente, entre os primeiros raios de sol.<\/p>\n\n\n\n<p>os heis, os havias e os logos<\/p>\n\n\n\n<p>t\u00e3o sonoros s\u00e3o, que me despertam.<\/p>\n\n\n\n<p>Um pouco zonza,<\/p>\n\n\n\n<p>&nbsp;caminho at\u00e9 ele.<\/p>\n\n\n\n<p>Entretanto, o sono evapora.<\/p>\n\n\n\n<p>Pois junto ao olhar de n\u00e3o reconhecimento.<\/p>\n\n\n\n<p>Vem: \u201cQuem \u00e9 voc\u00ea\u201d!!!<\/p>\n\n\n\n<p>E no meio dessa rotina tresloucada<\/p>\n\n\n\n<p>Tamb\u00e9m \u00e9 preciso lembrar<\/p>\n\n\n\n<p>de me amar, de me cuidar.<\/p>\n\n\n\n<p>Ter bons amigos e conversar<\/p>\n\n\n\n<p>atividades f\u00edsicas praticar,<\/p>\n\n\n\n<p>&nbsp;atividade intelectual realizar,<\/p>\n\n\n\n<p>e alimenta\u00e7\u00e3o saud\u00e1vel.<\/p>\n\n\n\n<p>Pilares do envelhecer bem.<\/p>\n\n\n\n<p>Qui\u00e7\u00e1, uma velhinha am\u00e1vel<\/p>\n\n\n\n<p>Caso eu venha a ser centen\u00e1ria,<\/p>\n\n\n\n<p>Quero sentir a vida com magia.<\/p>\n\n\n\n<p>Ter pernas, lucidez e independ\u00eancia.<\/p>\n\n\n\n<p>saborear um vinho, sob um c\u00e9u de estrelas.<\/p>\n\n\n\n<p>Entre risos, dan\u00e7a e alegria. Ler poesia.<\/p>\n","protected":false},"excerpt":{"rendered":"<p>\u00c9 t\u00e3o f\u00e1cil amar E cuidar do outro Mas, como est\u00e1 O seu amor, por voc\u00ea? Sei que amo. Meu filho, meu pai e minhas plantas&#8230; Mas, ser\u00e1 que eu me amo? N\u00e3o sei! Na lista de prioridades Estou no \u00faltimo lugar. \u00c9 hora: do banho, do caf\u00e9 e do mingau. do rem\u00e9dio do suco, &hellip;<\/p>\n<p class=\"read-more\"> <a class=\"\" href=\"https:\/\/quemcuidadocuidador.com.br\/index.php\/2024\/04\/27\/como-se-amar\/\"> <span class=\"screen-reader-text\">Como se amar<\/span> Leia mais &raquo;<\/a><\/p>\n","protected":false},"author":2,"featured_media":762,"comment_status":"open","ping_status":"open","sticky":false,"template":"","format":"standard","meta":{"om_disable_all_campaigns":false,"_monsterinsights_skip_tracking":false,"_monsterinsights_sitenote_active":false,"_monsterinsights_sitenote_note":"","_monsterinsights_sitenote_category":0,"site-sidebar-layout":"","site-content-layout":"","ast-main-header-display":"","ast-hfb-above-header-display":"","ast-hfb-below-header-display":"","ast-hfb-mobile-header-display":"","site-post-title":"","ast-breadcrumbs-content":"","ast-featured-img":"","footer-sml-layout":"","theme-transparent-header-meta":"","adv-header-id-meta":"","stick-header-meta":"","header-above-stick-meta":"","header-main-stick-meta":"","header-below-stick-meta":""},"categories":[5],"tags":[],"uagb_featured_image_src":{"full":["https:\/\/quemcuidadocuidador.com.br\/wp-content\/uploads\/2024\/04\/nguyen-thu-hoai-9CILN1ybspA-unsplash-scaled.jpg",2560,1707,false],"thumbnail":["https:\/\/quemcuidadocuidador.com.br\/wp-content\/uploads\/2024\/04\/nguyen-thu-hoai-9CILN1ybspA-unsplash-150x150.jpg",150,150,true],"medium":["https:\/\/quemcuidadocuidador.com.br\/wp-content\/uploads\/2024\/04\/nguyen-thu-hoai-9CILN1ybspA-unsplash-300x200.jpg",300,200,true],"medium_large":["https:\/\/quemcuidadocuidador.com.br\/wp-content\/uploads\/2024\/04\/nguyen-thu-hoai-9CILN1ybspA-unsplash-768x512.jpg",768,512,true],"large":["https:\/\/quemcuidadocuidador.com.br\/wp-content\/uploads\/2024\/04\/nguyen-thu-hoai-9CILN1ybspA-unsplash-1024x683.jpg",1024,683,true],"1536x1536":["https:\/\/quemcuidadocuidador.com.br\/wp-content\/uploads\/2024\/04\/nguyen-thu-hoai-9CILN1ybspA-unsplash-1536x1024.jpg",1536,1024,true],"2048x2048":["https:\/\/quemcuidadocuidador.com.br\/wp-content\/uploads\/2024\/04\/nguyen-thu-hoai-9CILN1ybspA-unsplash-2048x1365.jpg",2048,1365,true]},"uagb_author_info":{"display_name":"Cicera A Feitosa","author_link":"https:\/\/quemcuidadocuidador.com.br\/index.php\/author\/cicera\/"},"uagb_comment_info":0,"uagb_excerpt":"\u00c9 t\u00e3o f\u00e1cil amar E cuidar do outro Mas, como est\u00e1 O seu amor, por voc\u00ea? Sei que amo. Meu filho, meu pai e minhas plantas&#8230; Mas, ser\u00e1 que eu me amo? N\u00e3o sei! Na lista de prioridades Estou no \u00faltimo lugar. \u00c9 hora: do banho, do caf\u00e9 e do mingau. do rem\u00e9dio do suco,&hellip;","_links":{"self":[{"href":"https:\/\/quemcuidadocuidador.com.br\/index.php\/wp-json\/wp\/v2\/posts\/761"}],"collection":[{"href":"https:\/\/quemcuidadocuidador.com.br\/index.php\/wp-json\/wp\/v2\/posts"}],"about":[{"href":"https:\/\/quemcuidadocuidador.com.br\/index.php\/wp-json\/wp\/v2\/types\/post"}],"author":[{"embeddable":true,"href":"https:\/\/quemcuidadocuidador.com.br\/index.php\/wp-json\/wp\/v2\/users\/2"}],"replies":[{"embeddable":true,"href":"https:\/\/quemcuidadocuidador.com.br\/index.php\/wp-json\/wp\/v2\/comments?post=761"}],"version-history":[{"count":1,"href":"https:\/\/quemcuidadocuidador.com.br\/index.php\/wp-json\/wp\/v2\/posts\/761\/revisions"}],"predecessor-version":[{"id":763,"href":"https:\/\/quemcuidadocuidador.com.br\/index.php\/wp-json\/wp\/v2\/posts\/761\/revisions\/763"}],"wp:featuredmedia":[{"embeddable":true,"href":"https:\/\/quemcuidadocuidador.com.br\/index.php\/wp-json\/wp\/v2\/media\/762"}],"wp:attachment":[{"href":"https:\/\/quemcuidadocuidador.com.br\/index.php\/wp-json\/wp\/v2\/media?parent=761"}],"wp:term":[{"taxonomy":"category","embeddable":true,"href":"https:\/\/quemcuidadocuidador.com.br\/index.php\/wp-json\/wp\/v2\/categories?post=761"},{"taxonomy":"post_tag","embeddable":true,"href":"https:\/\/quemcuidadocuidador.com.br\/index.php\/wp-json\/wp\/v2\/tags?post=761"}],"curies":[{"name":"wp","href":"https:\/\/api.w.org\/{rel}","templated":true}]}}