{"id":753,"date":"2024-04-13T06:26:23","date_gmt":"2024-04-13T10:26:23","guid":{"rendered":"https:\/\/quemcuidadocuidador.com.br\/?p=753"},"modified":"2024-04-13T06:26:25","modified_gmt":"2024-04-13T10:26:25","slug":"lei-13-438-de-26-de-abril-voce-conhece","status":"publish","type":"post","link":"https:\/\/quemcuidadocuidador.com.br\/index.php\/2024\/04\/13\/lei-13-438-de-26-de-abril-voce-conhece\/","title":{"rendered":"Lei 13.438 de 26 de abril: Voc\u00ea conhece?"},"content":{"rendered":"\n<p>Talvez n\u00e3o. Pois no geral optamos por compartilhar coisas engra\u00e7adas, mas esta lei para voc\u00ea que \u00e9 m\u00e3e&nbsp; ou pai de um autista, pode fazer toda a diferen\u00e7a, na hora que voc\u00ea est\u00e1 desesperada, para ter um diagn\u00f3stico de seu filho e orienta\u00e7\u00e3o de qual a melhor maneira de agir para que ele possa receber os est\u00edmulos certos, de acordo com a idade adequada de seu desenvolvimento.<\/p>\n\n\n\n<p>H\u00e1 uma estimativa que no Brasil atualmente temos por volta de 2500 neuropediatras, vejam que \u00e9 um n\u00famero insignificante, para fornecer os laudos m\u00e9dicos que precisamos. Pois, acredita-se que a cada 36 crian\u00e7as que nascem, uma \u00e9 autista. E aqui n\u00e3o estou incluindo as v\u00e1rias outras peculiaridades.<\/p>\n\n\n\n<p>Existem v\u00e1rios profissionais da sa\u00fade que podem contribuir com as informa\u00e7\u00f5es necess\u00e1rias para se ter um laudo adequado sobre autismo e que s\u00e3o important\u00edssimos como psic\u00f3logo, do fonoaudi\u00f3logo, do terapeuta ocupacional, neuropsicopedagogo etc.<\/p>\n\n\n\n<p>Mas, somos n\u00f3s pais que podemos fazer a diferen\u00e7a, quando n\u00e3o conseguimos ser atendidos por estes profissionais.<\/p>\n\n\n\n<p>Como?<\/p>\n\n\n\n<p>Segundo doutor Thiago, ao fazermos uma lista de 40 a 50 sintomas que nosso filho ou filha estejam apresentando, podemos ir no m\u00e9dico da aten\u00e7\u00e3o b\u00e1sica, ou no pediatra que atende nosso filho e solicitar o diagn\u00f3stico.<\/p>\n\n\n\n<p>A <a href=\"https:\/\/www.planalto.gov.br\/ccivil_03\/_ato2015-2018\/2017\/lei\/l13438.htm#:~:text=LEI%20N%C2%BA%2013.438%2C%20DE%2026%20DE%20ABRIL%20DE%202017.&amp;text=Altera%20a%20Lei%20n%C2%BA%208.069,o%20desenvolvimento%20ps%C3%ADquico%20das%20crian%C3%A7as.\">Lei 13438 de 26 de abril 2017<\/a> permite que estes profissionais possam fazer o diagn\u00f3stico do autismo.&nbsp; A grande maioria vai dizer n\u00e3o; certamente dir\u00e3o que n\u00e3o est\u00e3o qualificados para atender essa demanda. Por\u00e9m, ao considerar que a Lei existe desde 2017 e que no dia 26 de abril completar\u00e1 7 anos de exist\u00eancia, todos tiveram tempo suficiente para se qualificar.<\/p>\n\n\n\n<p>Para que as Leis existentes no papel se concretizem, precisamos conhecer, divulgar e principalmente cobrar.<\/p>\n\n\n\n<p>Em abril, acontecem v\u00e1rias a\u00e7\u00f5es:&nbsp; palestras, confer\u00eancias, usamos camisetas ou outros s\u00edmbolos que representam o autismo. Por\u00e9m na pr\u00e1tica, a inclus\u00e3o de fato, ainda \u00e9 insuficiente.<\/p>\n\n\n\n<p>E tudo que \u00e9 divulgado na m\u00eddia como um direito do autista, para n\u00f3s pais conseguirmos, temos um trabalho quase igual os de S\u00edsifo, pois quando chegamos ao topo da montanha com o documento solicitado, nos fazem voltar porque \u00e9 necess\u00e1rio mais um. Novamente estamos no topo da montanha, e pensamos que afinal vamos conseguir. Ent\u00e3o somos informados de que a reda\u00e7\u00e3o do documento est\u00e1 inadequada. De vez em quando as for\u00e7as acabam e desistimos.<\/p>\n\n\n\n<p>Desistir n\u00e3o \u00e9 uma op\u00e7\u00e3o para n\u00f3s. m\u00e3es e pais. &nbsp;Sei que os obst\u00e1culos, ou como t\u00e3o bem disse Carlos Drummond \u2018tinha uma pedra no meio do caminho. No meio do caminho tinha uma pedra.\u2019 Eles precisam ser superados.<\/p>\n\n\n\n<p>Ent\u00e3o ao escalar a montanha para adquirir os direitos de nossos filhos, precisamos aprender a contornar as pedras. Pode demorar dias, meses, anos. Mas quando os desafios s\u00e3o vencidos, constru\u00edmos trilhas para que as m\u00e3es e pais que est\u00e3o come\u00e7ando a jornada, a fa\u00e7am em menos tempo. Pois este \u00e9 essencial, para o desenvolvimento pleno e a aprendizagem de nossos filhos.<\/p>\n\n\n\n<p>Agora voc\u00ea pode tirar uma c\u00f3pia dessa Lei e levar para seu vizinho, para a pediatra do seu filho, para o m\u00e9dico do seu PSF, talvez at\u00e9 para o seu secret\u00e1rio de sa\u00fade.<\/p>\n\n\n\n<p>Curta, compartilhe e cobre. Seja um agente de transforma\u00e7\u00e3o.<\/p>\n","protected":false},"excerpt":{"rendered":"<p>Talvez n\u00e3o. Pois no geral optamos por compartilhar coisas engra\u00e7adas, mas esta lei para voc\u00ea que \u00e9 m\u00e3e&nbsp; ou pai de um autista, pode fazer toda a diferen\u00e7a, na hora que voc\u00ea est\u00e1 desesperada, para ter um diagn\u00f3stico de seu filho e orienta\u00e7\u00e3o de qual a melhor maneira de agir para que ele possa receber &hellip;<\/p>\n<p class=\"read-more\"> <a class=\"\" href=\"https:\/\/quemcuidadocuidador.com.br\/index.php\/2024\/04\/13\/lei-13-438-de-26-de-abril-voce-conhece\/\"> <span class=\"screen-reader-text\">Lei 13.438 de 26 de abril: Voc\u00ea conhece?<\/span> Leia mais &raquo;<\/a><\/p>\n","protected":false},"author":2,"featured_media":754,"comment_status":"open","ping_status":"open","sticky":false,"template":"","format":"standard","meta":{"om_disable_all_campaigns":false,"_monsterinsights_skip_tracking":false,"_monsterinsights_sitenote_active":false,"_monsterinsights_sitenote_note":"","_monsterinsights_sitenote_category":0,"site-sidebar-layout":"","site-content-layout":"","ast-main-header-display":"","ast-hfb-above-header-display":"","ast-hfb-below-header-display":"","ast-hfb-mobile-header-display":"","site-post-title":"","ast-breadcrumbs-content":"","ast-featured-img":"","footer-sml-layout":"","theme-transparent-header-meta":"","adv-header-id-meta":"","stick-header-meta":"","header-above-stick-meta":"","header-main-stick-meta":"","header-below-stick-meta":""},"categories":[5],"tags":[],"uagb_featured_image_src":{"full":["https:\/\/quemcuidadocuidador.com.br\/wp-content\/uploads\/2024\/04\/Imagem-do-WhatsApp-de-2024-04-12-as-07.29.56_2999e998.jpg",1600,1200,false],"thumbnail":["https:\/\/quemcuidadocuidador.com.br\/wp-content\/uploads\/2024\/04\/Imagem-do-WhatsApp-de-2024-04-12-as-07.29.56_2999e998-150x150.jpg",150,150,true],"medium":["https:\/\/quemcuidadocuidador.com.br\/wp-content\/uploads\/2024\/04\/Imagem-do-WhatsApp-de-2024-04-12-as-07.29.56_2999e998-300x225.jpg",300,225,true],"medium_large":["https:\/\/quemcuidadocuidador.com.br\/wp-content\/uploads\/2024\/04\/Imagem-do-WhatsApp-de-2024-04-12-as-07.29.56_2999e998-768x576.jpg",768,576,true],"large":["https:\/\/quemcuidadocuidador.com.br\/wp-content\/uploads\/2024\/04\/Imagem-do-WhatsApp-de-2024-04-12-as-07.29.56_2999e998-1024x768.jpg",1024,768,true],"1536x1536":["https:\/\/quemcuidadocuidador.com.br\/wp-content\/uploads\/2024\/04\/Imagem-do-WhatsApp-de-2024-04-12-as-07.29.56_2999e998-1536x1152.jpg",1536,1152,true],"2048x2048":["https:\/\/quemcuidadocuidador.com.br\/wp-content\/uploads\/2024\/04\/Imagem-do-WhatsApp-de-2024-04-12-as-07.29.56_2999e998.jpg",1600,1200,false]},"uagb_author_info":{"display_name":"Cicera A Feitosa","author_link":"https:\/\/quemcuidadocuidador.com.br\/index.php\/author\/cicera\/"},"uagb_comment_info":2,"uagb_excerpt":"Talvez n\u00e3o. Pois no geral optamos por compartilhar coisas engra\u00e7adas, mas esta lei para voc\u00ea que \u00e9 m\u00e3e&nbsp; ou pai de um autista, pode fazer toda a diferen\u00e7a, na hora que voc\u00ea est\u00e1 desesperada, para ter um diagn\u00f3stico de seu filho e orienta\u00e7\u00e3o de qual a melhor maneira de agir para que ele possa receber&hellip;","_links":{"self":[{"href":"https:\/\/quemcuidadocuidador.com.br\/index.php\/wp-json\/wp\/v2\/posts\/753"}],"collection":[{"href":"https:\/\/quemcuidadocuidador.com.br\/index.php\/wp-json\/wp\/v2\/posts"}],"about":[{"href":"https:\/\/quemcuidadocuidador.com.br\/index.php\/wp-json\/wp\/v2\/types\/post"}],"author":[{"embeddable":true,"href":"https:\/\/quemcuidadocuidador.com.br\/index.php\/wp-json\/wp\/v2\/users\/2"}],"replies":[{"embeddable":true,"href":"https:\/\/quemcuidadocuidador.com.br\/index.php\/wp-json\/wp\/v2\/comments?post=753"}],"version-history":[{"count":1,"href":"https:\/\/quemcuidadocuidador.com.br\/index.php\/wp-json\/wp\/v2\/posts\/753\/revisions"}],"predecessor-version":[{"id":755,"href":"https:\/\/quemcuidadocuidador.com.br\/index.php\/wp-json\/wp\/v2\/posts\/753\/revisions\/755"}],"wp:featuredmedia":[{"embeddable":true,"href":"https:\/\/quemcuidadocuidador.com.br\/index.php\/wp-json\/wp\/v2\/media\/754"}],"wp:attachment":[{"href":"https:\/\/quemcuidadocuidador.com.br\/index.php\/wp-json\/wp\/v2\/media?parent=753"}],"wp:term":[{"taxonomy":"category","embeddable":true,"href":"https:\/\/quemcuidadocuidador.com.br\/index.php\/wp-json\/wp\/v2\/categories?post=753"},{"taxonomy":"post_tag","embeddable":true,"href":"https:\/\/quemcuidadocuidador.com.br\/index.php\/wp-json\/wp\/v2\/tags?post=753"}],"curies":[{"name":"wp","href":"https:\/\/api.w.org\/{rel}","templated":true}]}}