{"id":744,"date":"2024-03-30T06:08:46","date_gmt":"2024-03-30T10:08:46","guid":{"rendered":"https:\/\/quemcuidadocuidador.com.br\/?p=744"},"modified":"2024-03-30T06:08:47","modified_gmt":"2024-03-30T10:08:47","slug":"a-sabedoria-de-um-homem","status":"publish","type":"post","link":"https:\/\/quemcuidadocuidador.com.br\/index.php\/2024\/03\/30\/a-sabedoria-de-um-homem\/","title":{"rendered":"A sabedoria de um Homem"},"content":{"rendered":"\n<p>Estamos na Semana Santa, e comecei a assistir uma s\u00e9rie sobre Jesus e seus disc\u00edpulos na Netflix: The Chosen: Os Escolhidos.<\/p>\n\n\n\n<p>Ainda n\u00e3o terminei, mas estou encantada por um dos disc\u00edpulos. E parab\u00e9ns ao diretor do filme, que soube representar com tanta delicadeza, em um dos disc\u00edpulos, uma pessoa at\u00edpica.<\/p>\n\n\n\n<p>N\u00e3o vou dizer o nome do disc\u00edpulo. \u00c0queles que assistirem, procurem perceber nele a dificuldade de conviver com o outro, de compreender as regras sociais, a dificuldade que a pr\u00f3pria fam\u00edlia tem de entender as decis\u00f5es do filho, que v\u00e3o contra os preceitos religiosos da \u00e9poca. Dos outros disc\u00edpulos, de o aceitarem, pois viam em sua pessoa a imagem do inimigo. E sua pr\u00f3pria dificuldade de compreender as met\u00e1foras usadas por Jesus.<\/p>\n\n\n\n<p>Minha esperan\u00e7a, quando voc\u00ea for assistir \u00e0 s\u00e9rie, \u00e9 que voc\u00ea perceba no comportamento do filho do vizinho, ou do seu sobrinho, ou do colega de trabalho diferentes formas de agir, como as do disc\u00edpulo. Portanto lembre-se de sempre usar uma linguagem simples e explicar antes o que quer fazer.<\/p>\n\n\n\n<p>Estou falando desta s\u00e9rie pois penso que seja um bom exemplo, para voc\u00ea compreender a forma diferente de uma pessoa at\u00edpica agir. At\u00e9 porque no decorrer da s\u00e9rie os outros disc\u00edpulos lhe fazem perguntas e, embora ele tenha rea\u00e7\u00f5es adversas e precise de um tempo para organizar as ideias, aos poucos consegue explicar seu ponto de vista.<\/p>\n\n\n\n<p>Estas explica\u00e7\u00f5es s\u00e3o melhores que nossas rea\u00e7\u00f5es de m\u00e3es e pais de autistas, que estamos sempre na defensiva para proteger nossos filhos de uma infinidade de situa\u00e7\u00f5es constrangedoras, que poderiam ser evitadas se todos tiv\u00e9ssemos um pouco mais de sabedoria para aceitar o diferente e respeitar as diferen\u00e7as.<\/p>\n\n\n\n<p>A intoler\u00e2ncia, fez com que um Homem que pensava e agia de forma diferente, fosse crucificado h\u00e1 mais de dois mil anos.<\/p>\n\n\n\n<p>E, na pr\u00f3xima segunda-feira se inicia o m\u00eas de abril. Nele h\u00e1 um dia para se lembrar e conscientizar que atualmente, a cada 35 crian\u00e7as que nascem, uma \u00e9 autista.<\/p>\n\n\n\n<p>Urge que aprendamos a conviver e respeitar o diferente. Pois a composi\u00e7\u00e3o do mundo \u00e9 feita pelo diferente. E percebemos a beleza na natureza, ou nas obras de arte, pelo contraste.<\/p>\n\n\n\n<p>Viva o diferente, viva as diferen\u00e7as.<\/p>\n\n\n\n<p>Viva os autistas, que quebram paradigmas e nos humanizam.<\/p>\n","protected":false},"excerpt":{"rendered":"<p>Estamos na Semana Santa, e comecei a assistir uma s\u00e9rie sobre Jesus e seus disc\u00edpulos na Netflix: The Chosen: Os Escolhidos. Ainda n\u00e3o terminei, mas estou encantada por um dos disc\u00edpulos. E parab\u00e9ns ao diretor do filme, que soube representar com tanta delicadeza, em um dos disc\u00edpulos, uma pessoa at\u00edpica. N\u00e3o vou dizer o nome &hellip;<\/p>\n<p class=\"read-more\"> <a class=\"\" href=\"https:\/\/quemcuidadocuidador.com.br\/index.php\/2024\/03\/30\/a-sabedoria-de-um-homem\/\"> <span class=\"screen-reader-text\">A sabedoria de um Homem<\/span> Leia mais &raquo;<\/a><\/p>\n","protected":false},"author":2,"featured_media":745,"comment_status":"open","ping_status":"open","sticky":false,"template":"","format":"standard","meta":{"om_disable_all_campaigns":false,"_monsterinsights_skip_tracking":false,"_monsterinsights_sitenote_active":false,"_monsterinsights_sitenote_note":"","_monsterinsights_sitenote_category":0,"site-sidebar-layout":"","site-content-layout":"","ast-main-header-display":"","ast-hfb-above-header-display":"","ast-hfb-below-header-display":"","ast-hfb-mobile-header-display":"","site-post-title":"","ast-breadcrumbs-content":"","ast-featured-img":"","footer-sml-layout":"","theme-transparent-header-meta":"","adv-header-id-meta":"","stick-header-meta":"","header-above-stick-meta":"","header-main-stick-meta":"","header-below-stick-meta":""},"categories":[5],"tags":[],"uagb_featured_image_src":{"full":["https:\/\/quemcuidadocuidador.com.br\/wp-content\/uploads\/2024\/03\/cruz-cordao-aitismo.jpg",1210,1600,false],"thumbnail":["https:\/\/quemcuidadocuidador.com.br\/wp-content\/uploads\/2024\/03\/cruz-cordao-aitismo-150x150.jpg",150,150,true],"medium":["https:\/\/quemcuidadocuidador.com.br\/wp-content\/uploads\/2024\/03\/cruz-cordao-aitismo-227x300.jpg",227,300,true],"medium_large":["https:\/\/quemcuidadocuidador.com.br\/wp-content\/uploads\/2024\/03\/cruz-cordao-aitismo-768x1016.jpg",768,1016,true],"large":["https:\/\/quemcuidadocuidador.com.br\/wp-content\/uploads\/2024\/03\/cruz-cordao-aitismo-774x1024.jpg",774,1024,true],"1536x1536":["https:\/\/quemcuidadocuidador.com.br\/wp-content\/uploads\/2024\/03\/cruz-cordao-aitismo-1162x1536.jpg",1162,1536,true],"2048x2048":["https:\/\/quemcuidadocuidador.com.br\/wp-content\/uploads\/2024\/03\/cruz-cordao-aitismo.jpg",1210,1600,false]},"uagb_author_info":{"display_name":"Cicera A Feitosa","author_link":"https:\/\/quemcuidadocuidador.com.br\/index.php\/author\/cicera\/"},"uagb_comment_info":6,"uagb_excerpt":"Estamos na Semana Santa, e comecei a assistir uma s\u00e9rie sobre Jesus e seus disc\u00edpulos na Netflix: The Chosen: Os Escolhidos. Ainda n\u00e3o terminei, mas estou encantada por um dos disc\u00edpulos. E parab\u00e9ns ao diretor do filme, que soube representar com tanta delicadeza, em um dos disc\u00edpulos, uma pessoa at\u00edpica. N\u00e3o vou dizer o nome&hellip;","_links":{"self":[{"href":"https:\/\/quemcuidadocuidador.com.br\/index.php\/wp-json\/wp\/v2\/posts\/744"}],"collection":[{"href":"https:\/\/quemcuidadocuidador.com.br\/index.php\/wp-json\/wp\/v2\/posts"}],"about":[{"href":"https:\/\/quemcuidadocuidador.com.br\/index.php\/wp-json\/wp\/v2\/types\/post"}],"author":[{"embeddable":true,"href":"https:\/\/quemcuidadocuidador.com.br\/index.php\/wp-json\/wp\/v2\/users\/2"}],"replies":[{"embeddable":true,"href":"https:\/\/quemcuidadocuidador.com.br\/index.php\/wp-json\/wp\/v2\/comments?post=744"}],"version-history":[{"count":1,"href":"https:\/\/quemcuidadocuidador.com.br\/index.php\/wp-json\/wp\/v2\/posts\/744\/revisions"}],"predecessor-version":[{"id":746,"href":"https:\/\/quemcuidadocuidador.com.br\/index.php\/wp-json\/wp\/v2\/posts\/744\/revisions\/746"}],"wp:featuredmedia":[{"embeddable":true,"href":"https:\/\/quemcuidadocuidador.com.br\/index.php\/wp-json\/wp\/v2\/media\/745"}],"wp:attachment":[{"href":"https:\/\/quemcuidadocuidador.com.br\/index.php\/wp-json\/wp\/v2\/media?parent=744"}],"wp:term":[{"taxonomy":"category","embeddable":true,"href":"https:\/\/quemcuidadocuidador.com.br\/index.php\/wp-json\/wp\/v2\/categories?post=744"},{"taxonomy":"post_tag","embeddable":true,"href":"https:\/\/quemcuidadocuidador.com.br\/index.php\/wp-json\/wp\/v2\/tags?post=744"}],"curies":[{"name":"wp","href":"https:\/\/api.w.org\/{rel}","templated":true}]}}