{"id":740,"date":"2024-03-23T06:41:12","date_gmt":"2024-03-23T10:41:12","guid":{"rendered":"https:\/\/quemcuidadocuidador.com.br\/?p=740"},"modified":"2024-03-23T06:41:13","modified_gmt":"2024-03-23T10:41:13","slug":"a-fe-transforma-grandes-obstaculos-em-pequenos-desafios","status":"publish","type":"post","link":"https:\/\/quemcuidadocuidador.com.br\/index.php\/2024\/03\/23\/a-fe-transforma-grandes-obstaculos-em-pequenos-desafios\/","title":{"rendered":"A f\u00e9 transforma grandes obst\u00e1culos em pequenos desafios"},"content":{"rendered":"\n<p>Quem o viu l\u00e1 pela primeira vez deve ter pensado que era mais um peregrino: camiseta de S\u00e3o Jos\u00e9, uma faixa verde refletiva, com uma caneca pendurada e um cajado. S\u00f3 que n\u00e3o.<\/p>\n\n\n\n<p>Ano passado, ao saber da Peregrina\u00e7\u00e3o de S\u00e3o Jos\u00e9 Oper\u00e1rio, em Lambari D\u2019Oeste, Pedro ficou super afim de caminhar e eu disse n\u00e3o! Na minha mente limitada, acreditava que ele n\u00e3o daria conta do percurso. Este ano ele foi bem mais persistente e Kelem, madrinha dele, sugeriu que eu poderia ir de carro atr\u00e1s e se ele n\u00e3o desse conta, ela o entregaria para mim.<\/p>\n\n\n\n<p>Mesmo eu n\u00e3o confirmando, ela o inscreveu na Peregrina\u00e7\u00e3o e providenciou os acess\u00f3rios. Mas minha irm\u00e3 n\u00e3o estava l\u00e1, minha outra irm\u00e3 n\u00e3o podia ficar com o pai. E 14 quil\u00f4metros, equivalentes a seis horas de caminhada, era muito tempo para meu pai ficar dentro do carro, por outro lado no caminho o celular n\u00e3o funcionava. Como eu poderia ficar em casa por seis horas sem saber se ele estava bem ou n\u00e3o?<\/p>\n\n\n\n<p>Ent\u00e3o coloquei meu pai no carro e acompanhei toda a peregrina\u00e7\u00e3o, numa velocidade que n\u00e3o gosto de dirigir, meu pai brigou, xingou e reclamou o tempo inteiro. N\u00e3o dormiu, pois as duas vezes que tentei lhe dar o rem\u00e9dio de dormir, ele jogou fora.<\/p>\n\n\n\n<p>Sabia que Pedro estava muito bem cuidado, pois al\u00e9m de Kelem ainda levei Benice, que tamb\u00e9m se aventurou na caminhada. Claro que n\u00e3o contei pra ela que se caso n\u00e3o conseguisse manter o pai no carro ela teria que acompanh\u00e1-lo. Esse era meu plano B. Mas nem o mencionei, pois percebi que n\u00e3o daria conta de ficar em casa.<\/p>\n\n\n\n<p>Outro fator que contribuiu \u00e9 que atualmente ele participa do projeto Paral\u00edmpico vinculado a UNEMAT e na oportunidade perguntei ao professor Emanoel se ele teria condi\u00e7\u00f5es de fazer a caminhada e a resposta foi: \u2018Ele tem condi\u00e7\u00f5es f\u00edsicas sim, vai depender da motiva\u00e7\u00e3o,\u2019<\/p>\n\n\n\n<p>Nas paradas de descanso: \u2018Pedro, voc\u00ea est\u00e1 bem? Quer ir para o carro?\u2019<\/p>\n\n\n\n<p>Para a primeira pergunta, a resposta era SIM e para a segunda, era N\u00c3O.<\/p>\n\n\n\n<p>No final passei na frente dos peregrinos e deixei meu pai e Benice no carro.&nbsp; Para filmar os peregrinos e caminhar os \u00faltimos metros ao lado do meu filho.<\/p>\n\n\n\n<p>Ele estava cansado, com olheiras e seu corpo com um leve tremor pelo esfor\u00e7o feito. Mas sua alegria por ter conseguido era expansiva. Desejei poder medir sua aura naquele instante.<\/p>\n\n\n\n<p>Hora de voltar, meu pai exausto e Pedro pronto para assistir \u00e0 missa. O que era muito justo. Ent\u00e3o lhe dei o medicamento da manh\u00e3 e o deixei com Kelem para voltar no \u00f4nibus.<\/p>\n\n\n\n<p>Quando ela o entregou, pediu que conferisse seus p\u00e9s. Fiz isso com um aperto no peito, imaginando os calos estourados e bolhas gigantes por todo o seu p\u00e9. Pasmem, n\u00e3o encontrei nenhum.<\/p>\n\n\n\n<p>Come\u00e7o a compreender o tamanho da f\u00e9 de Pedro. Em casa antes de sair, o peguei em uma conversa com S\u00e3o Jos\u00e9, para ajud\u00e1-lo a fazer a Peregrina\u00e7\u00e3o.<\/p>\n\n\n\n<p>Se meu filho tivesse me ouvido na primeira parada, teria ido para o carro. Ele teve for\u00e7a de vontade e f\u00e9 inabal\u00e1vel de que conseguiria.<\/p>\n\n\n\n<p>Caro leitor, \u00e9 poss\u00edvel que voc\u00ea diga, mas isso \u00e9 o que todos n\u00f3s devemos ter quando decidimos fazer alguma coisa. Concordo. Mas, nem sempre temos. E Pedro Peregrino, \u00e9 um vencedor. Pois pisa com o p\u00e9 direito virado para fora, tem a t\u00edbia torta, desvio na coluna, S\u00edndrome Doose e Autismo.<\/p>\n\n\n\n<p>Durante a peregrina\u00e7\u00e3o poderia ter ca\u00eddo com muita facilidade, ou ter desmaiado. Caminhar os 14 quil\u00f4metros foi um ato de supera\u00e7\u00e3o, ou um milagre.<\/p>\n\n\n\n<p>E, se o c\u00e9u \u00e9 o limite, que as estrelas iluminem o seu caminho e, que sua f\u00e9 em Deus possa transformar os grandes obst\u00e1culos em pequenos desafios.<\/p>\n\n\n\n<p>Kelem, gratid\u00e3o por nossa amizade. Voc\u00ea presenteou Pedro, com presen\u00e7a e cuidado. N\u00e3o quantific\u00e1veis em valor monet\u00e1rio.<\/p>\n\n\n\n<p>Padre Diego Henrique, P\u00e1roco da Par\u00f3quia S\u00e3o Jos\u00e9 Oper\u00e1rio de Lambari d\u2019Oeste &#8211; MT, obrigada por ter criado a Peregrina\u00e7\u00e3o de S\u00e3o Jos\u00e9. Ela possibilitou ao meu filho, autoconfian\u00e7a, determina\u00e7\u00e3o e novos sonhos.<\/p>\n\n\n\n<p>Motiva\u00e7\u00e3o e f\u00e9 para caminhar n\u00e3o faltaram. E&#8230;<\/p>\n\n\n\n<p>&nbsp;Viva S\u00e3o Jos\u00e9!<\/p>\n","protected":false},"excerpt":{"rendered":"<p>Quem o viu l\u00e1 pela primeira vez deve ter pensado que era mais um peregrino: camiseta de S\u00e3o Jos\u00e9, uma faixa verde refletiva, com uma caneca pendurada e um cajado. S\u00f3 que n\u00e3o. Ano passado, ao saber da Peregrina\u00e7\u00e3o de S\u00e3o Jos\u00e9 Oper\u00e1rio, em Lambari D\u2019Oeste, Pedro ficou super afim de caminhar e eu disse &hellip;<\/p>\n<p class=\"read-more\"> <a class=\"\" href=\"https:\/\/quemcuidadocuidador.com.br\/index.php\/2024\/03\/23\/a-fe-transforma-grandes-obstaculos-em-pequenos-desafios\/\"> <span class=\"screen-reader-text\">A f\u00e9 transforma grandes obst\u00e1culos em pequenos desafios<\/span> Leia mais &raquo;<\/a><\/p>\n","protected":false},"author":2,"featured_media":741,"comment_status":"open","ping_status":"open","sticky":false,"template":"","format":"standard","meta":{"om_disable_all_campaigns":false,"_monsterinsights_skip_tracking":false,"_monsterinsights_sitenote_active":false,"_monsterinsights_sitenote_note":"","_monsterinsights_sitenote_category":0,"site-sidebar-layout":"","site-content-layout":"","ast-main-header-display":"","ast-hfb-above-header-display":"","ast-hfb-below-header-display":"","ast-hfb-mobile-header-display":"","site-post-title":"","ast-breadcrumbs-content":"","ast-featured-img":"","footer-sml-layout":"","theme-transparent-header-meta":"","adv-header-id-meta":"","stick-header-meta":"","header-above-stick-meta":"","header-main-stick-meta":"","header-below-stick-meta":""},"categories":[5],"tags":[],"uagb_featured_image_src":{"full":["https:\/\/quemcuidadocuidador.com.br\/wp-content\/uploads\/2024\/03\/Imagem-do-WhatsApp-de-2024-03-17-as-12.26.29_7afe70a5.jpg",899,826,false],"thumbnail":["https:\/\/quemcuidadocuidador.com.br\/wp-content\/uploads\/2024\/03\/Imagem-do-WhatsApp-de-2024-03-17-as-12.26.29_7afe70a5-150x150.jpg",150,150,true],"medium":["https:\/\/quemcuidadocuidador.com.br\/wp-content\/uploads\/2024\/03\/Imagem-do-WhatsApp-de-2024-03-17-as-12.26.29_7afe70a5-300x276.jpg",300,276,true],"medium_large":["https:\/\/quemcuidadocuidador.com.br\/wp-content\/uploads\/2024\/03\/Imagem-do-WhatsApp-de-2024-03-17-as-12.26.29_7afe70a5-768x706.jpg",768,706,true],"large":["https:\/\/quemcuidadocuidador.com.br\/wp-content\/uploads\/2024\/03\/Imagem-do-WhatsApp-de-2024-03-17-as-12.26.29_7afe70a5.jpg",899,826,false],"1536x1536":["https:\/\/quemcuidadocuidador.com.br\/wp-content\/uploads\/2024\/03\/Imagem-do-WhatsApp-de-2024-03-17-as-12.26.29_7afe70a5.jpg",899,826,false],"2048x2048":["https:\/\/quemcuidadocuidador.com.br\/wp-content\/uploads\/2024\/03\/Imagem-do-WhatsApp-de-2024-03-17-as-12.26.29_7afe70a5.jpg",899,826,false]},"uagb_author_info":{"display_name":"Cicera A Feitosa","author_link":"https:\/\/quemcuidadocuidador.com.br\/index.php\/author\/cicera\/"},"uagb_comment_info":10,"uagb_excerpt":"Quem o viu l\u00e1 pela primeira vez deve ter pensado que era mais um peregrino: camiseta de S\u00e3o Jos\u00e9, uma faixa verde refletiva, com uma caneca pendurada e um cajado. S\u00f3 que n\u00e3o. Ano passado, ao saber da Peregrina\u00e7\u00e3o de S\u00e3o Jos\u00e9 Oper\u00e1rio, em Lambari D\u2019Oeste, Pedro ficou super afim de caminhar e eu disse&hellip;","_links":{"self":[{"href":"https:\/\/quemcuidadocuidador.com.br\/index.php\/wp-json\/wp\/v2\/posts\/740"}],"collection":[{"href":"https:\/\/quemcuidadocuidador.com.br\/index.php\/wp-json\/wp\/v2\/posts"}],"about":[{"href":"https:\/\/quemcuidadocuidador.com.br\/index.php\/wp-json\/wp\/v2\/types\/post"}],"author":[{"embeddable":true,"href":"https:\/\/quemcuidadocuidador.com.br\/index.php\/wp-json\/wp\/v2\/users\/2"}],"replies":[{"embeddable":true,"href":"https:\/\/quemcuidadocuidador.com.br\/index.php\/wp-json\/wp\/v2\/comments?post=740"}],"version-history":[{"count":1,"href":"https:\/\/quemcuidadocuidador.com.br\/index.php\/wp-json\/wp\/v2\/posts\/740\/revisions"}],"predecessor-version":[{"id":742,"href":"https:\/\/quemcuidadocuidador.com.br\/index.php\/wp-json\/wp\/v2\/posts\/740\/revisions\/742"}],"wp:featuredmedia":[{"embeddable":true,"href":"https:\/\/quemcuidadocuidador.com.br\/index.php\/wp-json\/wp\/v2\/media\/741"}],"wp:attachment":[{"href":"https:\/\/quemcuidadocuidador.com.br\/index.php\/wp-json\/wp\/v2\/media?parent=740"}],"wp:term":[{"taxonomy":"category","embeddable":true,"href":"https:\/\/quemcuidadocuidador.com.br\/index.php\/wp-json\/wp\/v2\/categories?post=740"},{"taxonomy":"post_tag","embeddable":true,"href":"https:\/\/quemcuidadocuidador.com.br\/index.php\/wp-json\/wp\/v2\/tags?post=740"}],"curies":[{"name":"wp","href":"https:\/\/api.w.org\/{rel}","templated":true}]}}