{"id":734,"date":"2024-03-16T06:00:45","date_gmt":"2024-03-16T10:00:45","guid":{"rendered":"https:\/\/quemcuidadocuidador.com.br\/?p=734"},"modified":"2024-03-16T07:05:39","modified_gmt":"2024-03-16T11:05:39","slug":"e-possivel-tocar-as-estrelas","status":"publish","type":"post","link":"https:\/\/quemcuidadocuidador.com.br\/index.php\/2024\/03\/16\/e-possivel-tocar-as-estrelas\/","title":{"rendered":"\u00c9 poss\u00edvel tocar as estrelas?"},"content":{"rendered":"\n<p>Assim como eu, voc\u00ea pode ser um cuidador chave. Aquela pessoa que tomou para si a responsabilidade de cuidar de algu\u00e9m da fam\u00edlia. E os anos foram passando e passando e, como o arqu\u00e9tipo do cuidador ficou ainda mais refinado, voc\u00ea foi cuidando da pessoa que precisava de cuidados e de todas as pessoas \u00e0 sua volta.<\/p>\n\n\n\n<p>Em quantas festas ou reuni\u00f5es familiares voc\u00ea deixou de ir porque estava cuidando. At\u00e9 chegar um momento, em que os outros deixam de insistir e cobrar a nossa presen\u00e7a.\u00a0 E quando nos damos conta, mesmo no c\u00edrculo de amizades somos substitu\u00eddos. Afinal, a rela\u00e7\u00e3o de amizade tamb\u00e9m precisa ser cuidada.<\/p>\n\n\n\n<p>Minha an\u00e1lise vai al\u00e9m do desabafo, pois a experi\u00eancia de cuidar dos meus pais, de uma certa forma me capacitou para cuidar de meu filho, com compaix\u00e3o, respeito e amorosidade.<\/p>\n\n\n\n<p>Tive muito ajuda durante esses quase trinta anos. At\u00e9 porque ningu\u00e9m consegue cuidar sozinho, por tanto tempo, sem ajuda e sem cuidar um pouco de si.<\/p>\n\n\n\n<p>Por outro lado, no momento atual \u00e9 como se eu estivesse a brincar de cabo de guerra, com o agravante que, de um lado est\u00e1 meu pai que a cada dia precisa de mais cuidados, pois sua depend\u00eancia \u00e9 quase total, e do outro, est\u00e1 meu filho que tamb\u00e9m precisa de cuidados e fisioterapias para melhorar sua qualidade de vida. E cada vez que pendo para um lado, o outro \u00e9 prejudicado.<\/p>\n\n\n\n<p>Tenho consci\u00eancia que a maior perda \u00e9 do meu filho, pois ele perde o conv\u00edvio social e, qualquer um que tenha um filho no espectro autista sabe que sua casa n\u00e3o vive cheia de amigos deles, e nem aparece convites de colegas para festas e baladas.<\/p>\n\n\n\n<p>Al\u00e9m disso, ap\u00f3s meio s\u00e9culo de vida, tamb\u00e9m preciso me cuidar. Com o intuito de manter minha sa\u00fade f\u00edsica, mental, social e espiritual, pois o cuidar constante pode te transformar num ser humano cansativo.<\/p>\n\n\n\n<p>Afinal se voc\u00ea vive cuidando, deixa de sair com os amigos e viver experi\u00eancias interessantes, para de viajar e estudar, a\u00e7\u00f5es que te trazem novos conhecimentos e novas hist\u00f3rias. O outro s\u00f3 ir\u00e1 parar para nos ouvir, quando a hist\u00f3ria for boa e traz o sentimento de expectativa e alegria.<\/p>\n\n\n\n<p>A experi\u00eancia me diz que j\u00e1 estou um pouco chata, pois quando n\u00e3o estou cuidando deles estou a participar de reuni\u00f5es e confer\u00eancias, visando a melhoria da qualidade de vida, ora da pessoa com defici\u00eancia, ora da pessoa idosa.<\/p>\n\n\n\n<p>Estou precisando viajar para conhecer as pir\u00e2mides do Egito, voltar \u00e0 It\u00e1lia, para mais uma vez visitar as obras de arte, ir para o Jap\u00e3o e passear pelos campos de cerejeiras, ver a aurora boreal, ir para \u00cdndia e fazer um retiro espiritual ou ir para a Esc\u00f3cia e, como diz meu amigo James, ter a sensa\u00e7\u00e3o de que numa noite de inverno \u00e9 poss\u00edvel tocar as estrelas.<\/p>\n\n\n\n<p>Entretanto j\u00e1 ficaria bem feliz se de vez em quando pudesse ver o p\u00f4r do sol no Daveron, \u00e0s margens do rio Paraguai ou, na ter\u00e7a-feira \u00e0 noite, ir na pra\u00e7a Cavalhada e tomar uma cerveja com as amigas e talvez fazer aulas de Piano com a Madalena.<\/p>\n\n\n\n<p>Acordei de madrugada e a pergunta \u00e9: Como levar meu filho e meu pai amanh\u00e3 para participar da 2\u00aa Peregrina\u00e7\u00e3o de S\u00e3o Jos\u00e9, em Lambari D\u2019Oeste, que fica h\u00e1 apenas 90 quil\u00f4metros de minha casa?<\/p>\n\n\n\n<p>Como minha irm\u00e3 Maria do Carmo est\u00e1 viajando, pois foi curtir o anivers\u00e1rio da neta J\u00falia e os sorrisos e abra\u00e7os do neto T\u00e9o, n\u00e3o tenho com quem deixar meu pai e n\u00e3o posso participar da Peregrina\u00e7\u00e3o empurrando uma cadeira de rodas. Seria a melhor solu\u00e7\u00e3o. Tenho certeza que encontraria pessoas que me ajudariam a empurrar a cadeira, afinal no caminho h\u00e1 duas belas subidas, mas h\u00e1 tamb\u00e9m um trecho grande, de aproximadamente seis quil\u00f4metros sem asfalto, o que inviabilizaria a cadeira.<\/p>\n\n\n\n<p>Preciso ir de carro acompanhando a prociss\u00e3o, pois meu filho pode n\u00e3o dar conta da caminhada e tenho que levar meu pai junto, pois como seu humor oscila muito, torna-se invi\u00e1vel deixa-lo com outra pessoa.&nbsp; Afinal conviver com uma pessoa agressiva n\u00e3o \u00e9 f\u00e1cil. Mesmo sendo o nosso pai.<\/p>\n\n\n\n<p>Pedro est\u00e1 h\u00e1 um ano sonhando com essa prociss\u00e3o. Mas al\u00e9m de toda essa log\u00edstica, tamb\u00e9m \u00e9 necess\u00e1rio ter algu\u00e9m para cuidar dele, durante a Peregrina\u00e7\u00e3o.<\/p>\n\n\n\n<p>Nessa situa\u00e7\u00e3o fica dif\u00edcil tocar as estrelas, mas espero que meu filho sinta-se carregado por elas&#8230;<\/p>\n","protected":false},"excerpt":{"rendered":"<p>Assim como eu, voc\u00ea pode ser um cuidador chave. Aquela pessoa que tomou para si a responsabilidade de cuidar de algu\u00e9m da fam\u00edlia. E os anos foram passando e passando e, como o arqu\u00e9tipo do cuidador ficou ainda mais refinado, voc\u00ea foi cuidando da pessoa que precisava de cuidados e de todas as pessoas \u00e0 &hellip;<\/p>\n<p class=\"read-more\"> <a class=\"\" href=\"https:\/\/quemcuidadocuidador.com.br\/index.php\/2024\/03\/16\/e-possivel-tocar-as-estrelas\/\"> <span class=\"screen-reader-text\">\u00c9 poss\u00edvel tocar as estrelas?<\/span> Leia mais &raquo;<\/a><\/p>\n","protected":false},"author":2,"featured_media":735,"comment_status":"open","ping_status":"open","sticky":false,"template":"","format":"standard","meta":{"om_disable_all_campaigns":false,"_monsterinsights_skip_tracking":false,"_monsterinsights_sitenote_active":false,"_monsterinsights_sitenote_note":"","_monsterinsights_sitenote_category":0,"site-sidebar-layout":"","site-content-layout":"","ast-main-header-display":"","ast-hfb-above-header-display":"","ast-hfb-below-header-display":"","ast-hfb-mobile-header-display":"","site-post-title":"","ast-breadcrumbs-content":"","ast-featured-img":"","footer-sml-layout":"","theme-transparent-header-meta":"","adv-header-id-meta":"","stick-header-meta":"","header-above-stick-meta":"","header-main-stick-meta":"","header-below-stick-meta":""},"categories":[5],"tags":[],"uagb_featured_image_src":{"full":["https:\/\/quemcuidadocuidador.com.br\/wp-content\/uploads\/2024\/03\/Imagem-do-WhatsApp-de-2024-03-16-as-05.21.12_68c7d8da.jpg",1067,1600,false],"thumbnail":["https:\/\/quemcuidadocuidador.com.br\/wp-content\/uploads\/2024\/03\/Imagem-do-WhatsApp-de-2024-03-16-as-05.21.12_68c7d8da-150x150.jpg",150,150,true],"medium":["https:\/\/quemcuidadocuidador.com.br\/wp-content\/uploads\/2024\/03\/Imagem-do-WhatsApp-de-2024-03-16-as-05.21.12_68c7d8da-200x300.jpg",200,300,true],"medium_large":["https:\/\/quemcuidadocuidador.com.br\/wp-content\/uploads\/2024\/03\/Imagem-do-WhatsApp-de-2024-03-16-as-05.21.12_68c7d8da-768x1152.jpg",768,1152,true],"large":["https:\/\/quemcuidadocuidador.com.br\/wp-content\/uploads\/2024\/03\/Imagem-do-WhatsApp-de-2024-03-16-as-05.21.12_68c7d8da-683x1024.jpg",683,1024,true],"1536x1536":["https:\/\/quemcuidadocuidador.com.br\/wp-content\/uploads\/2024\/03\/Imagem-do-WhatsApp-de-2024-03-16-as-05.21.12_68c7d8da-1024x1536.jpg",1024,1536,true],"2048x2048":["https:\/\/quemcuidadocuidador.com.br\/wp-content\/uploads\/2024\/03\/Imagem-do-WhatsApp-de-2024-03-16-as-05.21.12_68c7d8da.jpg",1067,1600,false]},"uagb_author_info":{"display_name":"Cicera A Feitosa","author_link":"https:\/\/quemcuidadocuidador.com.br\/index.php\/author\/cicera\/"},"uagb_comment_info":8,"uagb_excerpt":"Assim como eu, voc\u00ea pode ser um cuidador chave. Aquela pessoa que tomou para si a responsabilidade de cuidar de algu\u00e9m da fam\u00edlia. E os anos foram passando e passando e, como o arqu\u00e9tipo do cuidador ficou ainda mais refinado, voc\u00ea foi cuidando da pessoa que precisava de cuidados e de todas as pessoas \u00e0&hellip;","_links":{"self":[{"href":"https:\/\/quemcuidadocuidador.com.br\/index.php\/wp-json\/wp\/v2\/posts\/734"}],"collection":[{"href":"https:\/\/quemcuidadocuidador.com.br\/index.php\/wp-json\/wp\/v2\/posts"}],"about":[{"href":"https:\/\/quemcuidadocuidador.com.br\/index.php\/wp-json\/wp\/v2\/types\/post"}],"author":[{"embeddable":true,"href":"https:\/\/quemcuidadocuidador.com.br\/index.php\/wp-json\/wp\/v2\/users\/2"}],"replies":[{"embeddable":true,"href":"https:\/\/quemcuidadocuidador.com.br\/index.php\/wp-json\/wp\/v2\/comments?post=734"}],"version-history":[{"count":2,"href":"https:\/\/quemcuidadocuidador.com.br\/index.php\/wp-json\/wp\/v2\/posts\/734\/revisions"}],"predecessor-version":[{"id":738,"href":"https:\/\/quemcuidadocuidador.com.br\/index.php\/wp-json\/wp\/v2\/posts\/734\/revisions\/738"}],"wp:featuredmedia":[{"embeddable":true,"href":"https:\/\/quemcuidadocuidador.com.br\/index.php\/wp-json\/wp\/v2\/media\/735"}],"wp:attachment":[{"href":"https:\/\/quemcuidadocuidador.com.br\/index.php\/wp-json\/wp\/v2\/media?parent=734"}],"wp:term":[{"taxonomy":"category","embeddable":true,"href":"https:\/\/quemcuidadocuidador.com.br\/index.php\/wp-json\/wp\/v2\/categories?post=734"},{"taxonomy":"post_tag","embeddable":true,"href":"https:\/\/quemcuidadocuidador.com.br\/index.php\/wp-json\/wp\/v2\/tags?post=734"}],"curies":[{"name":"wp","href":"https:\/\/api.w.org\/{rel}","templated":true}]}}