{"id":730,"date":"2024-03-09T05:35:56","date_gmt":"2024-03-09T09:35:56","guid":{"rendered":"https:\/\/quemcuidadocuidador.com.br\/?p=730"},"modified":"2024-03-09T05:35:57","modified_gmt":"2024-03-09T09:35:57","slug":"o-afago-em-seu-braco","status":"publish","type":"post","link":"https:\/\/quemcuidadocuidador.com.br\/index.php\/2024\/03\/09\/o-afago-em-seu-braco\/","title":{"rendered":"O afago em seu bra\u00e7o"},"content":{"rendered":"\n<p>Cuidar<\/p>\n\n\n\n<p>cuidar da dor<\/p>\n\n\n\n<p>dar amor<\/p>\n\n\n\n<p>aliviar a dor<\/p>\n\n\n\n<p>cuidar da flor<\/p>\n\n\n\n<p>oferecer calor.<\/p>\n\n\n\n<p>Cuidar<\/p>\n\n\n\n<p>aconchegar<\/p>\n\n\n\n<p>agasalhar ossos<\/p>\n\n\n\n<p>aparar arestas<\/p>\n\n\n\n<p>amparar corpos<\/p>\n\n\n\n<p>fazer festas.<\/p>\n\n\n\n<p>Cuidar<\/p>\n\n\n\n<p>ser zeloso<\/p>\n\n\n\n<p>observador<\/p>\n\n\n\n<p>prever a sede<\/p>\n\n\n\n<p>pressentir a fome<\/p>\n\n\n\n<p>sentir o molhado.<\/p>\n\n\n\n<p>Cuidar<\/p>\n\n\n\n<p>trocar roupas<\/p>\n\n\n\n<p>alvejar len\u00e7\u00f3is<\/p>\n\n\n\n<p>espalhar cheiro<\/p>\n\n\n\n<p>eliminar obst\u00e1culos<\/p>\n\n\n\n<p>criar passarelas<\/p>\n\n\n\n<p>estar, aqui e l\u00e1.<\/p>\n\n\n\n<p>Cuidar \u00e9<\/p>\n\n\n\n<p>&nbsp;escutar e<\/p>\n\n\n\n<p>interpretar os<\/p>\n\n\n\n<p>mil e um significados<\/p>\n\n\n\n<p>de a\u00ed!<\/p>\n\n\n\n<p>Que o Aur\u00e9lio<\/p>\n\n\n\n<p>n\u00e3o conhecia.<\/p>\n\n\n\n<p>Cuidar \u00e9<\/p>\n\n\n\n<p>na hora da cena<\/p>\n\n\n\n<p>chorar.<\/p>\n\n\n\n<p>Depois,<\/p>\n\n\n\n<p>ao distanciar-se do fato<\/p>\n\n\n\n<p>ao contar<\/p>\n\n\n\n<p>gargalhar.<\/p>\n\n\n\n<p>Cuidar \u00e9<\/p>\n\n\n\n<p>aprender ler<\/p>\n\n\n\n<p>o n\u00e3o dito,<\/p>\n\n\n\n<p>&nbsp;o que ficou nas entrelinhas,<\/p>\n\n\n\n<p>O que saltou dos olhos.<\/p>\n\n\n\n<p>O afago em seu bra\u00e7o.<\/p>\n\n\n\n<p>Talvez possa ser<\/p>\n\n\n\n<p>\u2018saudades, bom te ver!\u2019<\/p>\n\n\n\n<p>S\u00f3 cuidando,<\/p>\n\n\n\n<p>voc\u00ea vai saber&#8230;<\/p>\n\n\n\n<p>E, se cuide,<\/p>\n\n\n\n<p>com Alegria.<\/p>\n\n\n\n<p>Cuidador! A vida acontece agora.<\/p>\n","protected":false},"excerpt":{"rendered":"<p>Cuidar cuidar da dor dar amor aliviar a dor cuidar da flor oferecer calor. Cuidar aconchegar agasalhar ossos aparar arestas amparar corpos fazer festas. Cuidar ser zeloso observador prever a sede pressentir a fome sentir o molhado. Cuidar trocar roupas alvejar len\u00e7\u00f3is espalhar cheiro eliminar obst\u00e1culos criar passarelas estar, aqui e l\u00e1. Cuidar \u00e9 &nbsp;escutar &hellip;<\/p>\n<p class=\"read-more\"> <a class=\"\" href=\"https:\/\/quemcuidadocuidador.com.br\/index.php\/2024\/03\/09\/o-afago-em-seu-braco\/\"> <span class=\"screen-reader-text\">O afago em seu bra\u00e7o<\/span> Leia mais &raquo;<\/a><\/p>\n","protected":false},"author":2,"featured_media":731,"comment_status":"open","ping_status":"open","sticky":false,"template":"","format":"standard","meta":{"om_disable_all_campaigns":false,"_monsterinsights_skip_tracking":false,"_monsterinsights_sitenote_active":false,"_monsterinsights_sitenote_note":"","_monsterinsights_sitenote_category":0,"site-sidebar-layout":"","site-content-layout":"","ast-main-header-display":"","ast-hfb-above-header-display":"","ast-hfb-below-header-display":"","ast-hfb-mobile-header-display":"","site-post-title":"","ast-breadcrumbs-content":"","ast-featured-img":"","footer-sml-layout":"","theme-transparent-header-meta":"","adv-header-id-meta":"","stick-header-meta":"","header-above-stick-meta":"","header-main-stick-meta":"","header-below-stick-meta":""},"categories":[5],"tags":[],"uagb_featured_image_src":{"full":["https:\/\/quemcuidadocuidador.com.br\/wp-content\/uploads\/2024\/03\/Julia-e-Teo.jpeg",730,1354,false],"thumbnail":["https:\/\/quemcuidadocuidador.com.br\/wp-content\/uploads\/2024\/03\/Julia-e-Teo-150x150.jpeg",150,150,true],"medium":["https:\/\/quemcuidadocuidador.com.br\/wp-content\/uploads\/2024\/03\/Julia-e-Teo-162x300.jpeg",162,300,true],"medium_large":["https:\/\/quemcuidadocuidador.com.br\/wp-content\/uploads\/2024\/03\/Julia-e-Teo.jpeg",730,1354,false],"large":["https:\/\/quemcuidadocuidador.com.br\/wp-content\/uploads\/2024\/03\/Julia-e-Teo-552x1024.jpeg",552,1024,true],"1536x1536":["https:\/\/quemcuidadocuidador.com.br\/wp-content\/uploads\/2024\/03\/Julia-e-Teo.jpeg",730,1354,false],"2048x2048":["https:\/\/quemcuidadocuidador.com.br\/wp-content\/uploads\/2024\/03\/Julia-e-Teo.jpeg",730,1354,false]},"uagb_author_info":{"display_name":"Cicera A Feitosa","author_link":"https:\/\/quemcuidadocuidador.com.br\/index.php\/author\/cicera\/"},"uagb_comment_info":5,"uagb_excerpt":"Cuidar cuidar da dor dar amor aliviar a dor cuidar da flor oferecer calor. Cuidar aconchegar agasalhar ossos aparar arestas amparar corpos fazer festas. Cuidar ser zeloso observador prever a sede pressentir a fome sentir o molhado. Cuidar trocar roupas alvejar len\u00e7\u00f3is espalhar cheiro eliminar obst\u00e1culos criar passarelas estar, aqui e l\u00e1. Cuidar \u00e9 &nbsp;escutar&hellip;","_links":{"self":[{"href":"https:\/\/quemcuidadocuidador.com.br\/index.php\/wp-json\/wp\/v2\/posts\/730"}],"collection":[{"href":"https:\/\/quemcuidadocuidador.com.br\/index.php\/wp-json\/wp\/v2\/posts"}],"about":[{"href":"https:\/\/quemcuidadocuidador.com.br\/index.php\/wp-json\/wp\/v2\/types\/post"}],"author":[{"embeddable":true,"href":"https:\/\/quemcuidadocuidador.com.br\/index.php\/wp-json\/wp\/v2\/users\/2"}],"replies":[{"embeddable":true,"href":"https:\/\/quemcuidadocuidador.com.br\/index.php\/wp-json\/wp\/v2\/comments?post=730"}],"version-history":[{"count":1,"href":"https:\/\/quemcuidadocuidador.com.br\/index.php\/wp-json\/wp\/v2\/posts\/730\/revisions"}],"predecessor-version":[{"id":732,"href":"https:\/\/quemcuidadocuidador.com.br\/index.php\/wp-json\/wp\/v2\/posts\/730\/revisions\/732"}],"wp:featuredmedia":[{"embeddable":true,"href":"https:\/\/quemcuidadocuidador.com.br\/index.php\/wp-json\/wp\/v2\/media\/731"}],"wp:attachment":[{"href":"https:\/\/quemcuidadocuidador.com.br\/index.php\/wp-json\/wp\/v2\/media?parent=730"}],"wp:term":[{"taxonomy":"category","embeddable":true,"href":"https:\/\/quemcuidadocuidador.com.br\/index.php\/wp-json\/wp\/v2\/categories?post=730"},{"taxonomy":"post_tag","embeddable":true,"href":"https:\/\/quemcuidadocuidador.com.br\/index.php\/wp-json\/wp\/v2\/tags?post=730"}],"curies":[{"name":"wp","href":"https:\/\/api.w.org\/{rel}","templated":true}]}}