{"id":726,"date":"2024-03-02T04:48:13","date_gmt":"2024-03-02T08:48:13","guid":{"rendered":"https:\/\/quemcuidadocuidador.com.br\/?p=726"},"modified":"2024-03-02T04:48:14","modified_gmt":"2024-03-02T08:48:14","slug":"historias-feitas-de-estrelas","status":"publish","type":"post","link":"https:\/\/quemcuidadocuidador.com.br\/index.php\/2024\/03\/02\/historias-feitas-de-estrelas\/","title":{"rendered":"Hist\u00f3rias feitas de estrelas"},"content":{"rendered":"\n<p>Tudo que vivemos s\u00e3o momentos \u00fanicos para n\u00f3s, mas quando escrevo sobre meu filho, desejo que suas viv\u00eancias se tornem experi\u00eancias para contribuir na vida de m\u00e3es e pais que t\u00eam filhos com s\u00edndromes raras e autismo. Pois com frequ\u00eancia temos dificuldade de aceitarmos o novo e perceber o quanto o diferente e as diferen\u00e7as se comp\u00f5em para transformar e evidenciar a beleza e a harmonia no mundo.<\/p>\n\n\n\n<p>Admito minha pequenez de ser humano. Mesmo com meu filho a completar 21 anos, se pudesse ter um t\u00eate-\u00e0-t\u00eate com Deus, pediria a Ele coisas que diminu\u00edssem as diferen\u00e7as entre meu filho at\u00edpico e os outros ditos normais. Como qualquer outra m\u00e3e, tive sonhos futur\u00edsticos para ele.<\/p>\n\n\n\n<p>Por outro lado, observo m\u00e3es de filhos ditos normais que se alfabetizaram, foram para a faculdade e por algum motivo t\u00eam dificuldade para degustar a vida.&nbsp; E precisam de temperos extras, como a droga e o \u00e1lcool, ora para se integrarem, ora para se isolarem.<\/p>\n\n\n\n<p>Em qualquer situa\u00e7\u00e3o, \u00e9 s\u00f3 quando aceitamos a colabora\u00e7\u00e3o do outro, que compreendemos a import\u00e2ncia do coletivo para a aprendizagem e a ajuda verdadeira acontecerem.<\/p>\n\n\n\n<p>Organizar um anivers\u00e1rio e lidar com a ansiedade de nossos filhos n\u00e3o \u00e9 f\u00e1cil. Pedro j\u00e1 tinha convidado todas as pessoas com quem ele convive. Levei dias a negociar onde fazer o anivers\u00e1rio. At\u00e9 chegarmos ao consenso de que far\u00edamos no Centro Paral\u00edmpico, com as crian\u00e7as que fazem atividades no mesmo hor\u00e1rio que ele.<\/p>\n\n\n\n<p>E contei com a colabora\u00e7\u00e3o de muitas m\u00e3os, Cl\u00e1udia, uma das madrinhas dele doou um bolo acompanhado de cupcakes, brigadeiros e beijinhos. Bernardete ajudou a fazer uma torta de frango que Pedro adora. Vera, que ele insistiu para que fosse, ajudou a servir. E o coordenador Emanoel e os outros professores organizaram o espa\u00e7o. Tirando os moveis do lugar, enchendo bal\u00f5es, procurando a melhor forma de fazer a decora\u00e7\u00e3o, num processo de tentativa e erros e tarefas a refazer. Qual seria a melhor letra e cor para escrever no quadro. Com direito a pesquisa na internet.<\/p>\n\n\n\n<p>\u00c9 na colabora\u00e7\u00e3o e na coletividade que a aprendizagem acontece. &nbsp;A humildade de saber ouvir e aceitar que a nossa ideia pode n\u00e3o ser a melhor, tamb\u00e9m \u00e9 muito importante. Pois, quando concordamos com a melhor solu\u00e7\u00e3o e trabalhos juntos para execut\u00e1-la, os resultados s\u00e3o extraordin\u00e1rios.<\/p>\n\n\n\n<p>O processo de organiza\u00e7\u00e3o foi muito bom. Mas a alegria das crian\u00e7as ao participarem do anivers\u00e1rio foi incr\u00edvel. Com algumas situa\u00e7\u00f5es bem marcantes.<\/p>\n\n\n\n<p>Pedro era contentamento puro, a decora\u00e7\u00e3o do bolo foi de Nossa Senhora Aparecida, ent\u00e3o seu foco era a decora\u00e7\u00e3o.<\/p>\n\n\n\n<p>Alex, estava t\u00e3o \u00e0 vontade com outras crian\u00e7as. Mas, seus pais n\u00e3o viram.<\/p>\n\n\n\n<p>Matheus era alegria genu\u00edna. Quando Pedro deu o primeiro peda\u00e7o de bolo para a professora Karina, \u2018Pedro voc\u00ea n\u00e3o \u00e9 meu amigo!\u2019 Gargalhada geral. Mas houve, outro momento memor\u00e1vel dele \u2018quero um peda\u00e7o de torta e de bolo para levar pra casa e o professor Emanoel tamb\u00e9m quer.\u2019<\/p>\n\n\n\n<p>\u00c9 muito bom v\u00ea-los dizer o que querem e serem solid\u00e1rios com o outro. Ele fez isso ao incluir o professor no pedido. Todos n\u00f3s j\u00e1 tivemos e temos vontade de pedir um pedacinho de bolo, para levar pra casa. Por\u00e9m na maioria das vezes nos falta a coragem de formular o pedido.<\/p>\n\n\n\n<p>No final, todos est\u00e1vamos contentes, pois t\u00ednhamos alcan\u00e7ado o objetivo, Pedro ter um anivers\u00e1rio alegre e feliz.<\/p>\n\n\n\n<p>Momentos de alegria para nossos filhos e sem nenhum julgamento \u00e9, vivenciar o para\u00edso na terra. Ao sermos m\u00e3es e pais de filhos at\u00edpicos, j\u00e1 experimentamos momentos desconfort\u00e1veis, nas festas.<\/p>\n\n\n\n<p>Portanto, a colabora\u00e7\u00e3o de pessoas que possam oferecer: ajuda verdadeira, com sensibilidade para aceitar o diferente e conviver com as diferen\u00e7as, sem nenhum julgamento, \u00e9 fundamental.<\/p>\n\n\n\n<p>As viv\u00eancias com Pedro Henrique s\u00e3o um constante aprender, mas com o tempo seriam esquecidas. Ao transformar em texto, elas viram experi\u00eancias e hist\u00f3rias, a circularem e se eternizarem pelo mundo.<\/p>\n\n\n\n<p>Meu filho, esse \u00e9 meu presente.&nbsp; hist\u00f3rias feitas de pequenos peda\u00e7os da sua vida. Para embelezar e brilhar na imagina\u00e7\u00e3o das pessoas, como as estrelas que acendem no c\u00e9u, a beleza noturna.<\/p>\n","protected":false},"excerpt":{"rendered":"<p>Tudo que vivemos s\u00e3o momentos \u00fanicos para n\u00f3s, mas quando escrevo sobre meu filho, desejo que suas viv\u00eancias se tornem experi\u00eancias para contribuir na vida de m\u00e3es e pais que t\u00eam filhos com s\u00edndromes raras e autismo. Pois com frequ\u00eancia temos dificuldade de aceitarmos o novo e perceber o quanto o diferente e as diferen\u00e7as &hellip;<\/p>\n<p class=\"read-more\"> <a class=\"\" href=\"https:\/\/quemcuidadocuidador.com.br\/index.php\/2024\/03\/02\/historias-feitas-de-estrelas\/\"> <span class=\"screen-reader-text\">Hist\u00f3rias feitas de estrelas<\/span> Leia mais &raquo;<\/a><\/p>\n","protected":false},"author":2,"featured_media":727,"comment_status":"open","ping_status":"open","sticky":false,"template":"","format":"standard","meta":{"om_disable_all_campaigns":false,"_monsterinsights_skip_tracking":false,"_monsterinsights_sitenote_active":false,"_monsterinsights_sitenote_note":"","_monsterinsights_sitenote_category":0,"site-sidebar-layout":"","site-content-layout":"","ast-main-header-display":"","ast-hfb-above-header-display":"","ast-hfb-below-header-display":"","ast-hfb-mobile-header-display":"","site-post-title":"","ast-breadcrumbs-content":"","ast-featured-img":"","footer-sml-layout":"","theme-transparent-header-meta":"","adv-header-id-meta":"","stick-header-meta":"","header-above-stick-meta":"","header-main-stick-meta":"","header-below-stick-meta":""},"categories":[5],"tags":[],"uagb_featured_image_src":{"full":["https:\/\/quemcuidadocuidador.com.br\/wp-content\/uploads\/2024\/03\/aniversario-de-pedro-21-anos.jpeg",1280,720,false],"thumbnail":["https:\/\/quemcuidadocuidador.com.br\/wp-content\/uploads\/2024\/03\/aniversario-de-pedro-21-anos-150x150.jpeg",150,150,true],"medium":["https:\/\/quemcuidadocuidador.com.br\/wp-content\/uploads\/2024\/03\/aniversario-de-pedro-21-anos-300x169.jpeg",300,169,true],"medium_large":["https:\/\/quemcuidadocuidador.com.br\/wp-content\/uploads\/2024\/03\/aniversario-de-pedro-21-anos-768x432.jpeg",768,432,true],"large":["https:\/\/quemcuidadocuidador.com.br\/wp-content\/uploads\/2024\/03\/aniversario-de-pedro-21-anos-1024x576.jpeg",1024,576,true],"1536x1536":["https:\/\/quemcuidadocuidador.com.br\/wp-content\/uploads\/2024\/03\/aniversario-de-pedro-21-anos.jpeg",1280,720,false],"2048x2048":["https:\/\/quemcuidadocuidador.com.br\/wp-content\/uploads\/2024\/03\/aniversario-de-pedro-21-anos.jpeg",1280,720,false]},"uagb_author_info":{"display_name":"Cicera A Feitosa","author_link":"https:\/\/quemcuidadocuidador.com.br\/index.php\/author\/cicera\/"},"uagb_comment_info":6,"uagb_excerpt":"Tudo que vivemos s\u00e3o momentos \u00fanicos para n\u00f3s, mas quando escrevo sobre meu filho, desejo que suas viv\u00eancias se tornem experi\u00eancias para contribuir na vida de m\u00e3es e pais que t\u00eam filhos com s\u00edndromes raras e autismo. Pois com frequ\u00eancia temos dificuldade de aceitarmos o novo e perceber o quanto o diferente e as diferen\u00e7as&hellip;","_links":{"self":[{"href":"https:\/\/quemcuidadocuidador.com.br\/index.php\/wp-json\/wp\/v2\/posts\/726"}],"collection":[{"href":"https:\/\/quemcuidadocuidador.com.br\/index.php\/wp-json\/wp\/v2\/posts"}],"about":[{"href":"https:\/\/quemcuidadocuidador.com.br\/index.php\/wp-json\/wp\/v2\/types\/post"}],"author":[{"embeddable":true,"href":"https:\/\/quemcuidadocuidador.com.br\/index.php\/wp-json\/wp\/v2\/users\/2"}],"replies":[{"embeddable":true,"href":"https:\/\/quemcuidadocuidador.com.br\/index.php\/wp-json\/wp\/v2\/comments?post=726"}],"version-history":[{"count":1,"href":"https:\/\/quemcuidadocuidador.com.br\/index.php\/wp-json\/wp\/v2\/posts\/726\/revisions"}],"predecessor-version":[{"id":728,"href":"https:\/\/quemcuidadocuidador.com.br\/index.php\/wp-json\/wp\/v2\/posts\/726\/revisions\/728"}],"wp:featuredmedia":[{"embeddable":true,"href":"https:\/\/quemcuidadocuidador.com.br\/index.php\/wp-json\/wp\/v2\/media\/727"}],"wp:attachment":[{"href":"https:\/\/quemcuidadocuidador.com.br\/index.php\/wp-json\/wp\/v2\/media?parent=726"}],"wp:term":[{"taxonomy":"category","embeddable":true,"href":"https:\/\/quemcuidadocuidador.com.br\/index.php\/wp-json\/wp\/v2\/categories?post=726"},{"taxonomy":"post_tag","embeddable":true,"href":"https:\/\/quemcuidadocuidador.com.br\/index.php\/wp-json\/wp\/v2\/tags?post=726"}],"curies":[{"name":"wp","href":"https:\/\/api.w.org\/{rel}","templated":true}]}}