{"id":694,"date":"2024-01-06T07:35:17","date_gmt":"2024-01-06T11:35:17","guid":{"rendered":"https:\/\/quemcuidadocuidador.com.br\/?p=694"},"modified":"2024-01-06T07:36:46","modified_gmt":"2024-01-06T11:36:46","slug":"a-vida-ao-ser-cuidada-agradece","status":"publish","type":"post","link":"https:\/\/quemcuidadocuidador.com.br\/index.php\/2024\/01\/06\/a-vida-ao-ser-cuidada-agradece\/","title":{"rendered":"A vida ao ser cuidada, agradece"},"content":{"rendered":"\n<p>O Ano Novo veio acompanhado da angustia das m\u00e3es, que vivenciam o sofrimento do filho(a), com espectro autista e t\u00eam medo do barulho causado pelos fogos de artif\u00edcio.<\/p>\n\n\n\n<p>Ao ver a lei que dizia ser proibido, inclusive com a possibilidade das pessoas que praticam o ato, serem multadas. Fiquei um tempo tentando descobrir o que fazer para a lei ser respeitada, e a quem as m\u00e3es deviam recorrer. Li em algum lugar que era s\u00f3 ligar no 190; outra amiga informou que era na pol\u00edcia ambiental.<\/p>\n\n\n\n<p>Ent\u00e3o, procurei o telefone da Policia Ambiental. Perguntei se era para eles que devia ligar e como proceder.<\/p>\n\n\n\n<p>O policial com quem conversei disse que era para l\u00e1 sim, era s\u00f3 ligar e informar o endere\u00e7o da pessoa que estava soltando fogos. Agradeci pela informa\u00e7\u00e3o e avisei que colocaria o n\u00famero deles no grupo de m\u00e3es.<\/p>\n\n\n\n<p>E fiz isso. Outra pessoa postou no grupo a lei municipal que pro\u00edbe soltar fogos com estampidos e quais as multas aplic\u00e1veis.<\/p>\n\n\n\n<p>Uma m\u00e3e s\u00e1bia, ou j\u00e1 frustrada com a falta de resultados, comentou que seria perda de tempo ligar.<\/p>\n\n\n\n<p>Fiquei um longo tempo a pensar, qual a fun\u00e7\u00e3o de uma lei que j\u00e1 foi sancionada e n\u00e3o \u00e9 executada? E, por que n\u00e3o \u00e9 executada?<\/p>\n\n\n\n<p>Por que o com\u00e9rcio continua vendendo fogos?<\/p>\n\n\n\n<p>Por que as pessoas continuam comprando?<\/p>\n\n\n\n<p>E nossas rela\u00e7\u00f5es humanas, como est\u00e3o sendo constru\u00eddas?<\/p>\n\n\n\n<p>E aquela velha m\u00e1xima, o meu direito termina, quando come\u00e7a o do outro.<\/p>\n\n\n\n<p>Ou, ser\u00e1 que eu n\u00e3o sei nada sobre o meu vizinho do lado? At\u00e9 se nota um jeito diferente na forma da crian\u00e7a ou o jovem agir, mas n\u00e3o \u00e9 problema meu. Como \u00e9 mesmo a frase \u201cquem pariu Matheus que balance\u201d?!<\/p>\n\n\n\n<p>Ent\u00e3o eu pergunto: n\u00f3s que gostamos tanto de lembrar que somos seres humanos, estamos vivendo essa humanidade?<\/p>\n\n\n\n<p>&nbsp;Quando sabemos que o filho do vizinho ficar\u00e1 descompensado, vai chorar, gritar, tremer de medo e em muitos casos, ter crises convulsivas.<\/p>\n\n\n\n<p>\u201cO povo brasileiro \u00e9 t\u00e3o criativo\u201d, aonde est\u00e1 essa criatividade que na hora de comemorar, n\u00e3o consegue pensar em diferentes formas de comemora\u00e7\u00e3o, sem incluir os fogos de artificio com estampidos?<\/p>\n\n\n\n<p>Quando chegou&nbsp; pr\u00f3ximo \u00e0 meia noite do dia 31\/12\/2023 e comecei a ouvir o barulho dos fogos, me lembrei de uma \u00e9poca em que meu filho era pequeno e aqui em C\u00e1ceres passava o carro jogando veneno&nbsp; nas casas para diminuir os mosquitos&#8230; e meu filho pequeno, com tr\u00eas ou quatro anos, ficava desesperado com o barulho e a fuma\u00e7a produzidos.&nbsp; Ele ia para a cama, se enrolava da cabe\u00e7a aos p\u00e9s, chorava, tremia de medo. Eram momentos torturantes, \u00e9poca que pouco se falava em autismo.<\/p>\n\n\n\n<p>Hoje com tantas informa\u00e7\u00f5es a circular, sobre autismo, epilepsia e tantos outros transtornos mentais, penso que os \u00f3rg\u00e3os fiscalizadores &nbsp;&nbsp;n\u00e3o deveriam ficar aguardando por um telefonema, pois a m\u00e3e que estiver socorrendo um filho ou filha em crise, n\u00e3o ter\u00e1 tempo de ligar.<\/p>\n\n\n\n<p>Embora, estivesse em casa, tive a sensa\u00e7\u00e3o que ouvia o barulho de fogos em todas as dire\u00e7\u00f5es. Talvez um mapeamento de onde moram as crian\u00e7as autistas na cidade, possa ajudar.<\/p>\n\n\n\n<p>E, n\u00e3o comentei sobre os animais. Pois se pensarmos neles tamb\u00e9m, nas pr\u00f3ximas comemora\u00e7\u00f5es, n\u00e3o haver\u00e1 fogos de artif\u00edcio, com estampido.<\/p>\n\n\n\n<p>Uma das perguntas que tenho agora \u00e9, quantas multas foram aplicadas no dia 31\/12\/2023? Caso nenhuma aconteceu, qual foi o motivo?<\/p>\n\n\n\n<p>Pois, em meio s\u00e9culo de vida, ouvi in\u00fameras vezes a seguinte frase \u201c\u00e9 lei cumpra-se\u201d! E por que nesse caso a lei n\u00e3o est\u00e1 sendo cumprida?<\/p>\n\n\n\n<p>Eu, voc\u00ea e todos n\u00f3s juntos podemos fazer diferente para fazer a diferen\u00e7a. N\u00e3o soltar fogos pode ser o seu gesto de cuidado em 2024.<\/p>\n\n\n\n<p>Parem de soltar fogos com estampidos! Desenvolvam as virtudes da empatia e da compaix\u00e3o!<\/p>\n\n\n\n<p>A vida agradece!<\/p>\n","protected":false},"excerpt":{"rendered":"<p>O Ano Novo veio acompanhado da angustia das m\u00e3es, que vivenciam o sofrimento do filho(a), com espectro autista e t\u00eam medo do barulho causado pelos fogos de artif\u00edcio. Ao ver a lei que dizia ser proibido, inclusive com a possibilidade das pessoas que praticam o ato, serem multadas. Fiquei um tempo tentando descobrir o que &hellip;<\/p>\n<p class=\"read-more\"> <a class=\"\" href=\"https:\/\/quemcuidadocuidador.com.br\/index.php\/2024\/01\/06\/a-vida-ao-ser-cuidada-agradece\/\"> <span class=\"screen-reader-text\">A vida ao ser cuidada, agradece<\/span> Leia mais &raquo;<\/a><\/p>\n","protected":false},"author":2,"featured_media":695,"comment_status":"open","ping_status":"open","sticky":false,"template":"","format":"standard","meta":{"om_disable_all_campaigns":false,"_monsterinsights_skip_tracking":false,"_monsterinsights_sitenote_active":false,"_monsterinsights_sitenote_note":"","_monsterinsights_sitenote_category":0,"site-sidebar-layout":"","site-content-layout":"","ast-main-header-display":"","ast-hfb-above-header-display":"","ast-hfb-below-header-display":"","ast-hfb-mobile-header-display":"","site-post-title":"","ast-breadcrumbs-content":"","ast-featured-img":"","footer-sml-layout":"","theme-transparent-header-meta":"","adv-header-id-meta":"","stick-header-meta":"","header-above-stick-meta":"","header-main-stick-meta":"","header-below-stick-meta":""},"categories":[5],"tags":[],"uagb_featured_image_src":{"full":["https:\/\/quemcuidadocuidador.com.br\/wp-content\/uploads\/2024\/01\/jingda-chen-4F4B8ohLMX0-unsplash-scaled.jpg",2560,1872,false],"thumbnail":["https:\/\/quemcuidadocuidador.com.br\/wp-content\/uploads\/2024\/01\/jingda-chen-4F4B8ohLMX0-unsplash-150x150.jpg",150,150,true],"medium":["https:\/\/quemcuidadocuidador.com.br\/wp-content\/uploads\/2024\/01\/jingda-chen-4F4B8ohLMX0-unsplash-300x219.jpg",300,219,true],"medium_large":["https:\/\/quemcuidadocuidador.com.br\/wp-content\/uploads\/2024\/01\/jingda-chen-4F4B8ohLMX0-unsplash-768x562.jpg",768,562,true],"large":["https:\/\/quemcuidadocuidador.com.br\/wp-content\/uploads\/2024\/01\/jingda-chen-4F4B8ohLMX0-unsplash-1024x749.jpg",1024,749,true],"1536x1536":["https:\/\/quemcuidadocuidador.com.br\/wp-content\/uploads\/2024\/01\/jingda-chen-4F4B8ohLMX0-unsplash-1536x1123.jpg",1536,1123,true],"2048x2048":["https:\/\/quemcuidadocuidador.com.br\/wp-content\/uploads\/2024\/01\/jingda-chen-4F4B8ohLMX0-unsplash-2048x1498.jpg",2048,1498,true]},"uagb_author_info":{"display_name":"Cicera A Feitosa","author_link":"https:\/\/quemcuidadocuidador.com.br\/index.php\/author\/cicera\/"},"uagb_comment_info":6,"uagb_excerpt":"O Ano Novo veio acompanhado da angustia das m\u00e3es, que vivenciam o sofrimento do filho(a), com espectro autista e t\u00eam medo do barulho causado pelos fogos de artif\u00edcio. Ao ver a lei que dizia ser proibido, inclusive com a possibilidade das pessoas que praticam o ato, serem multadas. Fiquei um tempo tentando descobrir o que&hellip;","_links":{"self":[{"href":"https:\/\/quemcuidadocuidador.com.br\/index.php\/wp-json\/wp\/v2\/posts\/694"}],"collection":[{"href":"https:\/\/quemcuidadocuidador.com.br\/index.php\/wp-json\/wp\/v2\/posts"}],"about":[{"href":"https:\/\/quemcuidadocuidador.com.br\/index.php\/wp-json\/wp\/v2\/types\/post"}],"author":[{"embeddable":true,"href":"https:\/\/quemcuidadocuidador.com.br\/index.php\/wp-json\/wp\/v2\/users\/2"}],"replies":[{"embeddable":true,"href":"https:\/\/quemcuidadocuidador.com.br\/index.php\/wp-json\/wp\/v2\/comments?post=694"}],"version-history":[{"count":1,"href":"https:\/\/quemcuidadocuidador.com.br\/index.php\/wp-json\/wp\/v2\/posts\/694\/revisions"}],"predecessor-version":[{"id":696,"href":"https:\/\/quemcuidadocuidador.com.br\/index.php\/wp-json\/wp\/v2\/posts\/694\/revisions\/696"}],"wp:featuredmedia":[{"embeddable":true,"href":"https:\/\/quemcuidadocuidador.com.br\/index.php\/wp-json\/wp\/v2\/media\/695"}],"wp:attachment":[{"href":"https:\/\/quemcuidadocuidador.com.br\/index.php\/wp-json\/wp\/v2\/media?parent=694"}],"wp:term":[{"taxonomy":"category","embeddable":true,"href":"https:\/\/quemcuidadocuidador.com.br\/index.php\/wp-json\/wp\/v2\/categories?post=694"},{"taxonomy":"post_tag","embeddable":true,"href":"https:\/\/quemcuidadocuidador.com.br\/index.php\/wp-json\/wp\/v2\/tags?post=694"}],"curies":[{"name":"wp","href":"https:\/\/api.w.org\/{rel}","templated":true}]}}