{"id":689,"date":"2023-12-30T06:30:34","date_gmt":"2023-12-30T10:30:34","guid":{"rendered":"https:\/\/quemcuidadocuidador.com.br\/?p=689"},"modified":"2023-12-30T10:28:42","modified_gmt":"2023-12-30T14:28:42","slug":"a-continuidade-de-nossas-acoes-pode-transformar-o-mundo","status":"publish","type":"post","link":"https:\/\/quemcuidadocuidador.com.br\/index.php\/2023\/12\/30\/a-continuidade-de-nossas-acoes-pode-transformar-o-mundo\/","title":{"rendered":"A continuidade de nossas a\u00e7\u00f5es, pode transformar o mundo"},"content":{"rendered":"\n<p>Amanh\u00e3 ser\u00e1 o \u00faltimo dia do ano de 2023. \u00c9 o fim de um ciclo, muitas vezes dizemos: ano novo vida nova! E continuamos a fazer as mesmas coisas que faz\u00edamos no ano anterior. Permanecemos no emprego, mantemos o c\u00edrculo de amizades, vamos no supermercado de sempre, a farm\u00e1cia, o mesmo posto de combust\u00edvel. E arrastamos contas parceladas de um ano para o outro.<\/p>\n\n\n\n<p>Mudamos?<\/p>\n\n\n\n<p>Como pode ser uma vida nova?<\/p>\n\n\n\n<p>Qual a transforma\u00e7\u00e3o que aconteceu na sua vida em 2023?<\/p>\n\n\n\n<p>J\u00e1 fez sua lista de resolu\u00e7\u00f5es para 2024?<\/p>\n\n\n\n<p>Confesso que ainda n\u00e3o fiz a minha. E um dos questionamentos que tenho \u00e9 tentar transformar o mundo a minha volta, para que meu filho e as pessoas com defici\u00eancia possam viver em um mundo bem melhor, \u00e9 a bandeira pela qual devo viver e morrer! Esse \u00e9 o meu prop\u00f3sito de vida!<\/p>\n\n\n\n<p>Pois no balan\u00e7o de 2023, percebi que uma boa fatia de tempo da minha vida gastei indo \u00e0 C\u00e2mara Municipal e reuni\u00f5es com representantes de Secretarias, at\u00e9 mesmo com a prefeita, Confer\u00eancia da Sa\u00fade, Encontros sobre a pessoa com defici\u00eancia, Confer\u00eancia sobre a Sa\u00fade Mental.<\/p>\n\n\n\n<p>Momentos h\u00e1, em que acredito que avan\u00e7amos alguns passos, mas a atitude de algumas pessoas em cargos p\u00fablicos e de alguns representantes pol\u00edticos fazem voltarmos ao marco zero nas quest\u00f5es relacionadas a sa\u00fade. Estas permitiriam a todas as crian\u00e7as, com espectro autista e a pessoa com defici\u00eancia ter melhor qualidade de vida.<\/p>\n\n\n\n<p>Mas n\u00e3o \u00e9 s\u00f3 na sa\u00fade que precisamos de transforma\u00e7\u00e3o&#8230; na educa\u00e7\u00e3o tamb\u00e9m, precisamos com urg\u00eancia de um Centro de Forma\u00e7\u00e3o para os alunos que terminaram o Ensino M\u00e9dio e n\u00e3o foram alfabetizados, tenham a possibilidade de ter uma forma\u00e7\u00e3o diferenciada que os permitam desenvolver novas habilidades e compet\u00eancias que os insiram no mercado de trabalho. Ou os possibilitem a conviv\u00eancia com outros jovens e atividades que tragam sentido e motiva\u00e7\u00e3o para suas vidas.<\/p>\n\n\n\n<p>Este espa\u00e7o traria um pouco de al\u00edvio para m\u00e3es e pais que vivem sobrecarregados com os cuidados di\u00e1rios, causados pela omiss\u00e3o dos poderes p\u00fablicos, que ignoram a exist\u00eancia das pessoas com defici\u00eancia.<\/p>\n\n\n\n<p>Na Confer\u00eancia Nacional de Sa\u00fade Mental descobri que no estado de Pernambuco o jovem ou a jovem quando completa a maior idade, lhe \u00e9 oferecido a oportunidade de sair da casa dos pais. Pois o governo oferece para eles: casa, sal\u00e1rio e o acompanhamento de um assistente social.<\/p>\n\n\n\n<p>Se em Pernambuco esse projeto \u00e9 vi\u00e1vel, logo, em Mato Grosso tamb\u00e9m. Ent\u00e3o, precisamos construir novas pol\u00edticas p\u00fablicas em 2024 e nos pr\u00f3ximos anos.<\/p>\n\n\n\n<p>Quando temos um filho com defici\u00eancia, somos impelidos a buscar alternativas para a constru\u00e7\u00e3o de um mundo com mais harmonia e respeito pelo diferente, pelas diferen\u00e7as e pelo diferente que faz a completude do mundo.<\/p>\n\n\n\n<p>N\u00e3o tenho a op\u00e7\u00e3o de ficar em casa, pois n\u00e3o consigo, tamb\u00e9m n\u00e3o sou t\u00e3o forte como algumas amigas m\u00e3es acreditam. Cheguei de Bras\u00edlia no dia 14\/12\/23 de madrugada e no dia 15 antes das 08 horas da manh\u00e3 estava na UPA com press\u00e3o alta, diabetes alterada e uma irrita\u00e7\u00e3o na pele que tanto podia ser alergia, como uma crise emocional. Na verdade, o m\u00e9dico me deu um encaminhamento para o CAPS.<\/p>\n\n\n\n<p>Claro que ainda n\u00e3o fui l\u00e1, mas fui na C\u00e2mara Municipal no dia 18\/12\/2023, s\u00f3 para descobrir que o of\u00edcio protocolado no dia 14\/12\/2023 e encaminhado a todos os vereadores, n\u00e3o foi lido por nenhum deles, logo era um assunto desconhecido e n\u00e3o inclu\u00eddo na pauta para leitura. Muito triste.<\/p>\n\n\n\n<p>Sonho e quero, uma sociedade, uma cidade, um estado e um Pa\u00eds melhor para meu filho e tantas outros filhos e filhas, que as m\u00e3es n\u00e3o t\u00eam a possibilidade de sair de casa, pois o cuidado \u00e9 em tempo integral, e nem sempre \u00e9 poss\u00edvel ter com quem deix\u00e1-los.<\/p>\n\n\n\n<p>Por todas n\u00f3s e por nossos filhos vou seguir na caminhada, e por onde passar direi que \u201cquem cuida em tempo integral, precisa ter um sal\u00e1rio para manter um m\u00ednimo de dignidade e uma folga por semana que lhe permita manter o autocuidado\u201d. T\u00e3o necess\u00e1rio para manter o equil\u00edbrio em todas as \u00e1reas da vida.<\/p>\n\n\n\n<p>E voc\u00ea?<\/p>\n\n\n\n<p>Qual o seu prop\u00f3sito?<\/p>\n","protected":false},"excerpt":{"rendered":"<p>Amanh\u00e3 ser\u00e1 o \u00faltimo dia do ano de 2023. \u00c9 o fim de um ciclo, muitas vezes dizemos: ano novo vida nova! E continuamos a fazer as mesmas coisas que faz\u00edamos no ano anterior. Permanecemos no emprego, mantemos o c\u00edrculo de amizades, vamos no supermercado de sempre, a farm\u00e1cia, o mesmo posto de combust\u00edvel. E &hellip;<\/p>\n<p class=\"read-more\"> <a class=\"\" href=\"https:\/\/quemcuidadocuidador.com.br\/index.php\/2023\/12\/30\/a-continuidade-de-nossas-acoes-pode-transformar-o-mundo\/\"> <span class=\"screen-reader-text\">A continuidade de nossas a\u00e7\u00f5es, pode transformar o mundo<\/span> Leia mais &raquo;<\/a><\/p>\n","protected":false},"author":2,"featured_media":690,"comment_status":"open","ping_status":"open","sticky":false,"template":"","format":"standard","meta":{"om_disable_all_campaigns":false,"_monsterinsights_skip_tracking":false,"_monsterinsights_sitenote_active":false,"_monsterinsights_sitenote_note":"","_monsterinsights_sitenote_category":0,"site-sidebar-layout":"","site-content-layout":"","ast-main-header-display":"","ast-hfb-above-header-display":"","ast-hfb-below-header-display":"","ast-hfb-mobile-header-display":"","site-post-title":"","ast-breadcrumbs-content":"","ast-featured-img":"","footer-sml-layout":"","theme-transparent-header-meta":"","adv-header-id-meta":"","stick-header-meta":"","header-above-stick-meta":"","header-main-stick-meta":"","header-below-stick-meta":""},"categories":[5],"tags":[],"uagb_featured_image_src":{"full":["https:\/\/quemcuidadocuidador.com.br\/wp-content\/uploads\/2023\/12\/WhatsApp-Image-2023-12-30-at-05.46.35.jpeg",1066,1600,false],"thumbnail":["https:\/\/quemcuidadocuidador.com.br\/wp-content\/uploads\/2023\/12\/WhatsApp-Image-2023-12-30-at-05.46.35-150x150.jpeg",150,150,true],"medium":["https:\/\/quemcuidadocuidador.com.br\/wp-content\/uploads\/2023\/12\/WhatsApp-Image-2023-12-30-at-05.46.35-200x300.jpeg",200,300,true],"medium_large":["https:\/\/quemcuidadocuidador.com.br\/wp-content\/uploads\/2023\/12\/WhatsApp-Image-2023-12-30-at-05.46.35-768x1153.jpeg",768,1153,true],"large":["https:\/\/quemcuidadocuidador.com.br\/wp-content\/uploads\/2023\/12\/WhatsApp-Image-2023-12-30-at-05.46.35-682x1024.jpeg",682,1024,true],"1536x1536":["https:\/\/quemcuidadocuidador.com.br\/wp-content\/uploads\/2023\/12\/WhatsApp-Image-2023-12-30-at-05.46.35-1023x1536.jpeg",1023,1536,true],"2048x2048":["https:\/\/quemcuidadocuidador.com.br\/wp-content\/uploads\/2023\/12\/WhatsApp-Image-2023-12-30-at-05.46.35.jpeg",1066,1600,false]},"uagb_author_info":{"display_name":"Cicera A Feitosa","author_link":"https:\/\/quemcuidadocuidador.com.br\/index.php\/author\/cicera\/"},"uagb_comment_info":6,"uagb_excerpt":"Amanh\u00e3 ser\u00e1 o \u00faltimo dia do ano de 2023. \u00c9 o fim de um ciclo, muitas vezes dizemos: ano novo vida nova! E continuamos a fazer as mesmas coisas que faz\u00edamos no ano anterior. Permanecemos no emprego, mantemos o c\u00edrculo de amizades, vamos no supermercado de sempre, a farm\u00e1cia, o mesmo posto de combust\u00edvel. E&hellip;","_links":{"self":[{"href":"https:\/\/quemcuidadocuidador.com.br\/index.php\/wp-json\/wp\/v2\/posts\/689"}],"collection":[{"href":"https:\/\/quemcuidadocuidador.com.br\/index.php\/wp-json\/wp\/v2\/posts"}],"about":[{"href":"https:\/\/quemcuidadocuidador.com.br\/index.php\/wp-json\/wp\/v2\/types\/post"}],"author":[{"embeddable":true,"href":"https:\/\/quemcuidadocuidador.com.br\/index.php\/wp-json\/wp\/v2\/users\/2"}],"replies":[{"embeddable":true,"href":"https:\/\/quemcuidadocuidador.com.br\/index.php\/wp-json\/wp\/v2\/comments?post=689"}],"version-history":[{"count":2,"href":"https:\/\/quemcuidadocuidador.com.br\/index.php\/wp-json\/wp\/v2\/posts\/689\/revisions"}],"predecessor-version":[{"id":692,"href":"https:\/\/quemcuidadocuidador.com.br\/index.php\/wp-json\/wp\/v2\/posts\/689\/revisions\/692"}],"wp:featuredmedia":[{"embeddable":true,"href":"https:\/\/quemcuidadocuidador.com.br\/index.php\/wp-json\/wp\/v2\/media\/690"}],"wp:attachment":[{"href":"https:\/\/quemcuidadocuidador.com.br\/index.php\/wp-json\/wp\/v2\/media?parent=689"}],"wp:term":[{"taxonomy":"category","embeddable":true,"href":"https:\/\/quemcuidadocuidador.com.br\/index.php\/wp-json\/wp\/v2\/categories?post=689"},{"taxonomy":"post_tag","embeddable":true,"href":"https:\/\/quemcuidadocuidador.com.br\/index.php\/wp-json\/wp\/v2\/tags?post=689"}],"curies":[{"name":"wp","href":"https:\/\/api.w.org\/{rel}","templated":true}]}}