{"id":677,"date":"2023-12-09T05:23:24","date_gmt":"2023-12-09T09:23:24","guid":{"rendered":"https:\/\/quemcuidadocuidador.com.br\/?p=677"},"modified":"2023-12-09T05:23:25","modified_gmt":"2023-12-09T09:23:25","slug":"encontro-mato-grossense-dos-direitos-da-pessoa-com-deficiencia","status":"publish","type":"post","link":"https:\/\/quemcuidadocuidador.com.br\/index.php\/2023\/12\/09\/encontro-mato-grossense-dos-direitos-da-pessoa-com-deficiencia\/","title":{"rendered":"Encontro Mato-grossense dos direitos da pessoa com defici\u00eancia"},"content":{"rendered":"\n<p>Aconteceu nos dias 04 e 05 de dezembro de 2023, em Cuiab\u00e1. Eu estava l\u00e1. N\u00e3o pense que foi f\u00e1cil. Pois fiquei sabendo do evento \u00e0s 09 horas da manh\u00e3 do dia 04 e o mesmo iria iniciar \u00e0s 18 horas.&nbsp; Planejei sair de casa \u00e0s 14 horas. Minha irm\u00e3 tinha m\u00e9dico exatamente nesse hor\u00e1rio. Como sempre, minha vizinha dona Claudete me salvou. Ela ficou com meu pai e meu filho, at\u00e9 minha irm\u00e3 chegar. E no dia 05 minha irm\u00e3 que mora em Lambari D*oeste veio ficar com eles.<\/p>\n\n\n\n<p>Outro obst\u00e1culo, fen\u00f4meno da natureza, foi a chuva. Claro que ela foi super bem-vinda. Mas dirigir at\u00e9 Cuiab\u00e1 embaixo de chuva, nem sempre \u00e9 f\u00e1cil. Por outro lado, n\u00e3o podia perder a oportunidade de conhecer e saber quem s\u00e3o os representantes das institui\u00e7\u00f5es que falam sobre os direitos da pessoa com defici\u00eancia e quais pol\u00edticas p\u00fablicas existem, mas na pr\u00e1tica nem sempre chegam aos nossos filhos e tantas outras pessoas que precisam.<\/p>\n\n\n\n<p>Por falta de conhecimento, \u00e0s vezes sequer sabemos de algumas doen\u00e7as, que torna pessoa deficiente e, na maioria das vezes, a sociedade n\u00e3o a reconhece como deficiente.<\/p>\n\n\n\n<p>Constatei que as institui\u00e7\u00f5es que est\u00e3o melhor assistidas s\u00e3o aquelas que se organizaram em associa\u00e7\u00f5es de forma oficial, com um Estatuto bem definido, com todas as certid\u00f5es negativas em dia e sendo capazes de receber ajuda financeira advindas de projetos bem elaborados, de acordo com as leis existentes e atendendo aos requisitos solicitados nos editais.<\/p>\n\n\n\n<p>Percebi que nosso munic\u00edpio de C\u00e1ceres, poderia usufruir melhor de todos os recursos existentes. E n\u00f3s, enquanto m\u00e3es de filhos e filhas autistas, quando tivermos uma associa\u00e7\u00e3o tamb\u00e9m poderemos desenvolver projetos, que possam oferecer uma melhor qualidade de vida, com cuidados e inclus\u00e3o aos nossos filhos.<\/p>\n\n\n\n<p>Por falar em inclus\u00e3o e cuidados, voltei de cora\u00e7\u00e3o leve, por aprender que existem leis que deixam claro que os cuidados com a pessoa com defici\u00eancia \u00e9 responsabilidade da fam\u00edlia, do munic\u00edpio, do estado, do pa\u00eds e da sociedade, como um todo.<\/p>\n\n\n\n<p>\u00c9 saber que a sociedade, quando n\u00e3o acolhe nossos filhos, tamb\u00e9m se torna deficiente.<\/p>\n\n\n\n<p>Entretanto, meu questionamento principal aqui \u00e9 porque em um evento que se discutiu e tratou dos direitos da pessoa com defici\u00eancia, o munic\u00edpio de C\u00e1ceres n\u00e3o se fez representar com nenhuma Assistente Social? Quem \u00e9 a pessoa do munic\u00edpio de C\u00e1ceres a quem devo me dirigir para falar sobre direitos da pessoa com defici\u00eancia?<\/p>\n\n\n\n<p>Por que o munic\u00edpio de C\u00e1ceres n\u00e3o realizou a Confer\u00eancia Municipal da Pessoa com Defici\u00eancia em 2023?<\/p>\n\n\n\n<p>Quem pode me esclarecer?! Quero muito saber, para poder contribuir&#8230;.<\/p>\n","protected":false},"excerpt":{"rendered":"<p>Aconteceu nos dias 04 e 05 de dezembro de 2023, em Cuiab\u00e1. Eu estava l\u00e1. N\u00e3o pense que foi f\u00e1cil. Pois fiquei sabendo do evento \u00e0s 09 horas da manh\u00e3 do dia 04 e o mesmo iria iniciar \u00e0s 18 horas.&nbsp; Planejei sair de casa \u00e0s 14 horas. Minha irm\u00e3 tinha m\u00e9dico exatamente nesse hor\u00e1rio. &hellip;<\/p>\n<p class=\"read-more\"> <a class=\"\" href=\"https:\/\/quemcuidadocuidador.com.br\/index.php\/2023\/12\/09\/encontro-mato-grossense-dos-direitos-da-pessoa-com-deficiencia\/\"> <span class=\"screen-reader-text\">Encontro Mato-grossense dos direitos da pessoa com defici\u00eancia<\/span> Leia mais &raquo;<\/a><\/p>\n","protected":false},"author":2,"featured_media":679,"comment_status":"open","ping_status":"open","sticky":false,"template":"","format":"standard","meta":{"om_disable_all_campaigns":false,"_monsterinsights_skip_tracking":false,"_monsterinsights_sitenote_active":false,"_monsterinsights_sitenote_note":"","_monsterinsights_sitenote_category":0,"site-sidebar-layout":"","site-content-layout":"","ast-main-header-display":"","ast-hfb-above-header-display":"","ast-hfb-below-header-display":"","ast-hfb-mobile-header-display":"","site-post-title":"","ast-breadcrumbs-content":"","ast-featured-img":"","footer-sml-layout":"","theme-transparent-header-meta":"","adv-header-id-meta":"","stick-header-meta":"","header-above-stick-meta":"","header-main-stick-meta":"","header-below-stick-meta":""},"categories":[5],"tags":[],"uagb_featured_image_src":{"full":["https:\/\/quemcuidadocuidador.com.br\/wp-content\/uploads\/2023\/12\/hoje.jpeg",1600,1200,false],"thumbnail":["https:\/\/quemcuidadocuidador.com.br\/wp-content\/uploads\/2023\/12\/hoje-150x150.jpeg",150,150,true],"medium":["https:\/\/quemcuidadocuidador.com.br\/wp-content\/uploads\/2023\/12\/hoje-300x225.jpeg",300,225,true],"medium_large":["https:\/\/quemcuidadocuidador.com.br\/wp-content\/uploads\/2023\/12\/hoje-768x576.jpeg",768,576,true],"large":["https:\/\/quemcuidadocuidador.com.br\/wp-content\/uploads\/2023\/12\/hoje-1024x768.jpeg",1024,768,true],"1536x1536":["https:\/\/quemcuidadocuidador.com.br\/wp-content\/uploads\/2023\/12\/hoje-1536x1152.jpeg",1536,1152,true],"2048x2048":["https:\/\/quemcuidadocuidador.com.br\/wp-content\/uploads\/2023\/12\/hoje.jpeg",1600,1200,false]},"uagb_author_info":{"display_name":"Cicera A Feitosa","author_link":"https:\/\/quemcuidadocuidador.com.br\/index.php\/author\/cicera\/"},"uagb_comment_info":3,"uagb_excerpt":"Aconteceu nos dias 04 e 05 de dezembro de 2023, em Cuiab\u00e1. Eu estava l\u00e1. N\u00e3o pense que foi f\u00e1cil. Pois fiquei sabendo do evento \u00e0s 09 horas da manh\u00e3 do dia 04 e o mesmo iria iniciar \u00e0s 18 horas.&nbsp; Planejei sair de casa \u00e0s 14 horas. Minha irm\u00e3 tinha m\u00e9dico exatamente nesse hor\u00e1rio.&hellip;","_links":{"self":[{"href":"https:\/\/quemcuidadocuidador.com.br\/index.php\/wp-json\/wp\/v2\/posts\/677"}],"collection":[{"href":"https:\/\/quemcuidadocuidador.com.br\/index.php\/wp-json\/wp\/v2\/posts"}],"about":[{"href":"https:\/\/quemcuidadocuidador.com.br\/index.php\/wp-json\/wp\/v2\/types\/post"}],"author":[{"embeddable":true,"href":"https:\/\/quemcuidadocuidador.com.br\/index.php\/wp-json\/wp\/v2\/users\/2"}],"replies":[{"embeddable":true,"href":"https:\/\/quemcuidadocuidador.com.br\/index.php\/wp-json\/wp\/v2\/comments?post=677"}],"version-history":[{"count":1,"href":"https:\/\/quemcuidadocuidador.com.br\/index.php\/wp-json\/wp\/v2\/posts\/677\/revisions"}],"predecessor-version":[{"id":680,"href":"https:\/\/quemcuidadocuidador.com.br\/index.php\/wp-json\/wp\/v2\/posts\/677\/revisions\/680"}],"wp:featuredmedia":[{"embeddable":true,"href":"https:\/\/quemcuidadocuidador.com.br\/index.php\/wp-json\/wp\/v2\/media\/679"}],"wp:attachment":[{"href":"https:\/\/quemcuidadocuidador.com.br\/index.php\/wp-json\/wp\/v2\/media?parent=677"}],"wp:term":[{"taxonomy":"category","embeddable":true,"href":"https:\/\/quemcuidadocuidador.com.br\/index.php\/wp-json\/wp\/v2\/categories?post=677"},{"taxonomy":"post_tag","embeddable":true,"href":"https:\/\/quemcuidadocuidador.com.br\/index.php\/wp-json\/wp\/v2\/tags?post=677"}],"curies":[{"name":"wp","href":"https:\/\/api.w.org\/{rel}","templated":true}]}}