{"id":670,"date":"2023-11-25T05:58:55","date_gmt":"2023-11-25T09:58:55","guid":{"rendered":"https:\/\/quemcuidadocuidador.com.br\/?p=670"},"modified":"2023-11-25T05:58:56","modified_gmt":"2023-11-25T09:58:56","slug":"cuidadora-borboleta","status":"publish","type":"post","link":"https:\/\/quemcuidadocuidador.com.br\/index.php\/2023\/11\/25\/cuidadora-borboleta\/","title":{"rendered":"Cuidadora borboleta"},"content":{"rendered":"\n<p>E tantas vezes vivi<\/p>\n\n\n\n<p>o ciclo de transforma\u00e7\u00e3o<\/p>\n\n\n\n<p>ovo, lagarta, casulo, borboleta.<\/p>\n\n\n\n<p>Muitas vezes limitada a<\/p>\n\n\n\n<p>apenas cuidar.<\/p>\n\n\n\n<p>Com \u00e1rea de voo demarcada<\/p>\n\n\n\n<p>supermercado,<\/p>\n\n\n\n<p>farm\u00e1cia,<\/p>\n\n\n\n<p>posto de combust\u00edvel,<\/p>\n\n\n\n<p>Pronto Socorro,<\/p>\n\n\n\n<p>consult\u00f3rios e<\/p>\n\n\n\n<p>clinicas de fisioterapias.<\/p>\n\n\n\n<p>Mas, um cuidado aqui,<\/p>\n\n\n\n<p>outro acol\u00e1,<\/p>\n\n\n\n<p>tamb\u00e9m trouxe o tempo<\/p>\n\n\n\n<p>para me metamorfosear<\/p>\n\n\n\n<p>e construir um lar.<\/p>\n\n\n\n<p>Cercado de um lindo jardim<\/p>\n\n\n\n<p>com flores, p\u00e1ssaros<\/p>\n\n\n\n<p>e um pequeno riacho.<\/p>\n\n\n\n<p>Nele sonho com<\/p>\n\n\n\n<p>liberdade e cuidados<\/p>\n\n\n\n<p>para mim e para ti,<\/p>\n\n\n\n<p>que vive a cuidar.<\/p>\n\n\n\n<p>Quase nunca a descansar.<\/p>\n\n\n\n<p>Para ouvirmos e ver<\/p>\n\n\n\n<p>o p\u00f4r do sol<\/p>\n\n\n\n<p>o canto dos p\u00e1ssaros<\/p>\n\n\n\n<p>compartilharmos<\/p>\n\n\n\n<p>&nbsp;um bom papo<\/p>\n\n\n\n<p>&nbsp;ir ao cinema<\/p>\n\n\n\n<p>&nbsp;ver um show.<\/p>\n\n\n\n<p>&nbsp;Viajarmos e<\/p>\n\n\n\n<p>&nbsp;fugir da rotina, para<\/p>\n\n\n\n<p>conhecer gente nova<\/p>\n\n\n\n<p>ouvir hist\u00f3rias e,<\/p>\n\n\n\n<p>podermos sonhar muito.<\/p>\n\n\n\n<p>Com uma sociedade<\/p>\n\n\n\n<p>justa, respeitosa e compassiva.<\/p>\n\n\n\n<p>Para que o cuidado<\/p>\n\n\n\n<p>exercido por tantas mulheres,<\/p>\n\n\n\n<p>deixe de ser invis\u00edvel,<\/p>\n\n\n\n<p>para ser remunerado,<\/p>\n\n\n\n<p>com direito<\/p>\n\n\n\n<p>a pausa, descanso<\/p>\n\n\n\n<p>e cuidado,<\/p>\n\n\n\n<p>Assim, recuperar\u00edamos<\/p>\n\n\n\n<p>nossas for\u00e7as,<\/p>\n\n\n\n<p>Exauridas na a\u00e7\u00e3o cuidar.<\/p>\n\n\n\n<p>Ah, esse jardim?<\/p>\n\n\n\n<p>Comecei a constru\u00ed-lo<\/p>\n\n\n\n<p>Desde de 2018,<\/p>\n\n\n\n<p>quando decidi ser escritora.<\/p>\n\n\n\n<p>Tempos depois incentivada<\/p>\n\n\n\n<p>por amigos queridos<\/p>\n\n\n\n<p>fiz um blog,<\/p>\n\n\n\n<p>Sobre nuances do cuidar.<\/p>\n\n\n\n<p>Mas agora, quero voar.<\/p>\n\n\n\n<p>Sou aquela borboleta que<\/p>\n\n\n\n<p>acaba de sair do casulo<\/p>\n\n\n\n<p>e, experimenta as asas.<\/p>\n\n\n\n<p>O destino do meu voo<\/p>\n\n\n\n<p>Bras\u00edlia, na V<\/p>\n\n\n\n<p>Confer\u00eancia Nacional<\/p>\n\n\n\n<p>de Sa\u00fade Mental.<\/p>\n\n\n\n<p>Ao ser cuidadora,<\/p>\n\n\n\n<p>uma viagem de quatro dias<\/p>\n\n\n\n<p>ser\u00e1 uma volta ao mundo,<\/p>\n\n\n\n<p>Aos que n\u00e3o se envolvem,<\/p>\n\n\n\n<p>&nbsp;no ato de cuidar.<\/p>\n\n\n\n<p>Mas vivem a palpitar.<\/p>\n\n\n\n<p>Portanto, \u00e9 preciso<\/p>\n\n\n\n<p>aprender a voar.<\/p>\n","protected":false},"excerpt":{"rendered":"<p>E tantas vezes vivi o ciclo de transforma\u00e7\u00e3o ovo, lagarta, casulo, borboleta. Muitas vezes limitada a apenas cuidar. Com \u00e1rea de voo demarcada supermercado, farm\u00e1cia, posto de combust\u00edvel, Pronto Socorro, consult\u00f3rios e clinicas de fisioterapias. Mas, um cuidado aqui, outro acol\u00e1, tamb\u00e9m trouxe o tempo para me metamorfosear e construir um lar. Cercado de um &hellip;<\/p>\n<p class=\"read-more\"> <a class=\"\" href=\"https:\/\/quemcuidadocuidador.com.br\/index.php\/2023\/11\/25\/cuidadora-borboleta\/\"> <span class=\"screen-reader-text\">Cuidadora borboleta<\/span> Leia mais &raquo;<\/a><\/p>\n","protected":false},"author":2,"featured_media":671,"comment_status":"open","ping_status":"open","sticky":false,"template":"","format":"standard","meta":{"om_disable_all_campaigns":false,"_monsterinsights_skip_tracking":false,"_monsterinsights_sitenote_active":false,"_monsterinsights_sitenote_note":"","_monsterinsights_sitenote_category":0,"site-sidebar-layout":"","site-content-layout":"","ast-main-header-display":"","ast-hfb-above-header-display":"","ast-hfb-below-header-display":"","ast-hfb-mobile-header-display":"","site-post-title":"","ast-breadcrumbs-content":"","ast-featured-img":"","footer-sml-layout":"","theme-transparent-header-meta":"","adv-header-id-meta":"","stick-header-meta":"","header-above-stick-meta":"","header-main-stick-meta":"","header-below-stick-meta":""},"categories":[5],"tags":[],"uagb_featured_image_src":{"full":["https:\/\/quemcuidadocuidador.com.br\/wp-content\/uploads\/2023\/11\/WhatsApp-Image-2023-11-25-at-04.50.49.jpeg",1433,1347,false],"thumbnail":["https:\/\/quemcuidadocuidador.com.br\/wp-content\/uploads\/2023\/11\/WhatsApp-Image-2023-11-25-at-04.50.49-150x150.jpeg",150,150,true],"medium":["https:\/\/quemcuidadocuidador.com.br\/wp-content\/uploads\/2023\/11\/WhatsApp-Image-2023-11-25-at-04.50.49-300x282.jpeg",300,282,true],"medium_large":["https:\/\/quemcuidadocuidador.com.br\/wp-content\/uploads\/2023\/11\/WhatsApp-Image-2023-11-25-at-04.50.49-768x722.jpeg",768,722,true],"large":["https:\/\/quemcuidadocuidador.com.br\/wp-content\/uploads\/2023\/11\/WhatsApp-Image-2023-11-25-at-04.50.49-1024x963.jpeg",1024,963,true],"1536x1536":["https:\/\/quemcuidadocuidador.com.br\/wp-content\/uploads\/2023\/11\/WhatsApp-Image-2023-11-25-at-04.50.49.jpeg",1433,1347,false],"2048x2048":["https:\/\/quemcuidadocuidador.com.br\/wp-content\/uploads\/2023\/11\/WhatsApp-Image-2023-11-25-at-04.50.49.jpeg",1433,1347,false]},"uagb_author_info":{"display_name":"Cicera A Feitosa","author_link":"https:\/\/quemcuidadocuidador.com.br\/index.php\/author\/cicera\/"},"uagb_comment_info":6,"uagb_excerpt":"E tantas vezes vivi o ciclo de transforma\u00e7\u00e3o ovo, lagarta, casulo, borboleta. Muitas vezes limitada a apenas cuidar. Com \u00e1rea de voo demarcada supermercado, farm\u00e1cia, posto de combust\u00edvel, Pronto Socorro, consult\u00f3rios e clinicas de fisioterapias. Mas, um cuidado aqui, outro acol\u00e1, tamb\u00e9m trouxe o tempo para me metamorfosear e construir um lar. Cercado de um&hellip;","_links":{"self":[{"href":"https:\/\/quemcuidadocuidador.com.br\/index.php\/wp-json\/wp\/v2\/posts\/670"}],"collection":[{"href":"https:\/\/quemcuidadocuidador.com.br\/index.php\/wp-json\/wp\/v2\/posts"}],"about":[{"href":"https:\/\/quemcuidadocuidador.com.br\/index.php\/wp-json\/wp\/v2\/types\/post"}],"author":[{"embeddable":true,"href":"https:\/\/quemcuidadocuidador.com.br\/index.php\/wp-json\/wp\/v2\/users\/2"}],"replies":[{"embeddable":true,"href":"https:\/\/quemcuidadocuidador.com.br\/index.php\/wp-json\/wp\/v2\/comments?post=670"}],"version-history":[{"count":1,"href":"https:\/\/quemcuidadocuidador.com.br\/index.php\/wp-json\/wp\/v2\/posts\/670\/revisions"}],"predecessor-version":[{"id":672,"href":"https:\/\/quemcuidadocuidador.com.br\/index.php\/wp-json\/wp\/v2\/posts\/670\/revisions\/672"}],"wp:featuredmedia":[{"embeddable":true,"href":"https:\/\/quemcuidadocuidador.com.br\/index.php\/wp-json\/wp\/v2\/media\/671"}],"wp:attachment":[{"href":"https:\/\/quemcuidadocuidador.com.br\/index.php\/wp-json\/wp\/v2\/media?parent=670"}],"wp:term":[{"taxonomy":"category","embeddable":true,"href":"https:\/\/quemcuidadocuidador.com.br\/index.php\/wp-json\/wp\/v2\/categories?post=670"},{"taxonomy":"post_tag","embeddable":true,"href":"https:\/\/quemcuidadocuidador.com.br\/index.php\/wp-json\/wp\/v2\/tags?post=670"}],"curies":[{"name":"wp","href":"https:\/\/api.w.org\/{rel}","templated":true}]}}