{"id":661,"date":"2023-11-11T05:47:46","date_gmt":"2023-11-11T09:47:46","guid":{"rendered":"https:\/\/quemcuidadocuidador.com.br\/?p=661"},"modified":"2023-11-11T05:47:47","modified_gmt":"2023-11-11T09:47:47","slug":"cuide-de-voce-para-cuidar-bem-do-outro","status":"publish","type":"post","link":"https:\/\/quemcuidadocuidador.com.br\/index.php\/2023\/11\/11\/cuide-de-voce-para-cuidar-bem-do-outro\/","title":{"rendered":"Cuide de voc\u00ea, para cuidar bem do outro."},"content":{"rendered":"\n<p>Saber que a atividade de cuidar \u00e9 desafiadora e gratificante, todos sabemos. Ela tamb\u00e9m exige respeito e amor, para cuidarmos com compaix\u00e3o do outro. Al\u00e9m disso, precisamos zelar da individualidade e a privacidade da pessoa cuidada.<\/p>\n\n\n\n<p>Mas mesmo quando estamos a cuidar de um ente querido, momentos h\u00e1 que nos cansamos e tamb\u00e9m nos estressamos. Sem contar aquelas situa\u00e7\u00f5es que os conhecimentos e recursos que temos j\u00e1 n\u00e3o s\u00e3o suficientes, para atender todas as demandas que surgem.<\/p>\n\n\n\n<p>Diante de circunst\u00e2ncias assim, precisamos aprender a pedir socorro.<\/p>\n\n\n\n<p>Duas, tr\u00eas noites mal dormidas, fica dif\u00edcil ter concentra\u00e7\u00e3o no tr\u00e2nsito.<\/p>\n\n\n\n<p>O cansa\u00e7o te prega pe\u00e7as, pois voc\u00ea passa a esquecer os compromissos.&nbsp; Voc\u00ea se joga no sof\u00e1, at\u00e9 tem vontade de ver um filme na Netflix, mas n\u00e3o tem animo para levantar e procurar o controle. A sua lombar a cada movimento parece trincar.<\/p>\n\n\n\n<p>Ent\u00e3o como ter\u00e1 disposi\u00e7\u00e3o para fazer atividade f\u00edsica?<\/p>\n\n\n\n<p>Meu conselho: n\u00e3o deixe chegar a uma situa\u00e7\u00e3o extrema. Pe\u00e7a ajuda para:<\/p>\n\n\n\n<p>&nbsp;FAMILIARES, d\u00edvida as tarefas de casa, pois \u00e9 imposs\u00edvel voc\u00ea sozinho dar conta de tudo.<\/p>\n\n\n\n<p>&nbsp;Principalmente quando a pessoa cuidada j\u00e1 n\u00e3o \u00e9 mais capaz de realizar nenhuma atividade sozinha.<\/p>\n\n\n\n<p>&nbsp;AMIGOS, um dedo de prosa ajuda, uma hora de cuidados para voc\u00ea ter uma pausa, uma casa varrida, uma roupa recolhida e dobrada.&nbsp; Um almo\u00e7o ent\u00e3o, chega a ser quase uma festa.<\/p>\n\n\n\n<p>COMUNIDADE, tenho necessidade de acreditar que todas as comunidades pensam em a\u00e7\u00f5es que possam acolher e dar aten\u00e7\u00e3o aos seus idosos, que fazem parte da mem\u00f3ria do lugar.<\/p>\n\n\n\n<p>&nbsp;INSTITUI\u00c7\u00d5ES DE SA\u00daDE. Pois parte dos cuidados que um idoso precisa, necessita de orienta\u00e7\u00e3o adequada. Aprendi recentemente, com uma amiga enfermeira o jeito certo de movimentar uma cadeira de rodas.<\/p>\n\n\n\n<p>&nbsp;AOS PODERES P\u00daBLICOS, que ainda n\u00e3o perceberam o n\u00famero crescente de pessoas a envelhecerem, criar pol\u00edticas p\u00fablicas para que o idoso tenha sa\u00fade de qualidade, fisioterapias para garantir maior autonomia e direito a cultura e lazer.<\/p>\n\n\n\n<p>Na oportunidade solicito um curso para a Secretaria de Sa\u00fade sobre quais os procedimentos corretos para movimentar uma pessoa acamada, dar banho e a forma correta de fazer curativos. Tenho certeza que facilitaria muito a vida de quem \u00e9 cuidador e nunca teve nenhum treinamento para exercer esta fun\u00e7\u00e3o.<\/p>\n\n\n\n<p>Ou quem sabe um disque socorro que a gente pudesse ligar e a pessoa do outro lado nos orientar.<\/p>\n\n\n\n<p>Fica a dica.<\/p>\n\n\n\n<p>E, lembre-se sempre. Voc\u00ea, que cuida precisa e necessita dos mesmos cuidados, que a pessoa cuidada recebe. Mas ningu\u00e9m ir\u00e1 oferta-los. Construa-os.<\/p>\n\n\n\n<p>Para voc\u00ea ser um cuidador eficaz e compassivo, precisa cuidar de si mesmo. Cuidando da alimenta\u00e7\u00e3o, fazendo exerc\u00edcios f\u00edsicos e tendo momentos para relaxar.<\/p>\n\n\n\n<p>Aprenda a pedir ajuda, quando precisar e jamais esque\u00e7a que o ato de cuidar \u00e9 importante e muito valioso.<\/p>\n\n\n\n<p>E, no final, sua consci\u00eancia tranquila por ter feito tudo que podia, tem um valor incalcul\u00e1vel.<\/p>\n","protected":false},"excerpt":{"rendered":"<p>Saber que a atividade de cuidar \u00e9 desafiadora e gratificante, todos sabemos. Ela tamb\u00e9m exige respeito e amor, para cuidarmos com compaix\u00e3o do outro. Al\u00e9m disso, precisamos zelar da individualidade e a privacidade da pessoa cuidada. Mas mesmo quando estamos a cuidar de um ente querido, momentos h\u00e1 que nos cansamos e tamb\u00e9m nos estressamos. &hellip;<\/p>\n<p class=\"read-more\"> <a class=\"\" href=\"https:\/\/quemcuidadocuidador.com.br\/index.php\/2023\/11\/11\/cuide-de-voce-para-cuidar-bem-do-outro\/\"> <span class=\"screen-reader-text\">Cuide de voc\u00ea, para cuidar bem do outro.<\/span> Leia mais &raquo;<\/a><\/p>\n","protected":false},"author":2,"featured_media":662,"comment_status":"open","ping_status":"open","sticky":false,"template":"","format":"standard","meta":{"om_disable_all_campaigns":false,"_monsterinsights_skip_tracking":false,"_monsterinsights_sitenote_active":false,"_monsterinsights_sitenote_note":"","_monsterinsights_sitenote_category":0,"site-sidebar-layout":"","site-content-layout":"","ast-main-header-display":"","ast-hfb-above-header-display":"","ast-hfb-below-header-display":"","ast-hfb-mobile-header-display":"","site-post-title":"","ast-breadcrumbs-content":"","ast-featured-img":"","footer-sml-layout":"","theme-transparent-header-meta":"","adv-header-id-meta":"","stick-header-meta":"","header-above-stick-meta":"","header-main-stick-meta":"","header-below-stick-meta":""},"categories":[5],"tags":[],"uagb_featured_image_src":{"full":["https:\/\/quemcuidadocuidador.com.br\/wp-content\/uploads\/2023\/11\/WhatsApp-Image-2023-11-11-at-05.04.08.jpeg",1200,1600,false],"thumbnail":["https:\/\/quemcuidadocuidador.com.br\/wp-content\/uploads\/2023\/11\/WhatsApp-Image-2023-11-11-at-05.04.08-150x150.jpeg",150,150,true],"medium":["https:\/\/quemcuidadocuidador.com.br\/wp-content\/uploads\/2023\/11\/WhatsApp-Image-2023-11-11-at-05.04.08-225x300.jpeg",225,300,true],"medium_large":["https:\/\/quemcuidadocuidador.com.br\/wp-content\/uploads\/2023\/11\/WhatsApp-Image-2023-11-11-at-05.04.08-768x1024.jpeg",768,1024,true],"large":["https:\/\/quemcuidadocuidador.com.br\/wp-content\/uploads\/2023\/11\/WhatsApp-Image-2023-11-11-at-05.04.08-768x1024.jpeg",768,1024,true],"1536x1536":["https:\/\/quemcuidadocuidador.com.br\/wp-content\/uploads\/2023\/11\/WhatsApp-Image-2023-11-11-at-05.04.08-1152x1536.jpeg",1152,1536,true],"2048x2048":["https:\/\/quemcuidadocuidador.com.br\/wp-content\/uploads\/2023\/11\/WhatsApp-Image-2023-11-11-at-05.04.08.jpeg",1200,1600,false]},"uagb_author_info":{"display_name":"Cicera A Feitosa","author_link":"https:\/\/quemcuidadocuidador.com.br\/index.php\/author\/cicera\/"},"uagb_comment_info":2,"uagb_excerpt":"Saber que a atividade de cuidar \u00e9 desafiadora e gratificante, todos sabemos. Ela tamb\u00e9m exige respeito e amor, para cuidarmos com compaix\u00e3o do outro. Al\u00e9m disso, precisamos zelar da individualidade e a privacidade da pessoa cuidada. Mas mesmo quando estamos a cuidar de um ente querido, momentos h\u00e1 que nos cansamos e tamb\u00e9m nos estressamos.&hellip;","_links":{"self":[{"href":"https:\/\/quemcuidadocuidador.com.br\/index.php\/wp-json\/wp\/v2\/posts\/661"}],"collection":[{"href":"https:\/\/quemcuidadocuidador.com.br\/index.php\/wp-json\/wp\/v2\/posts"}],"about":[{"href":"https:\/\/quemcuidadocuidador.com.br\/index.php\/wp-json\/wp\/v2\/types\/post"}],"author":[{"embeddable":true,"href":"https:\/\/quemcuidadocuidador.com.br\/index.php\/wp-json\/wp\/v2\/users\/2"}],"replies":[{"embeddable":true,"href":"https:\/\/quemcuidadocuidador.com.br\/index.php\/wp-json\/wp\/v2\/comments?post=661"}],"version-history":[{"count":1,"href":"https:\/\/quemcuidadocuidador.com.br\/index.php\/wp-json\/wp\/v2\/posts\/661\/revisions"}],"predecessor-version":[{"id":663,"href":"https:\/\/quemcuidadocuidador.com.br\/index.php\/wp-json\/wp\/v2\/posts\/661\/revisions\/663"}],"wp:featuredmedia":[{"embeddable":true,"href":"https:\/\/quemcuidadocuidador.com.br\/index.php\/wp-json\/wp\/v2\/media\/662"}],"wp:attachment":[{"href":"https:\/\/quemcuidadocuidador.com.br\/index.php\/wp-json\/wp\/v2\/media?parent=661"}],"wp:term":[{"taxonomy":"category","embeddable":true,"href":"https:\/\/quemcuidadocuidador.com.br\/index.php\/wp-json\/wp\/v2\/categories?post=661"},{"taxonomy":"post_tag","embeddable":true,"href":"https:\/\/quemcuidadocuidador.com.br\/index.php\/wp-json\/wp\/v2\/tags?post=661"}],"curies":[{"name":"wp","href":"https:\/\/api.w.org\/{rel}","templated":true}]}}