{"id":654,"date":"2023-10-28T06:19:46","date_gmt":"2023-10-28T10:19:46","guid":{"rendered":"https:\/\/quemcuidadocuidador.com.br\/?p=654"},"modified":"2023-10-28T06:19:47","modified_gmt":"2023-10-28T10:19:47","slug":"como-cuidar-quando-a-vida-comeca-a-dissipar-se","status":"publish","type":"post","link":"https:\/\/quemcuidadocuidador.com.br\/index.php\/2023\/10\/28\/como-cuidar-quando-a-vida-comeca-a-dissipar-se\/","title":{"rendered":"Como cuidar, quando a vida come\u00e7a a dissipar-se"},"content":{"rendered":"\n<p>Com aten\u00e7\u00e3o plena, respeito e amor. Pare um minuto e pense, se voc\u00ea estivesse nessas mesmas condi\u00e7\u00f5es, como gostaria de ser tratado(a)?<\/p>\n\n\n\n<p>Ao longo dos anos o cuidar de meu pai teve diferentes fases. Uma das primeiras a\u00e7\u00f5es que ele deixou de fazer foi a barba. De in\u00edcio o levei ao barbeiro do bairro. Mas ele sa\u00eda de l\u00e1 super bravo, porque segundo ele estava malfeita, para acabar com o conflito, passei a fazer sua barba.<\/p>\n\n\n\n<p>Tinha dificuldade para que o bigode ficasse do jeito que ele sempre tinha usado por mais de meio s\u00e9culo de vida. A alternativa foi convenc\u00ea-lo de parar de usar o bigode. Confesso que foi uma longa fase de negocia\u00e7\u00e3o.<\/p>\n\n\n\n<p>Com o passar do tempo suas habilidades de locomo\u00e7\u00e3o tamb\u00e9m diminu\u00edram. At\u00e9 que chegou o momento que ele come\u00e7ou a precisar de ajuda para tomar banho. De in\u00edcio n\u00e3o foi f\u00e1cil.<\/p>\n\n\n\n<p>Mas quando ele esqueceu qual a utilidade do vaso sanit\u00e1rio, foi puxado.<\/p>\n\n\n\n<p>Para ele circular pela casa, \u00e9 preciso segurar sua m\u00e3o. Pois, ele se recusou a usar o andador.<\/p>\n\n\n\n<p>Eu, enquanto filha, recusei a possibilidade de lhe ofertar uma bengala, pois caso tivesse uma, todos n\u00f3s que convivemos com ele levar\u00edamos bengaladas. E, meu pai tem uma for\u00e7a, que \u00e9 desproporcional, ao seu corpo fragilizado.<\/p>\n\n\n\n<p>No in\u00edcio do ano ele teve uma fase bem debilitada, ent\u00e3o providenciamos cadeira de banho e cadeira de rodas.<\/p>\n\n\n\n<p>A cadeira de rodas ele se recusou a usar.&nbsp; A de banho percebi que se caso ele usasse, ficaria com as m\u00e3os livres e assim poder\u00edamos levar alguns tapas. Ent\u00e3o enquanto ele deu conta de permanecer de p\u00e9 segurando na barra.&nbsp; Essa foi a melhor forma para o banho acontecer.<\/p>\n\n\n\n<p>Entretanto a semana passada, esse quadro mudou. A distancia do quarto a sala, tornou-se intranspon\u00edvel sem a cadeira de rodas. E o uso da cadeira de banho tornou-se necess\u00e1rio. Na hora de sentar ou sair da cadeira \u00e9 bem dif\u00edcil. Pois ele sempre acha que vai cair.<\/p>\n\n\n\n<p>Quanto mais uma pessoa fica debilitada, mais os cuidados se intensificam. E nesse momento em que o calor est\u00e1 intenso aqui em Mato Grosso, a aten\u00e7\u00e3o precisa ser redobrada para que o idoso tome \u00e1gua o suficiente para ficar com o corpo hidratado, pois em geral eles n\u00e3o gostam de tomar \u00e1gua e passam a ter dificuldade de engolir.<\/p>\n\n\n\n<p>Nesses \u00faltimos dias, meu pai recusou todos os alimentos s\u00f3lidos, est\u00e1 apenas no liquido. At\u00e9 o mingau de aveia que era algo da sua rotina matinal, ele n\u00e3o quer mais.<\/p>\n\n\n\n<p>Por\u00e9m a experi\u00eancia mais impactante de todas foi o momento em que ele n\u00e3o conseguia mais pegar o copo com \u00e1gua e lev\u00e1-lo a boca.<\/p>\n\n\n\n<p>Eis a presen\u00e7a da finitude da vida em pequenos gestos.<\/p>\n\n\n\n<p>E de repente, trinta, vinte, dez cent\u00edmetros, ele j\u00e1 n\u00e3o \u00e9 mais capaz de vencer.<\/p>\n\n\n\n<p>Ao ver a vida se dissipar lentamente do corpo, de meu pai, compreendo que a finitude da vida pode chegar de forma tranquila e harmoniosa. \u00c9 reconfortante.<\/p>\n\n\n\n<p>Portanto, se voc\u00ea ainda consegue andar, realiza sua higiene pessoal e consegue pegar o alimento na quantidade que quiser e lev\u00e1-lo a boca, est\u00e1 proibido(a) de reclamar.<\/p>\n\n\n\n<p>Celebre a vida, com tudo o que \u00e9 poss\u00edvel realizar. Viva intensamente cada minuto!<\/p>\n","protected":false},"excerpt":{"rendered":"<p>Com aten\u00e7\u00e3o plena, respeito e amor. Pare um minuto e pense, se voc\u00ea estivesse nessas mesmas condi\u00e7\u00f5es, como gostaria de ser tratado(a)? Ao longo dos anos o cuidar de meu pai teve diferentes fases. Uma das primeiras a\u00e7\u00f5es que ele deixou de fazer foi a barba. De in\u00edcio o levei ao barbeiro do bairro. Mas &hellip;<\/p>\n<p class=\"read-more\"> <a class=\"\" href=\"https:\/\/quemcuidadocuidador.com.br\/index.php\/2023\/10\/28\/como-cuidar-quando-a-vida-comeca-a-dissipar-se\/\"> <span class=\"screen-reader-text\">Como cuidar, quando a vida come\u00e7a a dissipar-se<\/span> Leia mais &raquo;<\/a><\/p>\n","protected":false},"author":2,"featured_media":655,"comment_status":"open","ping_status":"open","sticky":false,"template":"","format":"standard","meta":{"om_disable_all_campaigns":false,"_monsterinsights_skip_tracking":false,"_monsterinsights_sitenote_active":false,"_monsterinsights_sitenote_note":"","_monsterinsights_sitenote_category":0,"site-sidebar-layout":"","site-content-layout":"","ast-main-header-display":"","ast-hfb-above-header-display":"","ast-hfb-below-header-display":"","ast-hfb-mobile-header-display":"","site-post-title":"","ast-breadcrumbs-content":"","ast-featured-img":"","footer-sml-layout":"","theme-transparent-header-meta":"","adv-header-id-meta":"","stick-header-meta":"","header-above-stick-meta":"","header-main-stick-meta":"","header-below-stick-meta":""},"categories":[5],"tags":[],"uagb_featured_image_src":{"full":["https:\/\/quemcuidadocuidador.com.br\/wp-content\/uploads\/2023\/10\/WhatsApp-Image-2023-10-28-at-05.24.27.jpeg",1063,1417,false],"thumbnail":["https:\/\/quemcuidadocuidador.com.br\/wp-content\/uploads\/2023\/10\/WhatsApp-Image-2023-10-28-at-05.24.27-150x150.jpeg",150,150,true],"medium":["https:\/\/quemcuidadocuidador.com.br\/wp-content\/uploads\/2023\/10\/WhatsApp-Image-2023-10-28-at-05.24.27-225x300.jpeg",225,300,true],"medium_large":["https:\/\/quemcuidadocuidador.com.br\/wp-content\/uploads\/2023\/10\/WhatsApp-Image-2023-10-28-at-05.24.27-768x1024.jpeg",768,1024,true],"large":["https:\/\/quemcuidadocuidador.com.br\/wp-content\/uploads\/2023\/10\/WhatsApp-Image-2023-10-28-at-05.24.27-768x1024.jpeg",768,1024,true],"1536x1536":["https:\/\/quemcuidadocuidador.com.br\/wp-content\/uploads\/2023\/10\/WhatsApp-Image-2023-10-28-at-05.24.27.jpeg",1063,1417,false],"2048x2048":["https:\/\/quemcuidadocuidador.com.br\/wp-content\/uploads\/2023\/10\/WhatsApp-Image-2023-10-28-at-05.24.27.jpeg",1063,1417,false]},"uagb_author_info":{"display_name":"Cicera A Feitosa","author_link":"https:\/\/quemcuidadocuidador.com.br\/index.php\/author\/cicera\/"},"uagb_comment_info":4,"uagb_excerpt":"Com aten\u00e7\u00e3o plena, respeito e amor. Pare um minuto e pense, se voc\u00ea estivesse nessas mesmas condi\u00e7\u00f5es, como gostaria de ser tratado(a)? Ao longo dos anos o cuidar de meu pai teve diferentes fases. Uma das primeiras a\u00e7\u00f5es que ele deixou de fazer foi a barba. De in\u00edcio o levei ao barbeiro do bairro. Mas&hellip;","_links":{"self":[{"href":"https:\/\/quemcuidadocuidador.com.br\/index.php\/wp-json\/wp\/v2\/posts\/654"}],"collection":[{"href":"https:\/\/quemcuidadocuidador.com.br\/index.php\/wp-json\/wp\/v2\/posts"}],"about":[{"href":"https:\/\/quemcuidadocuidador.com.br\/index.php\/wp-json\/wp\/v2\/types\/post"}],"author":[{"embeddable":true,"href":"https:\/\/quemcuidadocuidador.com.br\/index.php\/wp-json\/wp\/v2\/users\/2"}],"replies":[{"embeddable":true,"href":"https:\/\/quemcuidadocuidador.com.br\/index.php\/wp-json\/wp\/v2\/comments?post=654"}],"version-history":[{"count":1,"href":"https:\/\/quemcuidadocuidador.com.br\/index.php\/wp-json\/wp\/v2\/posts\/654\/revisions"}],"predecessor-version":[{"id":656,"href":"https:\/\/quemcuidadocuidador.com.br\/index.php\/wp-json\/wp\/v2\/posts\/654\/revisions\/656"}],"wp:featuredmedia":[{"embeddable":true,"href":"https:\/\/quemcuidadocuidador.com.br\/index.php\/wp-json\/wp\/v2\/media\/655"}],"wp:attachment":[{"href":"https:\/\/quemcuidadocuidador.com.br\/index.php\/wp-json\/wp\/v2\/media?parent=654"}],"wp:term":[{"taxonomy":"category","embeddable":true,"href":"https:\/\/quemcuidadocuidador.com.br\/index.php\/wp-json\/wp\/v2\/categories?post=654"},{"taxonomy":"post_tag","embeddable":true,"href":"https:\/\/quemcuidadocuidador.com.br\/index.php\/wp-json\/wp\/v2\/tags?post=654"}],"curies":[{"name":"wp","href":"https:\/\/api.w.org\/{rel}","templated":true}]}}