{"id":646,"date":"2023-10-14T06:57:25","date_gmt":"2023-10-14T10:57:25","guid":{"rendered":"https:\/\/quemcuidadocuidador.com.br\/?p=646"},"modified":"2023-10-14T06:57:26","modified_gmt":"2023-10-14T10:57:26","slug":"o-que-toca-seu-coracao","status":"publish","type":"post","link":"https:\/\/quemcuidadocuidador.com.br\/index.php\/2023\/10\/14\/o-que-toca-seu-coracao\/","title":{"rendered":"O que toca seu cora\u00e7\u00e3o?"},"content":{"rendered":"\n<p>H\u00e1 muitas coisas que tocam meu cora\u00e7\u00e3o e no passeio de barco deste ano, a Renata disse \u201co que toca meu cora\u00e7\u00e3o: crian\u00e7a, m\u00fasica e cachorro\u201d.<\/p>\n\n\n\n<p>Uma das coisas que observei foi a alegria de todos ao se reencontrarem.&nbsp; A gentileza estava no ar. Luiza n\u00e3o conseguia passar o batom e M\u00e1rcia num ato de gentileza se ofereceu para faz\u00ea-lo.<\/p>\n\n\n\n<p>A idade da galera do passeio \u00e9 variada. Algumas mulheres precisam de ajuda e sempre tem algu\u00e9m dispon\u00edvel para colaborar, ajudar e cuidar.<\/p>\n\n\n\n<p>Sabe aquele ditado que gentileza gera gentileza? Mais que isso! \u00c9 contagiante. E quando todos passam a agir de forma gentil, a energia do ambiente fica leve e acolhedora. Temos mais sorrisos, a felicidade se instala e, mesmo ao compartilhar uma hist\u00f3ria triste, o que fica \u00e9 o aprendizado.<\/p>\n\n\n\n<p>Um grupo de mulheres reunidas ser\u00e1 sempre acolhedor e a versatilidade do nosso grupo \u00e9 incr\u00edvel, s\u00e3o diferentes faixas et\u00e1rias reunidas. E a possibilidade de troca de experi\u00eancias e hist\u00f3rias, como sempre, t\u00eam o efeito curativo. N\u00f3s podemos aprender com a hist\u00f3ria do outro.<\/p>\n\n\n\n<p>Ao escutar, aprendemos e nossa vida pode ficar mais leve. Pois, momentos h\u00e1 em que achamos que a situa\u00e7\u00e3o que estamos vivendo parece ser a pior do mundo. Mas quando ouvimos outras hist\u00f3rias aprendemos maneiras diferentes de lidar com os problemas \u00e0 nossa volta.<\/p>\n\n\n\n<p>Algo bom do grupo \u00e9 que as mulheres mais experientes, ao recuperarem suas mem\u00f3rias da inf\u00e2ncia, est\u00e3o repletas de lembran\u00e7as do rio Paraguai, como caminho para chegar as fazendas da fam\u00edlia em viagens que podia durar mais de um dia.<\/p>\n\n\n\n<p>Por coincid\u00eancia, dia 08 de outubro de 2023, tamb\u00e9m foi o dia escolhido para fazer a limpeza no rio. Triste observar nos barcos que passavam geladeiras e fog\u00f5es velhos.<\/p>\n\n\n\n<p>O cuidar do rio Paraguai inclui que os legisladores do mun\u00edcipio resolvam o problema de esgoto e que cada mun\u00edcipe e visitante que passem por ele, n\u00e3o joguem seus lixos em suas margens. Pois quando chove as enxurradas levam tudo para o leito do rio.<\/p>\n\n\n\n<p>Para nossas riquezas naturais serem preservadas, tamb\u00e9m \u00e9 necess\u00e1rio nosso cuidado constante.<\/p>\n\n\n\n<p>O cuidar \u00e9 essencial para a nossa sobreviv\u00eancia, pois quando tudo funciona em harmonia, n\u00f3s tamb\u00e9m nos harmonizamos. E quando estamos em conflito, precisamos parar e ouvir nosso cora\u00e7\u00e3o. \u00c0s vezes necessitamos da companhia do outro, para nos sentirmos mais fortes.<\/p>\n\n\n\n<p>Nosso passeio de barco tem o poder de nos aproximar, de reunir talentos diferentes, de vivenciarmos um dia de muita alegria e sonhos. Ao ponto de quem saiu de casa triste e desanimada, voltar contente. Como disse Air no final do passeio, \u201cestou feliz e revigorada\u201d.<\/p>\n\n\n\n<p>S\u00e3o rodas de hist\u00f3rias curativas, pois as hist\u00f3rias contadas l\u00e1, de forma misteriosa, s\u00e3o levadas pelas \u00e1guas, ficando o ensinamento e a alegria da partilha.<\/p>\n\n\n\n<p>A pergunta \u00e9: como se inspirar nas ideias surgidas l\u00e1 e faz\u00ea-las germinar no nosso dia a dia. Como continuar nos encontrando mais vezes, como manter nossas rodas de conversas de mulheres, frequentes?<\/p>\n\n\n\n<p>Nossos passeios criam uma realidade que toca nossos cora\u00e7\u00f5es. A pessoa que organiza tudo isso, e todas n\u00f3s somos gratas por sua habilidade de agregar a todos, \u00e9 a nossa Dequinha &#8211; Maria de Lourdes Costa Marques. Mulher competente, alegre e gentil.<\/p>\n\n\n\n<p>Nossa tarefa agora \u00e9 elencar tr\u00eas coisas que tocam nosso cora\u00e7\u00e3o. Por\u00e9m a pergunta que deixo para voc\u00ea \u00e9:<\/p>\n\n\n\n<p>Quantas horas da semana voc\u00ea deixa livre fazer as coisas que tocam seu cora\u00e7\u00e3o?!<\/p>\n\n\n\n<p>Tem um espa\u00e7o para voc\u00ea na sua agenda?<\/p>\n\n\n\n<p>E para a sociedade, qual o seu legado?!<\/p>\n\n\n\n<p>Maridalva, Cicera, Marcia, Carol, Mara, Jandira, Eveli, Vanilda, Fl\u00e1via, Samira, Enny, Neuza, Maises, Christiane, Roni, Marilda, Madalena, Ana Tereza, Rosa Maria, Luiza, Nilde, Renata, Maria Eduarda, Marta, Terezinha, Air, Claudia, Lourdes Costa Marques e Maria Auxiliadora.<\/p>\n","protected":false},"excerpt":{"rendered":"<p>H\u00e1 muitas coisas que tocam meu cora\u00e7\u00e3o e no passeio de barco deste ano, a Renata disse \u201co que toca meu cora\u00e7\u00e3o: crian\u00e7a, m\u00fasica e cachorro\u201d. Uma das coisas que observei foi a alegria de todos ao se reencontrarem.&nbsp; A gentileza estava no ar. Luiza n\u00e3o conseguia passar o batom e M\u00e1rcia num ato de &hellip;<\/p>\n<p class=\"read-more\"> <a class=\"\" href=\"https:\/\/quemcuidadocuidador.com.br\/index.php\/2023\/10\/14\/o-que-toca-seu-coracao\/\"> <span class=\"screen-reader-text\">O que toca seu cora\u00e7\u00e3o?<\/span> Leia mais &raquo;<\/a><\/p>\n","protected":false},"author":2,"featured_media":647,"comment_status":"open","ping_status":"open","sticky":false,"template":"","format":"standard","meta":{"om_disable_all_campaigns":false,"_monsterinsights_skip_tracking":false,"_monsterinsights_sitenote_active":false,"_monsterinsights_sitenote_note":"","_monsterinsights_sitenote_category":0,"site-sidebar-layout":"","site-content-layout":"","ast-main-header-display":"","ast-hfb-above-header-display":"","ast-hfb-below-header-display":"","ast-hfb-mobile-header-display":"","site-post-title":"","ast-breadcrumbs-content":"","ast-featured-img":"","footer-sml-layout":"","theme-transparent-header-meta":"","adv-header-id-meta":"","stick-header-meta":"","header-above-stick-meta":"","header-main-stick-meta":"","header-below-stick-meta":""},"categories":[5],"tags":[],"uagb_featured_image_src":{"full":["https:\/\/quemcuidadocuidador.com.br\/wp-content\/uploads\/2023\/10\/WhatsApp-Image-2023-10-14-at-06.27.14.jpeg",1280,960,false],"thumbnail":["https:\/\/quemcuidadocuidador.com.br\/wp-content\/uploads\/2023\/10\/WhatsApp-Image-2023-10-14-at-06.27.14-150x150.jpeg",150,150,true],"medium":["https:\/\/quemcuidadocuidador.com.br\/wp-content\/uploads\/2023\/10\/WhatsApp-Image-2023-10-14-at-06.27.14-300x225.jpeg",300,225,true],"medium_large":["https:\/\/quemcuidadocuidador.com.br\/wp-content\/uploads\/2023\/10\/WhatsApp-Image-2023-10-14-at-06.27.14-768x576.jpeg",768,576,true],"large":["https:\/\/quemcuidadocuidador.com.br\/wp-content\/uploads\/2023\/10\/WhatsApp-Image-2023-10-14-at-06.27.14-1024x768.jpeg",1024,768,true],"1536x1536":["https:\/\/quemcuidadocuidador.com.br\/wp-content\/uploads\/2023\/10\/WhatsApp-Image-2023-10-14-at-06.27.14.jpeg",1280,960,false],"2048x2048":["https:\/\/quemcuidadocuidador.com.br\/wp-content\/uploads\/2023\/10\/WhatsApp-Image-2023-10-14-at-06.27.14.jpeg",1280,960,false]},"uagb_author_info":{"display_name":"Cicera A Feitosa","author_link":"https:\/\/quemcuidadocuidador.com.br\/index.php\/author\/cicera\/"},"uagb_comment_info":3,"uagb_excerpt":"H\u00e1 muitas coisas que tocam meu cora\u00e7\u00e3o e no passeio de barco deste ano, a Renata disse \u201co que toca meu cora\u00e7\u00e3o: crian\u00e7a, m\u00fasica e cachorro\u201d. Uma das coisas que observei foi a alegria de todos ao se reencontrarem.&nbsp; A gentileza estava no ar. Luiza n\u00e3o conseguia passar o batom e M\u00e1rcia num ato de&hellip;","_links":{"self":[{"href":"https:\/\/quemcuidadocuidador.com.br\/index.php\/wp-json\/wp\/v2\/posts\/646"}],"collection":[{"href":"https:\/\/quemcuidadocuidador.com.br\/index.php\/wp-json\/wp\/v2\/posts"}],"about":[{"href":"https:\/\/quemcuidadocuidador.com.br\/index.php\/wp-json\/wp\/v2\/types\/post"}],"author":[{"embeddable":true,"href":"https:\/\/quemcuidadocuidador.com.br\/index.php\/wp-json\/wp\/v2\/users\/2"}],"replies":[{"embeddable":true,"href":"https:\/\/quemcuidadocuidador.com.br\/index.php\/wp-json\/wp\/v2\/comments?post=646"}],"version-history":[{"count":1,"href":"https:\/\/quemcuidadocuidador.com.br\/index.php\/wp-json\/wp\/v2\/posts\/646\/revisions"}],"predecessor-version":[{"id":648,"href":"https:\/\/quemcuidadocuidador.com.br\/index.php\/wp-json\/wp\/v2\/posts\/646\/revisions\/648"}],"wp:featuredmedia":[{"embeddable":true,"href":"https:\/\/quemcuidadocuidador.com.br\/index.php\/wp-json\/wp\/v2\/media\/647"}],"wp:attachment":[{"href":"https:\/\/quemcuidadocuidador.com.br\/index.php\/wp-json\/wp\/v2\/media?parent=646"}],"wp:term":[{"taxonomy":"category","embeddable":true,"href":"https:\/\/quemcuidadocuidador.com.br\/index.php\/wp-json\/wp\/v2\/categories?post=646"},{"taxonomy":"post_tag","embeddable":true,"href":"https:\/\/quemcuidadocuidador.com.br\/index.php\/wp-json\/wp\/v2\/tags?post=646"}],"curies":[{"name":"wp","href":"https:\/\/api.w.org\/{rel}","templated":true}]}}